{"id":210432,"date":"2025-08-29T20:22:24","date_gmt":"2025-08-30T00:22:24","guid":{"rendered":"https:\/\/www.elsinodaldetamaulipas.com.mx\/?p=210432"},"modified":"2025-08-29T20:22:24","modified_gmt":"2025-08-30T00:22:24","slug":"lo-dicho-el-leon-no-es-como-lo-pintan","status":"publish","type":"post","link":"https:\/\/www.elsinodaldetamaulipas.com.mx\/?p=210432","title":{"rendered":"LO DICHO, EL LE\u00d3N NO ES COMO LO PINTAN"},"content":{"rendered":"<p>Desde el punto de vista pol\u00edtico, cuando una agresi\u00f3n pasa de lo verbal a lo f\u00edsico, representa p\u00e9rdida del control emocional, e incapacidad para construir acuerdos y resolver conflictos pac\u00edficamente. La vieja m\u00e1xima priista es que, en la arena pol\u00edtica no hay enemigos, s\u00f3lo adversarios a los que hay que vencer. En el caso de los sucesos que escenificaron los senadores de la Rep\u00fablica, Alito Moreno C\u00e1rdenas y Gerardo Fern\u00e1ndez Noro\u00f1a, en uno y otro personaje hubo un descontrol de la ira, escenificaron un espect\u00e1culo que si bien, fue disfrutado por el respetable p\u00fablico mexicano, no deja de ser un acto bochornoso que alcanz\u00f3 niveles espectaculares en el extranjero.<\/p>\n<p>En esta historia Alito seguramente se va a llevar la peor parte, ya sea en los tribunales, y en la sanci\u00f3n que pueda imponerle el Senado, que exageradamente Morena intenta desde ahora castigar con el desafuero. Eso es lo que trascendi\u00f3 casi de inmediato, pero si Noro\u00f1a y asesores tienen dos dedos de frente, sabr\u00e1n que desafuero o cualquier otra sanci\u00f3n, si es extremadamente severa, convertir\u00e1 a los morenistas en verdugos y a Alejandro C\u00e1rdenas en v\u00edctima.<\/p>\n<p>En pocas palabras es p\u00e9sima idea, abusar del poder que hoy tienen como fuerza pol\u00edtica. No s\u00f3lo habla de la incapacidad para tejer acuerdos razonados, sino confirma que transitan con celeridad a un absolutismo similar al de Venezuela y Cuba.<\/p>\n<p>Retomando el cap\u00edtulo del enfrentamiento, el video muestra que Alito inici\u00f3 la agresi\u00f3n con un empuj\u00f3n, Noro\u00f1a respondi\u00f3 con un gesto brabuc\u00f3n, de esos que dicen, \u201caqu\u00ed estoy para lo que quieras\u201d, con ello denot\u00f3 ser \u201centr\u00f3n\u201d, actitud que sostuvo muy poco, no sabemos si fue por prudencia, o porque sus 65 a\u00f1os de edad y la corpulencia del cincuent\u00f3n priista, lo fren\u00f3. Como quiera que sea, desdibuj\u00f3 al l\u00edder de izquierda que durante d\u00e9cadas enfrent\u00f3 con valent\u00eda a sus oponentes.<\/p>\n<p>Hasta ah\u00ed, la sangre no lleg\u00f3 al r\u00edo, pero el pleito en este momento no es entre Noro\u00f1a y Alito, sino entre dos corrientes pol\u00edticas, una de ellas menor, pero que sin duda, obtendr\u00e1 un crecimiento a partir de este evento cuando todo M\u00e9xico tiene en sus celulares la gresca que protagonizaron los dos senadores, y que es tema de pl\u00e1tica en todos los c\u00edrculos sociales, laborales, universitarios, incluso hasta en los mercados, caf\u00e9s y diversos centros de reuni\u00f3n.<\/p>\n<p>Para cerrar el tema, hay que mencionar que los hechos (agresiones) de esta historia, superaron a las razones que originaron el desencuentro. Las redes sociales han inundado de diferentes videos relativos al desencuentro, pero ninguno explica por qu\u00e9 se origin\u00f3 el conflicto.<\/p>\n<p>La circunstancia es que, durante la sesi\u00f3n de la C\u00e1mara de Diputados, Alejandro Moreno estuvo pidiendo la palabra repetidas veces, y Noro\u00f1a nunca se la dio, lo ignor\u00f3 por completo, simplemente dio por terminada la sesi\u00f3n, inmediatamente inici\u00f3 el Himno Nacional, por eso cuando este concluy\u00f3, Alito se dirigi\u00f3 a Noro\u00f1a para reclamarle, y el priista no lleg\u00f3 solo, lo rodearon sus compa\u00f1eros de partido en se\u00f1al de apoyo a lo que todos hab\u00edan observado.<\/p>\n<p>Los senadores Pablo \u00c1ngulo, Rub\u00e9n Moreira, Eruviel Alonso, Manuel A\u00f1orve, Carlos Guti\u00e9rrez Mancilla, entre otros acompa\u00f1aron a Alito cuando se acerc\u00f3 a hablar con Fern\u00e1ndez Noro\u00f1a, una vez concluida la interpretaci\u00f3n del Himno Nacional con lo que se clausur\u00f3 la sesi\u00f3n.<\/p>\n<p>Morena hoy tiene 67 senadores, el PRI 14 y el PAN 21, mencionamos a la corriente azul, porque, aunque la alianza s\u00f3lo fue en el terreno electoral, es obvio que se tejen acuerdos, para unir su presencia minoritaria en un escenario cada vez m\u00e1s adverso para hacer pol\u00edtica.<\/p>\n<p><strong>MARIO DELGADO ESTREGAR\u00c1 EN REYNOSA UN CEBETIS<\/strong>. \u2013\u00a0A prop\u00f3sito de morenistas, este viernes arriba a Reynosa el secretario de Educaci\u00f3n P\u00fablica, Mario Delgado Carrillo, para entregar un CBTis que vendr\u00e1 ampliar la oferta educativa en ese punto geogr\u00e1fico, que tiene un crecimiento acelerado en su n\u00famero de habitantes y por lo tanto, incremento en la demanda escolar de todos los niveles.<\/p>\n<p>Carrillo no es un morenista cualquiera, su paso como dirigente nacional de su partido, y hoy al frente de un sector de gran val\u00eda en las jornadas electorales, lo encuadra como una las piezas pol\u00edticas principales de la corriente guinda.<\/p>\n<p>Bien, pues ah\u00ed estar\u00e1 este viernes. Mario Delgado inaugurando una obra federal que responde a las gestiones del gobernador Am\u00e9rico Villarreal Anaya, para tambi\u00e9n emprender un recorrido por diferentes escuelas de educaci\u00f3n b\u00e1sica. Adem\u00e1s, el secretario, supervisar\u00e1 este d\u00eda la entrega de Libros de Texto Gratuitos, confirmando que todos los estudiantes cuenten con este material en el inicio del ciclo escolar.<\/p>\n","protected":false},"excerpt":{"rendered":"<p>Desde el punto de vista pol\u00edtico, cuando una agresi\u00f3n pasa de lo verbal a lo f\u00edsico, representa p\u00e9rdida del control emocional, e incapacidad para construir acuerdos y resolver conflictos pac\u00edficamente. La vieja m\u00e1xima priista es que, en la arena pol\u00edtica no hay enemigos, s\u00f3lo adversarios a los que hay que vencer. En el caso de [&hellip;]<\/p>\n","protected":false},"author":1,"featured_media":209127,"comment_status":"closed","ping_status":"closed","sticky":false,"template":"","format":"standard","meta":{"footnotes":""},"categories":[16],"tags":[],"class_list":["post-210432","post","type-post","status-publish","format-standard","has-post-thumbnail","hentry","category-opinion"],"_links":{"self":[{"href":"https:\/\/www.elsinodaldetamaulipas.com.mx\/index.php?rest_route=\/wp\/v2\/posts\/210432","targetHints":{"allow":["GET"]}}],"collection":[{"href":"https:\/\/www.elsinodaldetamaulipas.com.mx\/index.php?rest_route=\/wp\/v2\/posts"}],"about":[{"href":"https:\/\/www.elsinodaldetamaulipas.com.mx\/index.php?rest_route=\/wp\/v2\/types\/post"}],"author":[{"embeddable":true,"href":"https:\/\/www.elsinodaldetamaulipas.com.mx\/index.php?rest_route=\/wp\/v2\/users\/1"}],"replies":[{"embeddable":true,"href":"https:\/\/www.elsinodaldetamaulipas.com.mx\/index.php?rest_route=%2Fwp%2Fv2%2Fcomments&post=210432"}],"version-history":[{"count":1,"href":"https:\/\/www.elsinodaldetamaulipas.com.mx\/index.php?rest_route=\/wp\/v2\/posts\/210432\/revisions"}],"predecessor-version":[{"id":210433,"href":"https:\/\/www.elsinodaldetamaulipas.com.mx\/index.php?rest_route=\/wp\/v2\/posts\/210432\/revisions\/210433"}],"wp:featuredmedia":[{"embeddable":true,"href":"https:\/\/www.elsinodaldetamaulipas.com.mx\/index.php?rest_route=\/wp\/v2\/media\/209127"}],"wp:attachment":[{"href":"https:\/\/www.elsinodaldetamaulipas.com.mx\/index.php?rest_route=%2Fwp%2Fv2%2Fmedia&parent=210432"}],"wp:term":[{"taxonomy":"category","embeddable":true,"href":"https:\/\/www.elsinodaldetamaulipas.com.mx\/index.php?rest_route=%2Fwp%2Fv2%2Fcategories&post=210432"},{"taxonomy":"post_tag","embeddable":true,"href":"https:\/\/www.elsinodaldetamaulipas.com.mx\/index.php?rest_route=%2Fwp%2Fv2%2Ftags&post=210432"}],"curies":[{"name":"wp","href":"https:\/\/api.w.org\/{rel}","templated":true}]}}