{"id":210439,"date":"2025-08-29T20:30:39","date_gmt":"2025-08-30T00:30:39","guid":{"rendered":"https:\/\/www.elsinodaldetamaulipas.com.mx\/?p=210439"},"modified":"2025-08-29T20:30:39","modified_gmt":"2025-08-30T00:30:39","slug":"nula-productividad-de-ismael-el-ex-senador-porno","status":"publish","type":"post","link":"https:\/\/www.elsinodaldetamaulipas.com.mx\/?p=210439","title":{"rendered":"NULA PRODUCTIVIDAD DE ISMAEL, EL EX SENADOR PORNO"},"content":{"rendered":"<div class=\"post-content\">\n<p>An\u00e1lisis y Comentario por. Christopher\u2026Mora.<\/p>\n<p><strong>-Hasta d\u00f3nde llegar\u00e1 el fraude en salud.<\/strong><br \/>\n<strong>-Revisar\u00e1n cuentas a exalcalde panista.<\/strong><br \/>\n<strong>-Nueva l\u00ednea de Acueducto en marcha.<\/strong><br \/>\n<strong>-Nueva historia en la UAT.<\/strong><br \/>\n<strong>-Magno evento del 50 Aniversario del Tecnol\u00f3gico de Victoria.<\/strong><br \/>\n-Sin duda la nota (local) de la semana que est\u00e1 por concluir es la baja<br \/>\nproductividad y poca responsabilidad del diputado plurinominal del PAN<br \/>\nIsmael Garc\u00eda Cabeza de Vaca, hermano menor de ya saben qui\u00e9n.<br \/>\nA Ismael que le \u201cregalaron\u201d la diputaci\u00f3n local, las cuentas no le salen y ya<br \/>\nalgunas voces piden que se le exija ponerse a trabajar o que de plano le deje su<br \/>\nlugar a una persona que s\u00ed est\u00e9 interesada en servir y gestionar necesidades<br \/>\nciudadanas, antes de que deteriore m\u00e1s la imagen de su partido el PAN que<br \/>\ncomprobado est\u00e1 que hace tres a\u00f1os cay\u00f3 de las preferencias de los votantes.<br \/>\nY para no hacerle perder m\u00e1s el tiempo, estimado lector, le comparto algunos<br \/>\nn\u00fameros de productividad del aludido diputado, tambi\u00e9n conocido como \u201cEl<br \/>\nsenador porno\u201d, por aquel esc\u00e1ndalo que protagoniz\u00f3 en plena sesi\u00f3n con unas<br \/>\ndamas de compa\u00f1\u00eda (septiembre del 2018).<br \/>\nEl r\u00e9cord de asistencias de este representante popular a las sesiones del<br \/>\nCongreso de Tamaulipas es de: 41 faltas y solo 17 asistencias o sea apenas un<br \/>\n6%.<br \/>\nEn promedio va a una sesi\u00f3n y falta a tres.<br \/>\nAdem\u00e1s, la semana anterior con voto un\u00e1nime de sus compa\u00f1eros le<br \/>\nrechazaron las 11 iniciativas que present\u00f3 por correspondencia (ni a eso<br \/>\nasisti\u00f3).<\/p>\n<p>En sesiones donde ha estado presente igual se han rechazado propuestas suyas<br \/>\ny nadie sube a defenderlas, ni sus mismos compa\u00f1eros de bancada. Por algo<br \/>\nser\u00e1.<br \/>\nAnte las notorias ausencias a su trabajo, Ismael Garc\u00eda Cabeza de Vaca se<br \/>\njustific\u00f3 diciendo:<br \/>\n\u201cUn servidor tiene problemas de presi\u00f3n alta; un servidor tiene<br \/>\nproblemas de v\u00e9rtigo, un servidor tiene este tipo de situaciones y cuando<br \/>\nlos medicamentos no me funcionan, hay veces que tengo que faltar\u201d.<br \/>\nSus argumentos son una burla o es cinismo<br \/>\n\u00bfUsted qu\u00e9 opina?<br \/>\nRecordemos que Ismael lleg\u00f3 al cargo de diputado plurinominal en medio de<br \/>\nuna acusaci\u00f3n de lavado de dinero y por muchas semanas se escondi\u00f3 de la<br \/>\nautoridad judicial.<br \/>\n\u00bfSer\u00e1 que nuevamente trae la lumbre cerca?<\/p>\n<p>-Y como si las cosas anduvieran muy tranquilas entre exfuncionarios de la<br \/>\npasada administraci\u00f3n estatal, esta semana se dio a conocer un quebranto en<br \/>\nperjuicio de las finanzas del estado por casi 344 millones de pesos, por parte<br \/>\nde exfuncionarios de la Secretar\u00eda de Salud Estatal.<br \/>\nLos imputados son: la ex Secretaria de Salud GLORIA DE JES\u00daS MOLINA<br \/>\nGAMBOA; el es Subsecretario de Planeaci\u00f3n HORACIO GARC\u00cdA ROJAS<br \/>\nGUERRA; el Subsecretario de Administraci\u00f3n y Finanzas de Salud<br \/>\nALEJANDRO AGUILAR POEGNER; el ex Director de Compras del<br \/>\nGobierno del Estado ROM\u00c1N CASTILLO AIROLA y tambi\u00e9n el ex<br \/>\ngobernador FRANCISCO JAVIER GARC\u00cdA CABEZA DE VACA.<br \/>\nA los cinco se les demand\u00f3 penalmente por los delitos de Uso Il\u00edcito de<br \/>\nAtribuciones y Facultades y por Operaciones con Recursos de Procedencia<br \/>\nIl\u00edcita.<br \/>\nEn esas demandas se se\u00f1ala que los exfuncionarios utilizaron para estos<br \/>\ndelitos a las empresas Grupo Industrial PERMAT, propiedad del se\u00f1or Julio<\/p>\n<p>C\u00e9sar Carmona Angulo y Grupo Industrial JOSER, propiedad de Carlos<br \/>\nAlejandro Romero Vega.<br \/>\nYa veremos en los siguientes meses realmente hasta d\u00f3nde se aplicar\u00e1 la ley y<br \/>\nsobre quienes.<br \/>\nLos acusados, se\u00f1alan algunas personas, son expertos en triqui\u00f1uelas jur\u00eddicas<br \/>\ny vender\u00e1n muy cara su libertad.<\/p>\n<p>-Otro panista que est\u00e1 en la mira de las autoridades fiscales es el expresidente<br \/>\nmunicipal de CD. Victoria Xicot\u00e9ncatl Gonz\u00e1lez Ur\u00e9sti, a quien los diputados<br \/>\nde la actual Legislatura le van a revisar con lupa las cuentas p\u00fablicas del a\u00f1o<br \/>\n2021, tiempo en el que estuvo protegido bajo el manto del gobierno de<br \/>\nFrancisco Garc\u00eda Cabeza de Vaca.<br \/>\nA el alcalde \u201cbailar\u00edn\u201d como se le conoc\u00eda popularmente, en su momento se le<br \/>\nacuso del desv\u00edo de varios millones de pesos del presupuesto de la ciudad y<br \/>\nque triangulaba con empresas fantasmas y factureras, algunas a nombre de<br \/>\nsus familiares.<br \/>\nHoy el \u201cBailar\u00edn\u201d es un prominente empresario de la medicina y servicios<br \/>\nhospitalarios.<\/p>\n<p>-En una acci\u00f3n m\u00e1s de humanismo y derecho universal, que de clientelismo<br \/>\npol\u00edtico, el Gobernador de Tamaulipas Am\u00e9rico Villarreal Anaya, logr\u00f3 que al<br \/>\nfin se iniciaran los trabajos de construcci\u00f3n de La Segunda L\u00ednea del<br \/>\nAcueducto \u201cVicente Guerrero\u201d, una necesidad de varios lustros de m\u00e1s de<br \/>\ntrescientos cincuenta mil habitantes de ciudad Victoria.<br \/>\nAcompa\u00f1ado del director general de la Conagua, Efra\u00edn Morales L\u00f3pez, el<br \/>\ngobernador Am\u00e9rico Villarreal Anaya puso en marcha la construcci\u00f3n de la<br \/>\nmagna obra con una inversi\u00f3n aproximada de mil 800 millones de pesos y que<br \/>\ngarantizar\u00e1 el abasto de agua por 50 a\u00f1os a las y los victorenses.<\/p>\n<p>Luego de m\u00e1s de 30 a\u00f1os de espera, se pone en marcha la obra que es uno de<br \/>\nlos 17 proyectos del Plan Nacional H\u00eddrico que impulsa la presidenta Claudia<br \/>\nSheinbaum.<br \/>\nEn un evento hist\u00f3rico, en la Planta de Rebombeo No. 1, el gobernador y el<br \/>\ndirector de la Conagua firmaron tambi\u00e9n el convenio de colaboraci\u00f3n para la<br \/>\nejecuci\u00f3n de la segunda l\u00ednea del acueducto de la presa Vicente Guerrero a<br \/>\nCiudad Victoria, el cual comprende 54.7 kil\u00f3metros para disposici\u00f3n y<br \/>\nsaneamiento del agua para consumo personal y dom\u00e9stico a la ciudadan\u00eda.<br \/>\nAm\u00e9rico Villarreal Anaya destac\u00f3 el apoyo de la presidenta Claudia<br \/>\nSheinbaum a Tamaulipas con m\u00e1s de 10 mil millones de pesos en<br \/>\ninfraestructura hidr\u00e1ulica, as\u00ed como en los rubros de transporte, comunicaci\u00f3n,<br \/>\nenerg\u00eda y bienestar social.<\/p>\n<p>-Al cumplir 75 a\u00f1os de vida plena y de forjar a miles de profesionistas en todo<br \/>\nel estado, la Universidad Aut\u00f3noma de Tamaulipas inicia una nueva p\u00e1gina de<br \/>\nsu larga historia, al dar inicio a las clases de la carrera de ARQUITECTURA,<br \/>\nen el Campus Victoria, como una nueva sede de la Facultad de Arquitectura<br \/>\nDise\u00f1o y Urbanismo (FADU).<br \/>\nEn su mensaje, el rector D\u00e1maso Anaya destac\u00f3 que la apertura de esta nueva<br \/>\nsede forma parte de la visi\u00f3n institucional de ampliar la cobertura educativa,<br \/>\nluego de subrayar que la UAT, a 75 a\u00f1os de historia, impulsa una estrategia<br \/>\npara que los j\u00f3venes puedan estudiar en su regi\u00f3n, sin necesidad de trasladarse<br \/>\nfuera de Tamaulipas.<br \/>\nPor su parte, la directora de la FADU, Lisbeth Am\u00e9rica Brandt Garc\u00eda,<br \/>\nreconoci\u00f3 el importante respaldo del rector D\u00e1maso Anaya para abrir, en<br \/>\nCiudad Victoria, la carrera de Arquitectura, as\u00ed como el apoyo de la Facultad<br \/>\nde Ingenier\u00eda y Ciencias, a trav\u00e9s de su director, Vicente Paul Sald\u00edvar Alonso,<br \/>\npor brindar las instalaciones del plantel para concretar este logro acad\u00e9mico.<br \/>\nLa primera generaci\u00f3n de estudiantes de Arquitectura, en Ciudad Victoria, est\u00e1<br \/>\nintegrada por 53 estudiantes (26 hombres y 27 mujeres), que recibir\u00e1n los<br \/>\nconocimientos de 8 docentes que los guiar\u00e1n en su proceso acad\u00e9mico.<\/p>\n<p>La apertura de la carrera de Arquitectura tiene un gran valor para los cientos<br \/>\nde j\u00f3venes que anhelan estudiar y ejercer esta profesi\u00f3n.<br \/>\nAnteriormente solo hab\u00eda tres opciones o trasladarse a estudiar a la FADU en<br \/>\nTampico, pagar altas colegiaturas en una universidad privada o estudiar otra<br \/>\ncarrera.<br \/>\nHoy la UAT responde a las demandas de los j\u00f3venes.<br \/>\nEsta es la culminaci\u00f3n del trabajo de un grupo de maestros y directivos con<br \/>\nvisi\u00f3n, entre ellos los Brandt, los Godard y los Arvizu entre otros.<br \/>\n\u00a1Muchas felicidades FADU Victoria!<\/p>\n<p>-Posdata: Los miembros de la \u201cAsociaci\u00f3n de Exalumnos del Tecnol\u00f3gico de<br \/>\ncd. Victoria a.c.\u201d que encabeza el Ing. \u00c1ngel R\u00edos Cepeda, solo est\u00e1n<br \/>\nultimando detalles para la magna celebraci\u00f3n de los primeros 50 a\u00f1os de vida<br \/>\ndel Instituto Tecnol\u00f3gico de Ciudad Victoria.<br \/>\nEn donde brillar\u00e1 la hermanda de Las \u00e1guilas Reales.<br \/>\nM\u00e1s adelante daremos mayores datos.<\/p>\n<p>Hasta aqu\u00ed mi An\u00e1lisis y Comentario.<br \/>\nSoy su amigo: Christopher\u2026 Mora.<br \/>\nComentarios y sugerencias a: victam63@yahoo.com.mx<br \/>\nY tambi\u00e9n lo invito a que visite mi p\u00e1gina de Facebook:<br \/>\n\u201cAn\u00e1lisis y Comentario\u201d.<\/p>\n<\/div>\n","protected":false},"excerpt":{"rendered":"<p>An\u00e1lisis y Comentario por. Christopher\u2026Mora. -Hasta d\u00f3nde llegar\u00e1 el fraude en salud. -Revisar\u00e1n cuentas a exalcalde panista. -Nueva l\u00ednea de Acueducto en marcha. -Nueva historia en la UAT. -Magno evento del 50 Aniversario del Tecnol\u00f3gico de Victoria. -Sin duda la nota (local) de la semana que est\u00e1 por concluir es la baja productividad y poca [&hellip;]<\/p>\n","protected":false},"author":1,"featured_media":210440,"comment_status":"closed","ping_status":"closed","sticky":false,"template":"","format":"standard","meta":{"footnotes":""},"categories":[16],"tags":[],"class_list":["post-210439","post","type-post","status-publish","format-standard","has-post-thumbnail","hentry","category-opinion"],"_links":{"self":[{"href":"https:\/\/www.elsinodaldetamaulipas.com.mx\/index.php?rest_route=\/wp\/v2\/posts\/210439","targetHints":{"allow":["GET"]}}],"collection":[{"href":"https:\/\/www.elsinodaldetamaulipas.com.mx\/index.php?rest_route=\/wp\/v2\/posts"}],"about":[{"href":"https:\/\/www.elsinodaldetamaulipas.com.mx\/index.php?rest_route=\/wp\/v2\/types\/post"}],"author":[{"embeddable":true,"href":"https:\/\/www.elsinodaldetamaulipas.com.mx\/index.php?rest_route=\/wp\/v2\/users\/1"}],"replies":[{"embeddable":true,"href":"https:\/\/www.elsinodaldetamaulipas.com.mx\/index.php?rest_route=%2Fwp%2Fv2%2Fcomments&post=210439"}],"version-history":[{"count":1,"href":"https:\/\/www.elsinodaldetamaulipas.com.mx\/index.php?rest_route=\/wp\/v2\/posts\/210439\/revisions"}],"predecessor-version":[{"id":210441,"href":"https:\/\/www.elsinodaldetamaulipas.com.mx\/index.php?rest_route=\/wp\/v2\/posts\/210439\/revisions\/210441"}],"wp:featuredmedia":[{"embeddable":true,"href":"https:\/\/www.elsinodaldetamaulipas.com.mx\/index.php?rest_route=\/wp\/v2\/media\/210440"}],"wp:attachment":[{"href":"https:\/\/www.elsinodaldetamaulipas.com.mx\/index.php?rest_route=%2Fwp%2Fv2%2Fmedia&parent=210439"}],"wp:term":[{"taxonomy":"category","embeddable":true,"href":"https:\/\/www.elsinodaldetamaulipas.com.mx\/index.php?rest_route=%2Fwp%2Fv2%2Fcategories&post=210439"},{"taxonomy":"post_tag","embeddable":true,"href":"https:\/\/www.elsinodaldetamaulipas.com.mx\/index.php?rest_route=%2Fwp%2Fv2%2Ftags&post=210439"}],"curies":[{"name":"wp","href":"https:\/\/api.w.org\/{rel}","templated":true}]}}