{"id":210505,"date":"2025-09-01T00:53:45","date_gmt":"2025-09-01T04:53:45","guid":{"rendered":"https:\/\/www.elsinodaldetamaulipas.com.mx\/?p=210505"},"modified":"2025-09-01T00:53:45","modified_gmt":"2025-09-01T04:53:45","slug":"norona-y-jr-par-de-sabandijas","status":"publish","type":"post","link":"https:\/\/www.elsinodaldetamaulipas.com.mx\/?p=210505","title":{"rendered":"NORO\u00d1A Y JR, PAR DE SABANDIJAS"},"content":{"rendered":"<p>T E C L A Z O S<br \/>\nPor Guadalupe E. Gonz\u00e1lez<\/p>\n<p>X.-Expondr\u00e1n a\u00f1ejo problema ante la presidenta de M\u00e9xico<br \/>\nClaudia Sheinbaum porque, \u201ces la \u00fanica esperanza que<br \/>\ntienen\u201d<br \/>\nA PESAR de las promesas de ayudar en su problema laboral a los<br \/>\ntrabajadores afectados por la empresa \u201cHules Mexicanos\u201d, el pol\u00e9mico<br \/>\nsenador Gerardo Fern\u00e1ndez Noro\u00f1a en su visita a Altamira y el bueno<br \/>\npara nada del reynosense Jos\u00e9 Ram\u00f3n G\u00f3mez Leal \u201cel Jr.\u201d, que busca<br \/>\nde ser candidato a gobernador, \u201cse hicieron de la vista gorda\u201d, porque<br \/>\nhasta el momento, \u201cninguno de los dos les han dado alguna respuesta<br \/>\nfavorable a los obreros\u201d, confirm\u00e1ndose que a este dueto de pol\u00edticos<br \/>\nvividores, \u201cno les interesa servir al pueblo\u201d a pesar de ufanarse \u201cser<br \/>\naliados y servidores del pueblo\u201d. Que lamentable \u00bfverdad?<br \/>\nLOS ex trabajadores denunciantes, por la marcada indiferencia<br \/>\nsufrida a manos de los se\u00f1alados Senadores Fern\u00e1ndez Noro\u00f1a y<br \/>\nG\u00f3mez Leal, pedir\u00e1n la intervenci\u00f3n de la presidenta de M\u00e9xico Dra.<br \/>\nClaudia Sheinbaum Pardo, para intentar que \u201cHules Mexicanos\u201d les<br \/>\npague las correspondientes liquidaciones, porque los irresponsables y<br \/>\nmentirosos Senadores, \u201cno han mostrado el menor inter\u00e9s por<br \/>\nayudarlos\u201d.<br \/>\nV\u00cdCTOR Jim\u00e9nez Galindo, en su calidad de representante de esta<br \/>\nagrupaci\u00f3n, detall\u00f3 que, \u201cfueron m\u00e1s de 500 trabajadores despedidos\u201d,<br \/>\ncuando la empresa Hules Mexicanos fue privatizada. Y por ello,<br \/>\nrecurrir\u00e1n a las autoridades federales para que, se haga valer \u201cel<br \/>\ncompromiso contra\u00eddo\u201d en el a\u00f1o 1988, raz\u00f3n por la que, reiter\u00f3 que,<br \/>\n\u201cla unica esperanza para resolver su problema de pago\u201d es la<br \/>\nintervenci\u00f3n de la mandataria mexicana Claudia Sheinbaum.<\/p>\n<p>LO lamentable es que han transcurrido 37 a\u00f1os de este despido a los<br \/>\nobreros de \u201cHules Mexicanos\u201d. Y, lo irremediable hasta el momento es<br \/>\nque, ninguna autoridad, ha metido la mano para ayudarlos. Y, ahora<br \/>\nque, abordaron a los Senadores Gerardo Fern\u00e1ndez Noro\u00f1a y Jos\u00e9<br \/>\nRam\u00f3n G\u00f3mez Leal \u201cel Jr.\u201d, ten\u00edan la esperanza de que estos<br \/>\nsenadores, \u201clos ayudaran\u201d, pero resulta que, cuando les llaman, \u201cya ni<br \/>\nles contestan el tel\u00e9fono\u201d \u00bfC\u00f3mo, la ven?<br \/>\nHAY trabajadores que por el paso del tiempo ya fallecieron, pero a\u00fan<br \/>\nhay obreros como don Jes\u00fas Jim\u00e9nez Morales, quien, a sus 94 a\u00f1os de<br \/>\nedad, sigue en pie de lucha con la esperanza de que la empresa \u201cHules<br \/>\nMexicanos\u201d, les cubra sus liquidaciones. Y, como no se ve la m\u00ednima<br \/>\nintenci\u00f3n de que la empresa les pague lo que ellos laboralmente<br \/>\ndemandan, se ven la imperiosa necesidad de tener que ir a M\u00e9xico y<br \/>\nexponer \u201cen la ma\u00f1anero\u201d este grave problema, en el que incluso<br \/>\nsaldr\u00e1 a relucir, \u201cla indiferencia y la irresponsabilidad de los Senadores<br \/>\nNoro\u00f1a y \u201cel Jr.\u201d, los que seguramente, \u201cno le hicieron llegar el oficio<br \/>\nde este problema a la presidenta de M\u00e9xico Dra. Claudia Sheinbaum<br \/>\nPardo\u201d.<br \/>\nNOS DEJARON SOLOS Y POR ESO PEDIMOS JUSTICIA:<br \/>\nV\u00cdCTOR<br \/>\nEL representante de los trabajadores despedidos por los Ejecutivos de<br \/>\n\u201cHules Mexicanos\u201d V\u00edctor Jim\u00e9nez Galindo dijo que, las autoridades<br \/>\nfederales del pasado \u201cnos dejaron solos\u201d. Y, por esta raz\u00f3n<br \/>\nmantenemos firme nuestro prop\u00f3sito de continuar en esta lucha,<br \/>\nporque es injusto que la empresa nos dejara al olvido, a pesar de haber<br \/>\nconcertado el compromiso de pagarnos las liquidaciones.<br \/>\nALUDEN los afectados que, su reclamo es la participaci\u00f3n accionaria<br \/>\nde por lo menos el 2.5 % del capital total de la empresa, apuntando<br \/>\nque lo irremediable e injusto hasta el momento es que, la empresa<br \/>\n\u201cHules Mexicanos\u201d, jam\u00e1s les ha llamado para cumplir con las<br \/>\ncl\u00e1usulas establecidas, reiterando tener fe y confianza en que, la<br \/>\npresidenta de M\u00e9xico, la Dra. Claudia Sheinbaum Pardo los ayude, en<br \/>\neste a\u00f1ejo problema.<br \/>\nPor hoy es todo y hasta ma\u00f1ana.<br \/>\nPara sugerencias y puntos de vista en general al email:<br \/>\nlupeernsto@yahoo.com.mx<\/p>\n","protected":false},"excerpt":{"rendered":"<p>T E C L A Z O S Por Guadalupe E. Gonz\u00e1lez X.-Expondr\u00e1n a\u00f1ejo problema ante la presidenta de M\u00e9xico Claudia Sheinbaum porque, \u201ces la \u00fanica esperanza que tienen\u201d A PESAR de las promesas de ayudar en su problema laboral a los trabajadores afectados por la empresa \u201cHules Mexicanos\u201d, el pol\u00e9mico senador Gerardo Fern\u00e1ndez Noro\u00f1a [&hellip;]<\/p>\n","protected":false},"author":1,"featured_media":210508,"comment_status":"closed","ping_status":"closed","sticky":false,"template":"","format":"standard","meta":{"footnotes":""},"categories":[16],"tags":[],"class_list":["post-210505","post","type-post","status-publish","format-standard","has-post-thumbnail","hentry","category-opinion"],"_links":{"self":[{"href":"https:\/\/www.elsinodaldetamaulipas.com.mx\/index.php?rest_route=\/wp\/v2\/posts\/210505","targetHints":{"allow":["GET"]}}],"collection":[{"href":"https:\/\/www.elsinodaldetamaulipas.com.mx\/index.php?rest_route=\/wp\/v2\/posts"}],"about":[{"href":"https:\/\/www.elsinodaldetamaulipas.com.mx\/index.php?rest_route=\/wp\/v2\/types\/post"}],"author":[{"embeddable":true,"href":"https:\/\/www.elsinodaldetamaulipas.com.mx\/index.php?rest_route=\/wp\/v2\/users\/1"}],"replies":[{"embeddable":true,"href":"https:\/\/www.elsinodaldetamaulipas.com.mx\/index.php?rest_route=%2Fwp%2Fv2%2Fcomments&post=210505"}],"version-history":[{"count":1,"href":"https:\/\/www.elsinodaldetamaulipas.com.mx\/index.php?rest_route=\/wp\/v2\/posts\/210505\/revisions"}],"predecessor-version":[{"id":210509,"href":"https:\/\/www.elsinodaldetamaulipas.com.mx\/index.php?rest_route=\/wp\/v2\/posts\/210505\/revisions\/210509"}],"wp:featuredmedia":[{"embeddable":true,"href":"https:\/\/www.elsinodaldetamaulipas.com.mx\/index.php?rest_route=\/wp\/v2\/media\/210508"}],"wp:attachment":[{"href":"https:\/\/www.elsinodaldetamaulipas.com.mx\/index.php?rest_route=%2Fwp%2Fv2%2Fmedia&parent=210505"}],"wp:term":[{"taxonomy":"category","embeddable":true,"href":"https:\/\/www.elsinodaldetamaulipas.com.mx\/index.php?rest_route=%2Fwp%2Fv2%2Fcategories&post=210505"},{"taxonomy":"post_tag","embeddable":true,"href":"https:\/\/www.elsinodaldetamaulipas.com.mx\/index.php?rest_route=%2Fwp%2Fv2%2Ftags&post=210505"}],"curies":[{"name":"wp","href":"https:\/\/api.w.org\/{rel}","templated":true}]}}