{"id":210512,"date":"2025-09-01T08:06:15","date_gmt":"2025-09-01T12:06:15","guid":{"rendered":"https:\/\/www.elsinodaldetamaulipas.com.mx\/?p=210512"},"modified":"2025-09-01T08:11:55","modified_gmt":"2025-09-01T12:11:55","slug":"drastica-pena-imponen-a-acusado-de-violacion","status":"publish","type":"post","link":"https:\/\/www.elsinodaldetamaulipas.com.mx\/?p=210512","title":{"rendered":"DR\u00c1STICA PENA IMPONEN A ACUSADO DE VIOLACI\u00d3N"},"content":{"rendered":"<p><em><strong>EL SINODAL DE TAMAULIPAS<\/strong><\/em><\/p>\n<p>Ciudad Victoria, Tamaulipas.- La Fiscal\u00eda General de Justicia del Estado de Tamaulipas informa que a trav\u00e9s de la Fiscal\u00eda Especializada en la Investigaci\u00f3n de Delitos contra Ni\u00f1as, Ni\u00f1os y Adolescentes y Delitos cometidos contra las Mujeres por Raz\u00f3n de G\u00e9nero (FENNAM), se obtuvo sentencia condenatoria de 34 a\u00f1os y 3 meses de prisi\u00f3n, en contra de Erik Eduardo \u201cR\u201d, por los delitos de Violaci\u00f3n Equiparada Agravada y Violencia Familiar.<\/p>\n<p>Un Juez de Control emiti\u00f3 la resoluci\u00f3n despu\u00e9s de que la Representaci\u00f3n Social acreditara la responsabilidad del imputado en hechos ocurridos el 7 de octubre de 2022, al interior de un domicilio en esta ciudad Capital.<\/p>\n<p>La Fiscal\u00eda General de Justicia del Estado de Tamaulipas refrenda su compromiso de procurar justicia y garantizar la protecci\u00f3n integral de los derechos de ni\u00f1as, ni\u00f1os y adolescentes, as\u00ed como de las mujeres v\u00edctimas de violencia.<\/p>\n","protected":false},"excerpt":{"rendered":"<p>EL SINODAL DE TAMAULIPAS Ciudad Victoria, Tamaulipas.- La Fiscal\u00eda General de Justicia del Estado de Tamaulipas informa que a trav\u00e9s de la Fiscal\u00eda Especializada en la Investigaci\u00f3n de Delitos contra Ni\u00f1as, Ni\u00f1os y Adolescentes y Delitos cometidos contra las Mujeres por Raz\u00f3n de G\u00e9nero (FENNAM), se obtuvo sentencia condenatoria de 34 a\u00f1os y 3 meses [&hellip;]<\/p>\n","protected":false},"author":1,"featured_media":210513,"comment_status":"closed","ping_status":"closed","sticky":false,"template":"","format":"standard","meta":{"footnotes":""},"categories":[25],"tags":[],"class_list":["post-210512","post","type-post","status-publish","format-standard","has-post-thumbnail","hentry","category-leyyorden"],"_links":{"self":[{"href":"https:\/\/www.elsinodaldetamaulipas.com.mx\/index.php?rest_route=\/wp\/v2\/posts\/210512","targetHints":{"allow":["GET"]}}],"collection":[{"href":"https:\/\/www.elsinodaldetamaulipas.com.mx\/index.php?rest_route=\/wp\/v2\/posts"}],"about":[{"href":"https:\/\/www.elsinodaldetamaulipas.com.mx\/index.php?rest_route=\/wp\/v2\/types\/post"}],"author":[{"embeddable":true,"href":"https:\/\/www.elsinodaldetamaulipas.com.mx\/index.php?rest_route=\/wp\/v2\/users\/1"}],"replies":[{"embeddable":true,"href":"https:\/\/www.elsinodaldetamaulipas.com.mx\/index.php?rest_route=%2Fwp%2Fv2%2Fcomments&post=210512"}],"version-history":[{"count":1,"href":"https:\/\/www.elsinodaldetamaulipas.com.mx\/index.php?rest_route=\/wp\/v2\/posts\/210512\/revisions"}],"predecessor-version":[{"id":210514,"href":"https:\/\/www.elsinodaldetamaulipas.com.mx\/index.php?rest_route=\/wp\/v2\/posts\/210512\/revisions\/210514"}],"wp:featuredmedia":[{"embeddable":true,"href":"https:\/\/www.elsinodaldetamaulipas.com.mx\/index.php?rest_route=\/wp\/v2\/media\/210513"}],"wp:attachment":[{"href":"https:\/\/www.elsinodaldetamaulipas.com.mx\/index.php?rest_route=%2Fwp%2Fv2%2Fmedia&parent=210512"}],"wp:term":[{"taxonomy":"category","embeddable":true,"href":"https:\/\/www.elsinodaldetamaulipas.com.mx\/index.php?rest_route=%2Fwp%2Fv2%2Fcategories&post=210512"},{"taxonomy":"post_tag","embeddable":true,"href":"https:\/\/www.elsinodaldetamaulipas.com.mx\/index.php?rest_route=%2Fwp%2Fv2%2Ftags&post=210512"}],"curies":[{"name":"wp","href":"https:\/\/api.w.org\/{rel}","templated":true}]}}