{"id":210518,"date":"2025-09-01T08:17:14","date_gmt":"2025-09-01T12:17:14","guid":{"rendered":"https:\/\/www.elsinodaldetamaulipas.com.mx\/?p=210518"},"modified":"2025-09-01T08:18:09","modified_gmt":"2025-09-01T12:18:09","slug":"210518","status":"publish","type":"post","link":"https:\/\/www.elsinodaldetamaulipas.com.mx\/?p=210518","title":{"rendered":"BUSCAN ERRADICAR VIOLENCIA CONTRA MUJERES"},"content":{"rendered":"<p><em><strong>EL SINODAL DE TAMAULIPAS<\/strong><\/em><\/p>\n<p>Ciudad Victoria, Tamaulipas \u2013 La Fiscal\u00eda General de Justicia del Estado de Tamaulipas, a trav\u00e9s del personal de la Direcci\u00f3n de Atenci\u00f3n y Servicio a la Comunidad, los Mecanismos Alternativos de Soluci\u00f3n de Controversias y la Fiscal\u00eda de Distrito Zona Victoria, particip\u00f3 en la jornada \u201cMercadita de Mujeres G\u00fcemenses\u201d,<\/p>\n<p>Como parte del programa integral Centro Libre para las Mujeres, con el objetivo de prevenir y erradicar la violencia contra las mujeres. Se instal\u00f3 un m\u00f3dulo informativo donde se ofreci\u00f3 asesor\u00eda legal y orientaci\u00f3n especializada en casos de violencia familiar, as\u00ed como difusi\u00f3n de los servicios que ofrece la plataforma \u201cFiscal\u00eda Digital\u201d, herramienta que permite a la ciudadan\u00eda acceder a la justicia de manera \u00e1gil y segura. Adem\u00e1s, se cont\u00f3 con la presencia de una Agente del Ministerio P\u00fablico para la toma de denuncias, en el Ejido San Cayetano.<\/p>\n<p>Como parte de las actividades dirigidas a ni\u00f1as y ni\u00f1os, se present\u00f3 la obra teatral \u201cEl Burrito Albino y el Cofre de los Valores\u201d, promoviendo la reflexi\u00f3n sobre la importancia de la empat\u00eda, el respeto y la sana convivencia desde la infancia.<\/p>\n<p>Con acciones como esta, la Fiscal\u00eda General de Justicia del Estado de Tamaulipas refrenda su compromiso con la atenci\u00f3n cercana a la comunidad, la promoci\u00f3n de una cultura de paz y la prevenci\u00f3n de la violencia de g\u00e9nero.<\/p>\n<p>&#8212;-<\/p>\n","protected":false},"excerpt":{"rendered":"<p>EL SINODAL DE TAMAULIPAS Ciudad Victoria, Tamaulipas \u2013 La Fiscal\u00eda General de Justicia del Estado de Tamaulipas, a trav\u00e9s del personal de la Direcci\u00f3n de Atenci\u00f3n y Servicio a la Comunidad, los Mecanismos Alternativos de Soluci\u00f3n de Controversias y la Fiscal\u00eda de Distrito Zona Victoria, particip\u00f3 en la jornada \u201cMercadita de Mujeres G\u00fcemenses\u201d, Como parte [&hellip;]<\/p>\n","protected":false},"author":1,"featured_media":210519,"comment_status":"closed","ping_status":"closed","sticky":false,"template":"","format":"standard","meta":{"footnotes":""},"categories":[25],"tags":[],"class_list":["post-210518","post","type-post","status-publish","format-standard","has-post-thumbnail","hentry","category-leyyorden"],"_links":{"self":[{"href":"https:\/\/www.elsinodaldetamaulipas.com.mx\/index.php?rest_route=\/wp\/v2\/posts\/210518","targetHints":{"allow":["GET"]}}],"collection":[{"href":"https:\/\/www.elsinodaldetamaulipas.com.mx\/index.php?rest_route=\/wp\/v2\/posts"}],"about":[{"href":"https:\/\/www.elsinodaldetamaulipas.com.mx\/index.php?rest_route=\/wp\/v2\/types\/post"}],"author":[{"embeddable":true,"href":"https:\/\/www.elsinodaldetamaulipas.com.mx\/index.php?rest_route=\/wp\/v2\/users\/1"}],"replies":[{"embeddable":true,"href":"https:\/\/www.elsinodaldetamaulipas.com.mx\/index.php?rest_route=%2Fwp%2Fv2%2Fcomments&post=210518"}],"version-history":[{"count":2,"href":"https:\/\/www.elsinodaldetamaulipas.com.mx\/index.php?rest_route=\/wp\/v2\/posts\/210518\/revisions"}],"predecessor-version":[{"id":210521,"href":"https:\/\/www.elsinodaldetamaulipas.com.mx\/index.php?rest_route=\/wp\/v2\/posts\/210518\/revisions\/210521"}],"wp:featuredmedia":[{"embeddable":true,"href":"https:\/\/www.elsinodaldetamaulipas.com.mx\/index.php?rest_route=\/wp\/v2\/media\/210519"}],"wp:attachment":[{"href":"https:\/\/www.elsinodaldetamaulipas.com.mx\/index.php?rest_route=%2Fwp%2Fv2%2Fmedia&parent=210518"}],"wp:term":[{"taxonomy":"category","embeddable":true,"href":"https:\/\/www.elsinodaldetamaulipas.com.mx\/index.php?rest_route=%2Fwp%2Fv2%2Fcategories&post=210518"},{"taxonomy":"post_tag","embeddable":true,"href":"https:\/\/www.elsinodaldetamaulipas.com.mx\/index.php?rest_route=%2Fwp%2Fv2%2Ftags&post=210518"}],"curies":[{"name":"wp","href":"https:\/\/api.w.org\/{rel}","templated":true}]}}