{"id":210524,"date":"2025-09-01T13:31:32","date_gmt":"2025-09-01T17:31:32","guid":{"rendered":"https:\/\/www.elsinodaldetamaulipas.com.mx\/?p=210524"},"modified":"2025-09-01T13:31:32","modified_gmt":"2025-09-01T17:31:32","slug":"inicia-ciclo-lectivo-sec-no-4-marte-r-gomez","status":"publish","type":"post","link":"https:\/\/www.elsinodaldetamaulipas.com.mx\/?p=210524","title":{"rendered":"INICIA CICLO LECTIVO. SEC. No. 4 \u201cMARTE R. G\u00d3MEZ\u201d"},"content":{"rendered":"<p><em><strong>Por Gil Vicente Galindo\/EL SINODAL DE TAMAULIPAS<\/strong><\/em><\/p>\n<p>Reynosa, Tam.- Este lunes primero de septiembre iniciaron clases del ciclo escolar 2025-2026 y en la escuela secundaria No 4, \u201cIng. Marte R. G\u00f3mez\u201d, donde a\u00fan hay algunos espacios disponibles, sobre todo para el turno vespertino en todos los grupos.<\/p>\n<p>El director de la escuela secundaria, maestro Fernando Gallardo Guerrero as\u00ed lo dio a conocer, as\u00ed que se\u00f1ores padres de familia si sus hijos a\u00fan no est\u00e1n inscritos, esta es la oportunidad.<\/p>\n<p>\u201cAfectivamente, tenemos algunos espacios para los tres grados turno vespertino, para el matutino, estamos llenos, al menos de primer grado, las aulas ya est\u00e1n limpias para recibir a la comunidad escolar y darles la bienvenida\u201d, comento el maestro director de la 4.<\/p>\n<p>Maestros, maestras, administrativos y directivos de la secundaria 4, ya estamos listos y hoy mismo arrancamos con planes y programas educativos que emite la Secretar\u00eda de Educaci\u00f3n P\u00fablica y seguir elevando la calidad educativa de estudiantes que inician el ciclo escolar 2025-2026, comento el maestro Fernando Gallardo Guerrero.<\/p>\n","protected":false},"excerpt":{"rendered":"<p>Por Gil Vicente Galindo\/EL SINODAL DE TAMAULIPAS Reynosa, Tam.- Este lunes primero de septiembre iniciaron clases del ciclo escolar 2025-2026 y en la escuela secundaria No 4, \u201cIng. Marte R. G\u00f3mez\u201d, donde a\u00fan hay algunos espacios disponibles, sobre todo para el turno vespertino en todos los grupos. El director de la escuela secundaria, maestro Fernando [&hellip;]<\/p>\n","protected":false},"author":1,"featured_media":210525,"comment_status":"closed","ping_status":"closed","sticky":false,"template":"","format":"standard","meta":{"footnotes":""},"categories":[1,2],"tags":[],"class_list":["post-210524","post","type-post","status-publish","format-standard","has-post-thumbnail","hentry","category-portada","category-reynosa"],"_links":{"self":[{"href":"https:\/\/www.elsinodaldetamaulipas.com.mx\/index.php?rest_route=\/wp\/v2\/posts\/210524","targetHints":{"allow":["GET"]}}],"collection":[{"href":"https:\/\/www.elsinodaldetamaulipas.com.mx\/index.php?rest_route=\/wp\/v2\/posts"}],"about":[{"href":"https:\/\/www.elsinodaldetamaulipas.com.mx\/index.php?rest_route=\/wp\/v2\/types\/post"}],"author":[{"embeddable":true,"href":"https:\/\/www.elsinodaldetamaulipas.com.mx\/index.php?rest_route=\/wp\/v2\/users\/1"}],"replies":[{"embeddable":true,"href":"https:\/\/www.elsinodaldetamaulipas.com.mx\/index.php?rest_route=%2Fwp%2Fv2%2Fcomments&post=210524"}],"version-history":[{"count":1,"href":"https:\/\/www.elsinodaldetamaulipas.com.mx\/index.php?rest_route=\/wp\/v2\/posts\/210524\/revisions"}],"predecessor-version":[{"id":210526,"href":"https:\/\/www.elsinodaldetamaulipas.com.mx\/index.php?rest_route=\/wp\/v2\/posts\/210524\/revisions\/210526"}],"wp:featuredmedia":[{"embeddable":true,"href":"https:\/\/www.elsinodaldetamaulipas.com.mx\/index.php?rest_route=\/wp\/v2\/media\/210525"}],"wp:attachment":[{"href":"https:\/\/www.elsinodaldetamaulipas.com.mx\/index.php?rest_route=%2Fwp%2Fv2%2Fmedia&parent=210524"}],"wp:term":[{"taxonomy":"category","embeddable":true,"href":"https:\/\/www.elsinodaldetamaulipas.com.mx\/index.php?rest_route=%2Fwp%2Fv2%2Fcategories&post=210524"},{"taxonomy":"post_tag","embeddable":true,"href":"https:\/\/www.elsinodaldetamaulipas.com.mx\/index.php?rest_route=%2Fwp%2Fv2%2Ftags&post=210524"}],"curies":[{"name":"wp","href":"https:\/\/api.w.org\/{rel}","templated":true}]}}