{"id":210527,"date":"2025-09-01T13:47:18","date_gmt":"2025-09-01T17:47:18","guid":{"rendered":"https:\/\/www.elsinodaldetamaulipas.com.mx\/?p=210527"},"modified":"2025-09-01T13:47:18","modified_gmt":"2025-09-01T17:47:18","slug":"abre-septiembre-con-doble-actividad-ciclonica","status":"publish","type":"post","link":"https:\/\/www.elsinodaldetamaulipas.com.mx\/?p=210527","title":{"rendered":"ABRE SEPTIEMBRE CON DOBLE ACTIVIDAD CICL\u00d3NICA"},"content":{"rendered":"<p><em><strong>Por Gil Vicente Galindo\/EL SINODAL DE TAMAULIPAS<\/strong><\/em><\/p>\n<p>Reynosa, Tam.-En el Pac\u00edfico naci\u00f3 la d\u00e9cima tormenta tropical bajo el nombre de \u201cKiko\u201d frente a las costas de Baja California, pero los pron\u00f3sticos indican que se ir\u00e1 alejando de tierras nacionales.<\/p>\n<p>Ac\u00e1 en el Atl\u00e1ntico en el extremo oriental se est\u00e1 formando otra tormenta con altas probabilidades de que llegue a hurac\u00e1n, al momento se indica que en un 60%.<\/p>\n<p>De seguir esa trayectoria este disturbio natural, estar\u00eda entrando a las aguas del mar Caribe y de llegar a formarse como tormenta tropical, se llamar\u00e1 \u201cGabrielle\u201d.<\/p>\n<p>Autoridades de varios pa\u00edses, entre ellos M\u00e9xico, monitorean esta nueva posible tormenta tropical, tomando en cuenta que este mes de septiembre, hist\u00f3ricamente es el m\u00e1s activo en cuanto a huracanes.<\/p>\n<p>Por otro lado, se esperas que esta semana arribe el primer frente frio al norte de Tamaulipas que podr\u00eda generar lluvias generalizadas en la zona.<\/p>\n","protected":false},"excerpt":{"rendered":"<p>Por Gil Vicente Galindo\/EL SINODAL DE TAMAULIPAS Reynosa, Tam.-En el Pac\u00edfico naci\u00f3 la d\u00e9cima tormenta tropical bajo el nombre de \u201cKiko\u201d frente a las costas de Baja California, pero los pron\u00f3sticos indican que se ir\u00e1 alejando de tierras nacionales. Ac\u00e1 en el Atl\u00e1ntico en el extremo oriental se est\u00e1 formando otra tormenta con altas probabilidades [&hellip;]<\/p>\n","protected":false},"author":1,"featured_media":210528,"comment_status":"closed","ping_status":"closed","sticky":false,"template":"","format":"standard","meta":{"footnotes":""},"categories":[1,2],"tags":[],"class_list":["post-210527","post","type-post","status-publish","format-standard","has-post-thumbnail","hentry","category-portada","category-reynosa"],"_links":{"self":[{"href":"https:\/\/www.elsinodaldetamaulipas.com.mx\/index.php?rest_route=\/wp\/v2\/posts\/210527","targetHints":{"allow":["GET"]}}],"collection":[{"href":"https:\/\/www.elsinodaldetamaulipas.com.mx\/index.php?rest_route=\/wp\/v2\/posts"}],"about":[{"href":"https:\/\/www.elsinodaldetamaulipas.com.mx\/index.php?rest_route=\/wp\/v2\/types\/post"}],"author":[{"embeddable":true,"href":"https:\/\/www.elsinodaldetamaulipas.com.mx\/index.php?rest_route=\/wp\/v2\/users\/1"}],"replies":[{"embeddable":true,"href":"https:\/\/www.elsinodaldetamaulipas.com.mx\/index.php?rest_route=%2Fwp%2Fv2%2Fcomments&post=210527"}],"version-history":[{"count":1,"href":"https:\/\/www.elsinodaldetamaulipas.com.mx\/index.php?rest_route=\/wp\/v2\/posts\/210527\/revisions"}],"predecessor-version":[{"id":210529,"href":"https:\/\/www.elsinodaldetamaulipas.com.mx\/index.php?rest_route=\/wp\/v2\/posts\/210527\/revisions\/210529"}],"wp:featuredmedia":[{"embeddable":true,"href":"https:\/\/www.elsinodaldetamaulipas.com.mx\/index.php?rest_route=\/wp\/v2\/media\/210528"}],"wp:attachment":[{"href":"https:\/\/www.elsinodaldetamaulipas.com.mx\/index.php?rest_route=%2Fwp%2Fv2%2Fmedia&parent=210527"}],"wp:term":[{"taxonomy":"category","embeddable":true,"href":"https:\/\/www.elsinodaldetamaulipas.com.mx\/index.php?rest_route=%2Fwp%2Fv2%2Fcategories&post=210527"},{"taxonomy":"post_tag","embeddable":true,"href":"https:\/\/www.elsinodaldetamaulipas.com.mx\/index.php?rest_route=%2Fwp%2Fv2%2Ftags&post=210527"}],"curies":[{"name":"wp","href":"https:\/\/api.w.org\/{rel}","templated":true}]}}