{"id":210530,"date":"2025-09-01T14:45:53","date_gmt":"2025-09-01T18:45:53","guid":{"rendered":"https:\/\/www.elsinodaldetamaulipas.com.mx\/?p=210530"},"modified":"2025-09-01T14:45:53","modified_gmt":"2025-09-01T18:45:53","slug":"reacciones-contrastantes-en-el-regreso-escolar","status":"publish","type":"post","link":"https:\/\/www.elsinodaldetamaulipas.com.mx\/?p=210530","title":{"rendered":"REACCIONES CONTRASTANTES EN EL REGRESO ESCOLAR"},"content":{"rendered":"<p><em><strong>Por Gil Vicente Galindo\/EL SINODAL DE TAMAULIPAS<\/strong><\/em><\/p>\n<p>Reynosa, Tam.- Entre una gran algarab\u00eda, risas y l\u00e1grimas para los demnuevo0 ingreso, fue el regreso a clases de educaci\u00f3n b\u00e1sica para el periodo 2025-2026 en toda la rep\u00fablica mexicana, con distintos horarios, pero a clases se ha dicho.<\/p>\n<p>Autoridades estatales, federales y municipales realizaron ceremonias de arranque del ciclo escolar, de las cuales la mayor\u00eda de ni\u00f1as y ni\u00f1os, no les dieron la menor importancia.<\/p>\n<p>Las bienvenidas a escuelas fueron por parte maestras y maestros as\u00ed como directivos de los distintos planteles educativos de preescolar, primaria y secundarias.<\/p>\n<p>Quienes ingresaron por vez a las aulas de aprendizaje, obviamente llegan con total desconocimiento, por ello las reacciones de llanto de los peque\u00f1os y de madres de familia, se pusieron de manifiesto en su primer d\u00eda de \u201cseparaci\u00f3n\u201d.<\/p>\n<p>La mayor\u00eda solo cambiaron de sal\u00f3n al iniciar sus clases en grados superior al del ciclo pasado y otros de escuela al llegar a la secundaria, primaria o preparatoria, otros m\u00e1s a nivel superior y a la universidad, aunque estos \u00faltimos ya ten\u00edan algunos d\u00edas de haber iniciado.<\/p>\n","protected":false},"excerpt":{"rendered":"<p>Por Gil Vicente Galindo\/EL SINODAL DE TAMAULIPAS Reynosa, Tam.- Entre una gran algarab\u00eda, risas y l\u00e1grimas para los demnuevo0 ingreso, fue el regreso a clases de educaci\u00f3n b\u00e1sica para el periodo 2025-2026 en toda la rep\u00fablica mexicana, con distintos horarios, pero a clases se ha dicho. Autoridades estatales, federales y municipales realizaron ceremonias de arranque [&hellip;]<\/p>\n","protected":false},"author":1,"featured_media":210531,"comment_status":"closed","ping_status":"closed","sticky":false,"template":"","format":"standard","meta":{"footnotes":""},"categories":[1,2],"tags":[],"class_list":["post-210530","post","type-post","status-publish","format-standard","has-post-thumbnail","hentry","category-portada","category-reynosa"],"_links":{"self":[{"href":"https:\/\/www.elsinodaldetamaulipas.com.mx\/index.php?rest_route=\/wp\/v2\/posts\/210530","targetHints":{"allow":["GET"]}}],"collection":[{"href":"https:\/\/www.elsinodaldetamaulipas.com.mx\/index.php?rest_route=\/wp\/v2\/posts"}],"about":[{"href":"https:\/\/www.elsinodaldetamaulipas.com.mx\/index.php?rest_route=\/wp\/v2\/types\/post"}],"author":[{"embeddable":true,"href":"https:\/\/www.elsinodaldetamaulipas.com.mx\/index.php?rest_route=\/wp\/v2\/users\/1"}],"replies":[{"embeddable":true,"href":"https:\/\/www.elsinodaldetamaulipas.com.mx\/index.php?rest_route=%2Fwp%2Fv2%2Fcomments&post=210530"}],"version-history":[{"count":1,"href":"https:\/\/www.elsinodaldetamaulipas.com.mx\/index.php?rest_route=\/wp\/v2\/posts\/210530\/revisions"}],"predecessor-version":[{"id":210532,"href":"https:\/\/www.elsinodaldetamaulipas.com.mx\/index.php?rest_route=\/wp\/v2\/posts\/210530\/revisions\/210532"}],"wp:featuredmedia":[{"embeddable":true,"href":"https:\/\/www.elsinodaldetamaulipas.com.mx\/index.php?rest_route=\/wp\/v2\/media\/210531"}],"wp:attachment":[{"href":"https:\/\/www.elsinodaldetamaulipas.com.mx\/index.php?rest_route=%2Fwp%2Fv2%2Fmedia&parent=210530"}],"wp:term":[{"taxonomy":"category","embeddable":true,"href":"https:\/\/www.elsinodaldetamaulipas.com.mx\/index.php?rest_route=%2Fwp%2Fv2%2Fcategories&post=210530"},{"taxonomy":"post_tag","embeddable":true,"href":"https:\/\/www.elsinodaldetamaulipas.com.mx\/index.php?rest_route=%2Fwp%2Fv2%2Ftags&post=210530"}],"curies":[{"name":"wp","href":"https:\/\/api.w.org\/{rel}","templated":true}]}}