{"id":210533,"date":"2025-09-01T15:08:37","date_gmt":"2025-09-01T19:08:37","guid":{"rendered":"https:\/\/www.elsinodaldetamaulipas.com.mx\/?p=210533"},"modified":"2025-09-01T15:08:37","modified_gmt":"2025-09-01T19:08:37","slug":"frente-climatologico-pegara-en-tamaulipas","status":"publish","type":"post","link":"https:\/\/www.elsinodaldetamaulipas.com.mx\/?p=210533","title":{"rendered":"FRENTE CLIMATOL\u00d3GICO PEGAR\u00c1 EN TAMAULIPAS"},"content":{"rendered":"<p>Por Julio Manuel Loya Guzm\u00e1n\/EL SINODAL DE TAMAULIPAS<\/p>\n<p>Reynosa, Tamaulipas.\u2013\u00a0El Servicio Meteorol\u00f3gico Nacional (SMN) inform\u00f3 que el frente fr\u00edo n\u00famero uno de la temporada, con caracter\u00edsticas de estacionario, se mantiene muy pr\u00f3ximo a la frontera norte del pa\u00eds y generar\u00e1 condiciones de inestabilidad en entidades del noreste durante las pr\u00f3ximas 72 horas.<\/p>\n<p>&nbsp;<\/p>\n<p>De acuerdo con el pron\u00f3stico, el sistema frontal, ubicado sobre el sur de Estados Unidos y cercano a la frontera mexicana, provocar\u00e1\u00a0lluvias puntuales intensas, rachas de viento de 50 a 70 kil\u00f3metros por hora y la posible formaci\u00f3n de torbellinos en Coahuila, adem\u00e1s de\u00a0chubascos dispersos en Nuevo Le\u00f3n y Tamaulipas.<\/p>\n<p>&nbsp;<\/p>\n<p>Para este\u00a0lunes 1 de septiembre, el fen\u00f3meno ser\u00e1 reforzado por una\u00a0masa de aire fr\u00edo proveniente de Estados Unidos, que se extender\u00e1 sobre el noreste del territorio nacional. Como consecuencia, se espera un\u00a0descenso en las temperaturas, rachas de viento de 40 a 60 kil\u00f3metros por hora y lluvias muy fuertes en Coahuila, Nuevo Le\u00f3n y Tamaulipas.<\/p>\n<p>&nbsp;<\/p>\n<p>El\u00a0martes 2 de septiembre, el frente fr\u00edo n\u00famero uno continuar\u00e1 con caracter\u00edsticas de estacionario sobre el norte y noreste de M\u00e9xico, manteniendo\u00a0ambiente m\u00e1s fresco, r\u00e1fagas de viento cercanas a los 60 kil\u00f3metros por hora y precipitaciones fuertes a muy fuertes en la regi\u00f3n.<\/p>\n<p>&nbsp;<\/p>\n<p>Para el mi\u00e9rcoles 3 de septiembre, continuar\u00e1n las lluvias hasta probabilidad de un 90 por ciento en diversas regiones de Tamaulipas.<\/p>\n<p>&nbsp;<\/p>\n<p>El organismo dependiente de la Comisi\u00f3n Nacional del Agua (Conagua) hizo un llamado a la poblaci\u00f3n a\u00a0mantenerse informada a trav\u00e9s de los avisos oficiales y tomar precauciones, especialmente en zonas con riesgo de tormentas el\u00e9ctricas, ca\u00edda de granizo, fuertes vientos o la posible presencia de torbellinos en \u00e1reas del noreste del pa\u00eds.<\/p>\n<p>&nbsp;<\/p>\n<p>En el caso de Tamaulipas, se prev\u00e9 que la entrada del primer frente fr\u00edo refresque el ambiente en varias zonas del estado, con un alivio temporal al calor extremo que se hab\u00eda registrado durante semanas recientes, aunque acompa\u00f1ado de condiciones de lluvia y rachas de viento que podr\u00edan afectar a comunidades vulnerables<\/p>\n","protected":false},"excerpt":{"rendered":"<p>Por Julio Manuel Loya Guzm\u00e1n\/EL SINODAL DE TAMAULIPAS Reynosa, Tamaulipas.\u2013\u00a0El Servicio Meteorol\u00f3gico Nacional (SMN) inform\u00f3 que el frente fr\u00edo n\u00famero uno de la temporada, con caracter\u00edsticas de estacionario, se mantiene muy pr\u00f3ximo a la frontera norte del pa\u00eds y generar\u00e1 condiciones de inestabilidad en entidades del noreste durante las pr\u00f3ximas 72 horas. &nbsp; De acuerdo [&hellip;]<\/p>\n","protected":false},"author":1,"featured_media":210534,"comment_status":"closed","ping_status":"closed","sticky":false,"template":"","format":"standard","meta":{"footnotes":""},"categories":[1,2],"tags":[],"class_list":["post-210533","post","type-post","status-publish","format-standard","has-post-thumbnail","hentry","category-portada","category-reynosa"],"_links":{"self":[{"href":"https:\/\/www.elsinodaldetamaulipas.com.mx\/index.php?rest_route=\/wp\/v2\/posts\/210533","targetHints":{"allow":["GET"]}}],"collection":[{"href":"https:\/\/www.elsinodaldetamaulipas.com.mx\/index.php?rest_route=\/wp\/v2\/posts"}],"about":[{"href":"https:\/\/www.elsinodaldetamaulipas.com.mx\/index.php?rest_route=\/wp\/v2\/types\/post"}],"author":[{"embeddable":true,"href":"https:\/\/www.elsinodaldetamaulipas.com.mx\/index.php?rest_route=\/wp\/v2\/users\/1"}],"replies":[{"embeddable":true,"href":"https:\/\/www.elsinodaldetamaulipas.com.mx\/index.php?rest_route=%2Fwp%2Fv2%2Fcomments&post=210533"}],"version-history":[{"count":1,"href":"https:\/\/www.elsinodaldetamaulipas.com.mx\/index.php?rest_route=\/wp\/v2\/posts\/210533\/revisions"}],"predecessor-version":[{"id":210535,"href":"https:\/\/www.elsinodaldetamaulipas.com.mx\/index.php?rest_route=\/wp\/v2\/posts\/210533\/revisions\/210535"}],"wp:featuredmedia":[{"embeddable":true,"href":"https:\/\/www.elsinodaldetamaulipas.com.mx\/index.php?rest_route=\/wp\/v2\/media\/210534"}],"wp:attachment":[{"href":"https:\/\/www.elsinodaldetamaulipas.com.mx\/index.php?rest_route=%2Fwp%2Fv2%2Fmedia&parent=210533"}],"wp:term":[{"taxonomy":"category","embeddable":true,"href":"https:\/\/www.elsinodaldetamaulipas.com.mx\/index.php?rest_route=%2Fwp%2Fv2%2Fcategories&post=210533"},{"taxonomy":"post_tag","embeddable":true,"href":"https:\/\/www.elsinodaldetamaulipas.com.mx\/index.php?rest_route=%2Fwp%2Fv2%2Ftags&post=210533"}],"curies":[{"name":"wp","href":"https:\/\/api.w.org\/{rel}","templated":true}]}}