{"id":210539,"date":"2025-09-01T17:38:45","date_gmt":"2025-09-01T21:38:45","guid":{"rendered":"https:\/\/www.elsinodaldetamaulipas.com.mx\/?p=210539"},"modified":"2025-09-01T17:39:21","modified_gmt":"2025-09-01T21:39:21","slug":"la-nueva-caja-china","status":"publish","type":"post","link":"https:\/\/www.elsinodaldetamaulipas.com.mx\/?p=210539","title":{"rendered":"LA NUEVA CAJA CHINA"},"content":{"rendered":"<p>Viendo las cosas fr\u00edamente, aunque parece ser real el pleito entre los legisladores ALEJANDRO MORENO CARDENAS del PRI y GERARDO FERNANDEZ NORO\u00d1A de Morena, el cual lleg\u00f3 hasta parecer un espect\u00e1culo pandillero en el Senado, lo cierto es que de ese zafarrancho ambos resultaron ganadores.<\/p>\n<p>Los resultados del mismo hacen pensar mal, hacer creer que se pusieron de acuerdo para echar andar la nueva caja china de estos tiempos para desviar la atenci\u00f3n de otros asuntos de mayor importancia, digo, no es que no sea importante que los legisladores tengan buen comportamiento, que hagan el esfuerzo por verse, aunque sea un poquito, como pol\u00edticos, pero para ellos hay otros temas que les duelen m\u00e1s y merecen su atenci\u00f3n medi\u00e1tica al costo que sea, como el de hacer el rid\u00edculo enfrent\u00e1ndose a golpes.<\/p>\n<p>Aunque se duda que se pusieran de acuerdo, pues con la soberbia que se carga FERNANDEZ NORO\u00d1A eso parece imposible, menos que quisiera que le dieran senda cachetada y tremendo zape, aparte de quedar como cobarde y llor\u00f3n, pero todo es posible. Adem\u00e1s, echa por tierra el que el pleito fuera consensuado, aunque ya vi\u00e9ndolo fr\u00edamente pareciera, es que prepotente como es GERARDO FERNANDEZ utiliz\u00f3 nuevamente las instituciones para cobrar venganza, el ministerio p\u00fablico acudi\u00f3 hasta el Senado para que ah\u00ed los morenos \u201cagraviados\u201d levantaran denuncia en contra de ALITO.<\/p>\n<p>Pero sin querer queriendo, o quiz\u00e1 queriendo sin querer, ambos personajes ALEJANDRO MORENO y GERARDO FERNANDEZ resultaron muy beneficiados. Mire, ya casi pasa una semana y el tema sigue dando de qu\u00e9 hablar.<\/p>\n<p>Ya hasta se dio el cambio de presidencia el Senado y ALITO y NORO\u00d1A contin\u00faan enfrascados en sus dimes y diretes, protagonizando historias un tanto escandalosas, eso s\u00ed, nada que tenga que ver con la mansi\u00f3n de Noro\u00f1a.<\/p>\n<p>Mientras el esc\u00e1ndalo continua, FERNANDEZ NORO\u00d1A tiene tema para evadir contestar el asunto de su lujosa casa que d\u00e9 inicio se dijo ten\u00eda un costo de casi 12 millones de pesos y que supuestamente, aunque ni con ello cuadraban las cuentas, dice el senador petista-morenista que la adquiri\u00f3 mediante cr\u00e9dito, \u00bfQu\u00e9 nos avisen que banco o financiera presta a personas mayores de 65 a\u00f1os esas sumas?<\/p>\n<p>Nada cuadra, porque ahora resulta, de acuerdo a lo dicho por el abogado de la comunidad ejidal de Tepoztl\u00e1n, Morelos, que esa propiedad fue adquirida de manera ilegal pues la asamblea ejidal no firm\u00f3 ni otorg\u00f3 ning\u00fan permiso para ello, FERNANDEZ NORO\u00d1A jam\u00e1s fue ni siquiera a una junta con la asamblea legal vigente.<\/p>\n<p>Adem\u00e1s, que esos terrenos ya hab\u00edan estado en litigo hace a\u00f1os y gan\u00f3 la comunidad ejidal pues es una zona protegida, no para construcci\u00f3n, la tierra pertenece al ejido y es de conservaci\u00f3n ambiental, no de uso particular, por lo tanto, ni siquiera se puede gravar para que entre en un cr\u00e9dito hipotecario.<\/p>\n<p>CARLOS ROJAS, asesor jur\u00eddico de la comunidad ejidal de Tepoztl\u00e1n, manifiesta que ese espacio est\u00e1 sujeto a una restituci\u00f3n de tierras, que hay muchas irregularidades en el c\u00f3mo NORO\u00d1A se apropi\u00f3 del mismo pues aparte es patrimonio de la naci\u00f3n.<\/p>\n<p>NORO\u00d1A dice que le cost\u00f3 12 millones y vecinos del lugar aseguran que por la importancia de la zona y lo que representa, aparte de que no se puede edificar ah\u00ed, el valor de los terrenos aleda\u00f1os es de por lo menos 100 mil pesos el metro cuadrado y la finca cuenta con un total de 1,200 metros cuadrados por lo que el costo aproximado, sin contar la construcci\u00f3n y equipamiento, tendr\u00eda un valor de 25 millones de pesos.<\/p>\n<p>Ahora s\u00ed que como dijera CHICHOCHE, \u00bfqui\u00e9n pompo?, o, mejor dicho, con qu\u00e9 dinero la compr\u00f3 pues ni ganando lo que ahorita gana toda su vida le alcanzar\u00eda para adquirirla.<\/p>\n<p>Esa es una de las razones por las que a NORO\u00d1A le urg\u00eda un esc\u00e1ndalo y lo motivo al estar cocoreando a los senadores de oposici\u00f3n y negarle la voz al presidente del PRI provocando que \u00e9ste fuera a reclamarle y se diera el manoteo, gritos y jaloneo, porque ni siquiera pu\u00f1etazo fue.<\/p>\n<p>Con el esc\u00e1ndalo en el Senado GERARDO FERNANDEZ NORO\u00d1A, aunque quede como correl\u00f3n, cobarde, prepotente y llor\u00f3n, desv\u00eda la atenci\u00f3n de escandaloso asunto de su casa y de paso el de la barredora de ADAN AUGUSTO.<\/p>\n<p>Por lo tanto, y aunque pareciera que NORO\u00d1A fue el m\u00e1s afectado en su orgullo, lo real es que es el m\u00e1s beneficiado con el escandalito del Senado para sacarle la vuelta al de su casa en Tepoztl\u00e1n y otros temas.<\/p>\n<p>Claro, ALEJANDRO MORENO CARDENAS, ALITO, tambi\u00e9n sale ganando, \u00e9l necesitaba reivindicarse con la gente, demostrar liderazgo, que se le vea valiente y el pleito, donde call\u00f3 a Noro\u00f1a, muchos mexicanos lo aplaudieron, logr\u00f3 subirse al ring de la popularidad.<\/p>\n<p>Hoy Alito es m\u00e1s querido que la semana pasada, la gente no le cuestiona sus coches de alta gama ni nada, lo ven como un buen mexicano fajador, que le entra hasta a los golpes de ser necesario para hacerse escuchar y, como la ciudadan\u00eda en estos tiempos est\u00e1 \u00e1vida de personajes con cuales identificarse y que den muestra que no se debe quedar callado cuando hay alguna arbitrariedad, MORENO CARDENAS se lleva las palmas.<\/p>\n<p>Tanto ALEJANDRO MORENO como GERARDO FERNADEZ se demandan, este \u00faltimo y su bancada pide el desafuero del priista, pero el senador IGNACIO MIER dice que no hay elementos para tal eventualidad, as\u00ed es que es posible nada suceder\u00e1.<\/p>\n<p>Mientras que para GERARDO FERNANDEZ NORO\u00d1A el pleito con ALITO parece tener la intenci\u00f3n de una caja china, cortina de humo para ocultar o distraer la atenci\u00f3n de lo de su casa, todas las irregularidades de su adquisici\u00f3n, aparte de otros temas que afectan a la naci\u00f3n.<\/p>\n","protected":false},"excerpt":{"rendered":"<p>Viendo las cosas fr\u00edamente, aunque parece ser real el pleito entre los legisladores ALEJANDRO MORENO CARDENAS del PRI y GERARDO FERNANDEZ NORO\u00d1A de Morena, el cual lleg\u00f3 hasta parecer un espect\u00e1culo pandillero en el Senado, lo cierto es que de ese zafarrancho ambos resultaron ganadores. Los resultados del mismo hacen pensar mal, hacer creer que [&hellip;]<\/p>\n","protected":false},"author":1,"featured_media":210146,"comment_status":"closed","ping_status":"closed","sticky":false,"template":"","format":"standard","meta":{"footnotes":""},"categories":[16],"tags":[],"class_list":["post-210539","post","type-post","status-publish","format-standard","has-post-thumbnail","hentry","category-opinion"],"_links":{"self":[{"href":"https:\/\/www.elsinodaldetamaulipas.com.mx\/index.php?rest_route=\/wp\/v2\/posts\/210539","targetHints":{"allow":["GET"]}}],"collection":[{"href":"https:\/\/www.elsinodaldetamaulipas.com.mx\/index.php?rest_route=\/wp\/v2\/posts"}],"about":[{"href":"https:\/\/www.elsinodaldetamaulipas.com.mx\/index.php?rest_route=\/wp\/v2\/types\/post"}],"author":[{"embeddable":true,"href":"https:\/\/www.elsinodaldetamaulipas.com.mx\/index.php?rest_route=\/wp\/v2\/users\/1"}],"replies":[{"embeddable":true,"href":"https:\/\/www.elsinodaldetamaulipas.com.mx\/index.php?rest_route=%2Fwp%2Fv2%2Fcomments&post=210539"}],"version-history":[{"count":1,"href":"https:\/\/www.elsinodaldetamaulipas.com.mx\/index.php?rest_route=\/wp\/v2\/posts\/210539\/revisions"}],"predecessor-version":[{"id":210540,"href":"https:\/\/www.elsinodaldetamaulipas.com.mx\/index.php?rest_route=\/wp\/v2\/posts\/210539\/revisions\/210540"}],"wp:featuredmedia":[{"embeddable":true,"href":"https:\/\/www.elsinodaldetamaulipas.com.mx\/index.php?rest_route=\/wp\/v2\/media\/210146"}],"wp:attachment":[{"href":"https:\/\/www.elsinodaldetamaulipas.com.mx\/index.php?rest_route=%2Fwp%2Fv2%2Fmedia&parent=210539"}],"wp:term":[{"taxonomy":"category","embeddable":true,"href":"https:\/\/www.elsinodaldetamaulipas.com.mx\/index.php?rest_route=%2Fwp%2Fv2%2Fcategories&post=210539"},{"taxonomy":"post_tag","embeddable":true,"href":"https:\/\/www.elsinodaldetamaulipas.com.mx\/index.php?rest_route=%2Fwp%2Fv2%2Ftags&post=210539"}],"curies":[{"name":"wp","href":"https:\/\/api.w.org\/{rel}","templated":true}]}}