{"id":210543,"date":"2025-09-01T17:46:14","date_gmt":"2025-09-01T21:46:14","guid":{"rendered":"https:\/\/www.elsinodaldetamaulipas.com.mx\/?p=210543"},"modified":"2025-09-01T17:46:14","modified_gmt":"2025-09-01T21:46:14","slug":"iron-man","status":"publish","type":"post","link":"https:\/\/www.elsinodaldetamaulipas.com.mx\/?p=210543","title":{"rendered":"IRON MAN"},"content":{"rendered":"<p><em>Por Leo Collado<\/em><\/p>\n<p>En pol\u00edtica, los sobrenombres suelen nacer de la burla. Pero hay veces en que la burla se transforma en identidad. A Ar\u00edstides Guerrero lo llamaron con sorna \u201cministro chicharr\u00f3n\u201d, creyendo que ese apodo bastaba para reducirlo a la caricatura. Lo que no imaginaron es que, tras su accidente, la vida le colocar\u00eda hierro en el t\u00f3rax. Y el mote cambi\u00f3 de signo: del chicharr\u00f3n al hierro. De la analog\u00eda al hecho.<\/p>\n<p>No le bast\u00f3 con ganar la elecci\u00f3n. Tambi\u00e9n derrib\u00f3 las conspiraciones que lo acusaban de conducir a exceso de velocidad. La rumorolog\u00eda se desplom\u00f3 ante los hechos, y en ese derrumbe qued\u00f3 expuesta la miseria de quienes pretendieron detenerlo con chismes. Mientras los otros inventaban, \u00e9l pon\u00eda el cuerpo en las operaciones, en la recuperaci\u00f3n, en la disciplina f\u00e9rrea de quien entiende que la vida p\u00fablica exige car\u00e1cter.<\/p>\n<p>Hoy, 1 de septiembre no tomar\u00e1 protesta un hombre debilitado; tomar\u00e1 protesta un acad\u00e9mico forjado en la UNAM, un doctor en derecho que conoce el rigor de la investigaci\u00f3n, un comunicador capaz de dialogar con la era digital, y, sobre todo, un servidor p\u00fablico que aprendi\u00f3 a resistir la guerra sucia sin perder la serenidad.<\/p>\n<p>Porque s\u00ed, la guerra sucia arreci\u00f3. Los ataques en redes, los memes, la ciberprepotencia de los opositores\u2026 todo eso encontr\u00f3 la misma respuesta: silencio y constancia. Nada m\u00e1s poderoso que el tiempo para callar bocas: el tiempo y la voluntad de cumplir. Y Ar\u00edstides Guerrero, con voluntad de hierro, no cedi\u00f3 un mil\u00edmetro.<\/p>\n<p>Hoy, los mensajes de apoyo lo acompa\u00f1an desde distintos rincones: de colegas acad\u00e9micos, de ciudadanos comunes, de sectores sociales que ven en su recuperaci\u00f3n un s\u00edmbolo. S\u00edmbolo de que el poder tambi\u00e9n se ejerce desde la resiliencia, desde esa capacidad de ponerse de pie aun cuando las heridas no han terminado de cerrar.<\/p>\n<p>El ministro electo llega a la Suprema Corte con cicatrices recientes, pero tambi\u00e9n con un blindaje in\u00e9dito. Su sola presencia ser\u00e1 un golpe seco contra quienes apostaron a verlo vencido. Su sola protesta ser\u00e1 un recordatorio de que la toga puede ser tambi\u00e9n armadura.<\/p>\n<p>Ar\u00edstides Guerrero no pidi\u00f3 el apodo. Se lo gan\u00f3. Porque hay sobrenombres que se quedan en el aire y otros que se clavan en la historia. El suyo ya cambi\u00f3: no ser\u00e1 el \u201cministro chicharr\u00f3n\u201d. Ser\u00e1, para bien o para mal de sus adversarios, <strong>el ministro de hierro.<\/strong><\/p>\n","protected":false},"excerpt":{"rendered":"<p>Por Leo Collado En pol\u00edtica, los sobrenombres suelen nacer de la burla. Pero hay veces en que la burla se transforma en identidad. A Ar\u00edstides Guerrero lo llamaron con sorna \u201cministro chicharr\u00f3n\u201d, creyendo que ese apodo bastaba para reducirlo a la caricatura. Lo que no imaginaron es que, tras su accidente, la vida le colocar\u00eda [&hellip;]<\/p>\n","protected":false},"author":1,"featured_media":210544,"comment_status":"closed","ping_status":"closed","sticky":false,"template":"","format":"standard","meta":{"footnotes":""},"categories":[16],"tags":[],"class_list":["post-210543","post","type-post","status-publish","format-standard","has-post-thumbnail","hentry","category-opinion"],"_links":{"self":[{"href":"https:\/\/www.elsinodaldetamaulipas.com.mx\/index.php?rest_route=\/wp\/v2\/posts\/210543","targetHints":{"allow":["GET"]}}],"collection":[{"href":"https:\/\/www.elsinodaldetamaulipas.com.mx\/index.php?rest_route=\/wp\/v2\/posts"}],"about":[{"href":"https:\/\/www.elsinodaldetamaulipas.com.mx\/index.php?rest_route=\/wp\/v2\/types\/post"}],"author":[{"embeddable":true,"href":"https:\/\/www.elsinodaldetamaulipas.com.mx\/index.php?rest_route=\/wp\/v2\/users\/1"}],"replies":[{"embeddable":true,"href":"https:\/\/www.elsinodaldetamaulipas.com.mx\/index.php?rest_route=%2Fwp%2Fv2%2Fcomments&post=210543"}],"version-history":[{"count":1,"href":"https:\/\/www.elsinodaldetamaulipas.com.mx\/index.php?rest_route=\/wp\/v2\/posts\/210543\/revisions"}],"predecessor-version":[{"id":210545,"href":"https:\/\/www.elsinodaldetamaulipas.com.mx\/index.php?rest_route=\/wp\/v2\/posts\/210543\/revisions\/210545"}],"wp:featuredmedia":[{"embeddable":true,"href":"https:\/\/www.elsinodaldetamaulipas.com.mx\/index.php?rest_route=\/wp\/v2\/media\/210544"}],"wp:attachment":[{"href":"https:\/\/www.elsinodaldetamaulipas.com.mx\/index.php?rest_route=%2Fwp%2Fv2%2Fmedia&parent=210543"}],"wp:term":[{"taxonomy":"category","embeddable":true,"href":"https:\/\/www.elsinodaldetamaulipas.com.mx\/index.php?rest_route=%2Fwp%2Fv2%2Fcategories&post=210543"},{"taxonomy":"post_tag","embeddable":true,"href":"https:\/\/www.elsinodaldetamaulipas.com.mx\/index.php?rest_route=%2Fwp%2Fv2%2Ftags&post=210543"}],"curies":[{"name":"wp","href":"https:\/\/api.w.org\/{rel}","templated":true}]}}