{"id":210554,"date":"2025-09-01T18:40:58","date_gmt":"2025-09-01T22:40:58","guid":{"rendered":"https:\/\/www.elsinodaldetamaulipas.com.mx\/?p=210554"},"modified":"2025-09-01T18:40:58","modified_gmt":"2025-09-01T22:40:58","slug":"elogiable-ascenso-politico-de-imelda-sanmiguel","status":"publish","type":"post","link":"https:\/\/www.elsinodaldetamaulipas.com.mx\/?p=210554","title":{"rendered":"ELOGIABLE ASCENSO POL\u00cdTICO DE IMELDA SANMIGUEL"},"content":{"rendered":"<p>De inter\u00e9s para la clase pol\u00edtica de Tamaulipas, es el hecho de que la panista Imelda San Miguel S\u00e1nchez, rindiera protesta como una de las tres vicepresidentas del m\u00e1ximo \u00f3rgano de direcci\u00f3n pol\u00edtica del Senado de la Rep\u00fablica para el segundo a\u00f1o de ejercicio en la actual legislatura. Esta representaci\u00f3n del estado de Tamaulipas que ahora ostenta, contribuye a consolidar su carrera dentro de su partido, marcada por una trayectoria ascendente, en la que no puede pasarse por alto su cercan\u00eda con el exgobernador Francisco Garc\u00eda Cabeza de Vaca.<\/p>\n<p>Tambi\u00e9n anote usted que la nueva mesa directiva para el Senado, estar\u00e1 presidida por Laura Itzel Castillo Ju\u00e1rez, hija del ingeniero Heberto Castillo, figura emblem\u00e1tica de la izquierda mexicana. Ella fue integrante de la Asamblea Legislativa del D.F.; 2 veces diputada federal (1997-1991) y (2009-2012) y delegada (hoy ser\u00eda alcaldesa) en Coyoac\u00e1n de 1999 a 2000.<\/p>\n<p>Por lo que respecta a San Miguel fue regidora en el Municipio de Nuevo Laredo,\u00a0secretaria de Obras P\u00fablicas, Desarrollo Urbano y Medio Ambiente de dicho municipio de 2018 a 2019\u00a0y en ese mismo a\u00f1o result\u00f3 electa diputada local y logr\u00f3 reelegirse en 2021; posteriormente en un primer intento por la senadur\u00eda perdi\u00f3 la elecci\u00f3n\u00a0en los comicios de 2023, volvi\u00f3 a ser candidata al Senado de la Rep\u00fablica en 2024 y gan\u00f3 el esca\u00f1o que hoy ocupa por el principio de primera minor\u00eda (obtuvo segundo lugar en la votaci\u00f3n).<\/p>\n<p>Imelda, junto a Olga Sosa Ruiz de Morena y Maki Ortiz Dom\u00ednguez del PVEM, son las tres opciones femeninas que por ahora est\u00e1n a la vista en la competencia electoral por la gubernatura, donde los prospectos varones prefieren no asomarse, ni siquiera JR G\u00f3mez Leal, protegido de Ad\u00e1n Augusto L\u00f3pez, quien por cierto, no vive ahora sus mejores momentos. La pol\u00edtica es una rueda de la fortuna, a veces arriba y otras abajo.<\/p>\n<p>2.- Por lo que se refiere al acontecimiento protagonizado por Imelda San Miguel de alcanzar una vicepresidencia en el Senado, surge casi al mismo tiempo del \u201cdestape\u201d formal de la doctora Maki como opci\u00f3n a la candidatura al Poder Ejecutivo Estatal, dado a conocer por el partido Verde, pese que Ortiz Dom\u00ednguez es senadora por San Luis Potos\u00ed, el anuncio lo hizo en Reynosa el coordinador nacional del PVEM, Arturo Escobar.<\/p>\n<p>La Dra. Ortiz Dom\u00ednguez, como es del dominio p\u00fablico, ha sido 2 veces alcaldesa de Reynosa, diputada federal, senadora y ahora senadora suplente.<\/p>\n<p>Sin duda Maki Ortiz es un peso completo pol\u00edticamente hablando, pero hoy en d\u00eda los partidos opositores a Morena, se ven d\u00e9biles frente a la corriente guinda. Sin embargo, es importante desde el punto de vista ciudadano, no abandonar la competencia electoral, adem\u00e1s, la historia nos refiere, que fuerzas menores han logrado en alg\u00fan momento un crecimiento inesperado, fue el caso de Acci\u00f3n Nacional con Vicente Fox.<\/p>\n<p>El PRD, que ha sido una fuerza menor, tambi\u00e9n ha logrado presencia importante en 2 estados de la Rep\u00fablica, y varios municipios. En fin, no hay enemigo peque\u00f1o, ni rival gigante que no pueda ser derrotado, un ejemplo es el propio PRI, cuyo poder hegem\u00f3nico, se pens\u00f3 que era para toda la vida.<\/p>\n<p><strong>IMPULSA LA UAT LA INNOVACI\u00d3N EDUCATIVA<\/strong>. \u2013 Durante el Congreso Estatal de Buenas Pr\u00e1cticas Educativas 2025, que llev\u00f3 a cabo la Universidad Aut\u00f3noma de Tamaulipas en conjunto con el Gobierno del Estado, a trav\u00e9s de la Secretar\u00eda de Educaci\u00f3n, dej\u00f3 constancia de su compromiso con la educaci\u00f3n de calidad impulsando la innovaci\u00f3n pedag\u00f3gica, el fortalecimiento docente y la educaci\u00f3n transformadora.<\/p>\n<p>Ese espacio de reflexi\u00f3n, aprendizaje colectivo e intercambio de experiencias vino a fortalecen la pr\u00e1ctica educativa en el nivel medio superior y superior en Tamaulipas,\u00a0<a>impulsando la innovaci\u00f3n pedag\u00f3gica, el fortalecimiento docente y la educaci\u00f3n transformadora. El evento logr\u00f3 reunir a m\u00e1s de mil 200<\/a>\u00a0docentes de 21 instituciones externas provenientes de las tres regiones del estado, donde fueron presentadas 234 ponencias, durante 6 sesiones y en 5 diferentes salas, abordando temas relacionados con innovaci\u00f3n educativa, inclusi\u00f3n, pedagog\u00eda socioformativa y desarrollo de competencias para la docencia contempor\u00e1nea.<\/p>\n<p>En este congreso se tuvo la participaci\u00f3n del Dr. Sergio de Jes\u00fas Tob\u00f3n Tob\u00f3n, presidente del Centro Universitario CIFE, quien imparti\u00f3 una conferencia en la que abord\u00f3 la integraci\u00f3n de la inteligencia artificial en la educaci\u00f3n y la importancia de desarrollar metahabilidades socioformativas en estudiantes y docentes.<\/p>\n<p>Con la realizaci\u00f3n de este Congreso, la UAT reafirma su papel como motor del desarrollo educativo y acad\u00e9mico del estado, promoviendo la investigaci\u00f3n, la actualizaci\u00f3n constante de la docencia y la implementaci\u00f3n de estrategias que respondan a los desaf\u00edos del mundo contempor\u00e1neo, asegurando que sus estudiantes y docentes est\u00e9n preparados para participar de manera cr\u00edtica, \u00e9tica y responsable en la sociedad del conocimiento.<\/p>\n","protected":false},"excerpt":{"rendered":"<p>De inter\u00e9s para la clase pol\u00edtica de Tamaulipas, es el hecho de que la panista Imelda San Miguel S\u00e1nchez, rindiera protesta como una de las tres vicepresidentas del m\u00e1ximo \u00f3rgano de direcci\u00f3n pol\u00edtica del Senado de la Rep\u00fablica para el segundo a\u00f1o de ejercicio en la actual legislatura. Esta representaci\u00f3n del estado de Tamaulipas que [&hellip;]<\/p>\n","protected":false},"author":1,"featured_media":209127,"comment_status":"closed","ping_status":"closed","sticky":false,"template":"","format":"standard","meta":{"footnotes":""},"categories":[16],"tags":[],"class_list":["post-210554","post","type-post","status-publish","format-standard","has-post-thumbnail","hentry","category-opinion"],"_links":{"self":[{"href":"https:\/\/www.elsinodaldetamaulipas.com.mx\/index.php?rest_route=\/wp\/v2\/posts\/210554","targetHints":{"allow":["GET"]}}],"collection":[{"href":"https:\/\/www.elsinodaldetamaulipas.com.mx\/index.php?rest_route=\/wp\/v2\/posts"}],"about":[{"href":"https:\/\/www.elsinodaldetamaulipas.com.mx\/index.php?rest_route=\/wp\/v2\/types\/post"}],"author":[{"embeddable":true,"href":"https:\/\/www.elsinodaldetamaulipas.com.mx\/index.php?rest_route=\/wp\/v2\/users\/1"}],"replies":[{"embeddable":true,"href":"https:\/\/www.elsinodaldetamaulipas.com.mx\/index.php?rest_route=%2Fwp%2Fv2%2Fcomments&post=210554"}],"version-history":[{"count":1,"href":"https:\/\/www.elsinodaldetamaulipas.com.mx\/index.php?rest_route=\/wp\/v2\/posts\/210554\/revisions"}],"predecessor-version":[{"id":210555,"href":"https:\/\/www.elsinodaldetamaulipas.com.mx\/index.php?rest_route=\/wp\/v2\/posts\/210554\/revisions\/210555"}],"wp:featuredmedia":[{"embeddable":true,"href":"https:\/\/www.elsinodaldetamaulipas.com.mx\/index.php?rest_route=\/wp\/v2\/media\/209127"}],"wp:attachment":[{"href":"https:\/\/www.elsinodaldetamaulipas.com.mx\/index.php?rest_route=%2Fwp%2Fv2%2Fmedia&parent=210554"}],"wp:term":[{"taxonomy":"category","embeddable":true,"href":"https:\/\/www.elsinodaldetamaulipas.com.mx\/index.php?rest_route=%2Fwp%2Fv2%2Fcategories&post=210554"},{"taxonomy":"post_tag","embeddable":true,"href":"https:\/\/www.elsinodaldetamaulipas.com.mx\/index.php?rest_route=%2Fwp%2Fv2%2Ftags&post=210554"}],"curies":[{"name":"wp","href":"https:\/\/api.w.org\/{rel}","templated":true}]}}