{"id":210560,"date":"2025-09-01T18:49:56","date_gmt":"2025-09-01T22:49:56","guid":{"rendered":"https:\/\/www.elsinodaldetamaulipas.com.mx\/?p=210560"},"modified":"2025-09-01T18:49:56","modified_gmt":"2025-09-01T22:49:56","slug":"verde-que-te-quiero-verde","status":"publish","type":"post","link":"https:\/\/www.elsinodaldetamaulipas.com.mx\/?p=210560","title":{"rendered":"VERDE QUE TE QUIERO VERDE"},"content":{"rendered":"<div class=\"post-content\">\n<p>LOS HECHOS<br \/>\nPOR Jos\u00e9 In\u00e9s Figueroa Vitela<\/p>\n<p>&nbsp;<\/p>\n<p>\u00bfPero quie\u0301n vendra\u0301? \u00bfY por do\u0301nde\u2026? Ella sigue en su baranda,<br \/>\nverde carne, pelo verde, son\u0303ando en la mar amarga.<br \/>\n(Federico Garc\u00eda Lorca)<br \/>\nQu\u00e9 bueno que el partido verde, ecologista y de M\u00e9xico, en voz de uno de sus<br \/>\ngerentes -ARTURO ESCOBAR-, siente que ya creci\u00f3 y no necesita de m\u00e1s partidos \u2013<br \/>\ncomo ha sido su historia desde que naci\u00f3-, para poder transitar electoralmente, con<br \/>\n\u00e9xito.<br \/>\nQu\u00e9 bueno tambi\u00e9n, que otros personajes de la pol\u00edtica dom\u00e9stica, quienes<br \/>\npermanec\u00edan sobre la barda de las militancias, ya se definieron y proclamaron<br \/>\nabiertamente su pertenencia al PVEM, en el que depositaron sus expectativas de<br \/>\nfuturo.<br \/>\nTodo eso pas\u00f3 el fin de semana, en Reynosa, donde conferencia de prensa, reuni\u00f3n<br \/>\ncon presuntos cuadros del partido y mitin con presuntos simpatizantes, fueron<br \/>\ndefinidas como actos para el \u201cdestape\u201d de quienes ser\u00e1n los candidatos del Verde,<br \/>\nsolo, en las pr\u00f3ximas elecciones.<br \/>\nLos personajes en esa vor\u00e1gine ser\u00edan la diputada riobravense CASANDRA DE<br \/>\nLOS SANTOS, la Senadora por San Luis Potos\u00ed MAKI ORTIZ DOM\u00cdNGUEZ, el<br \/>\nalcalde anfitri\u00f3n CARLOS PE\u00d1A ORTIZ y el dirigente estatal partidista, MANUEL<br \/>\nMU\u00d1OZ CANO, todos, con el temprano aval del personero de los due\u00f1os de la<br \/>\nfranquicia.<br \/>\n\u201cCompadre -sigui\u00f3 escribiendo GARC\u00cdA LORCA-, quiero cambiar<br \/>\nmi caballo por su casa, mi montura por su espejo, mi cuchillo por su manta.<br \/>\nCompadre, vengo sangrando desde los puertos de Cabra\u201d.<br \/>\n\u00bfLos puertos de cabra no son donde atraca el macho cabr\u00edo?<br \/>\nHay a quienes les queda la duda sobre cu\u00e1ntos de los votos obtenidos\u00a0en el pasado<br \/>\nreciente, por candidatos venidos de otras fuerzas, o presumiendo luz propia, se<br \/>\noriginaron precisamente en su individualidad.<br \/>\nAs\u00ed como la inc\u00f3gnita perdura respecto de cu\u00e1ntos sufragios en realidad<br \/>\nreaccionaron al partido MORENA, a sus praxis, postulados y liderazgos.<\/p>\n<p>En pocas palabras, \u00bfCu\u00e1ntos sufragios en las f\u00f3rmulas que ahora hacen historia<br \/>\nfueron pejistas-americanistas (de AVA) y ahora sheinbaunistas-americanistas?<br \/>\nReynosa y los reynosenses, de acuerdo a aquellas primicias, tendr\u00e1n la oportunidad<br \/>\nen el 2 mil 27 de entrar en esas definiciones, si, en efecto, la familia gobernante local<br \/>\ny sus aliados, deciden ir solos con el Verde a medirse frente a MORENA y los<br \/>\nmorenistas.<br \/>\n\u201cSi yo pudiera, mocito, este trato se cerraba. Pero yo ya no soy yo, ni mi casa es ya<br \/>\nmi casa -les seguir\u00eda diciendo el poeta-. Compadre, quiero morir decentemente en mi<br \/>\ncama. De acero, si puede ser, con las sa\u0301banas de holanda\u201d.<br \/>\nEs un albur que, partiendo de verdad y valent\u00eda, no tendr\u00e1 mayores dobleces, como<br \/>\nlos que se dieron en otros tiempos, sembrando el camino de dudas.<br \/>\nHan de acabarse los resquemores, entre cuadros y simpatizantes de ambas fuerzas<br \/>\nque en m\u00e1s de una ocasi\u00f3n, se cruzaron miradas filosas de recelo.<br \/>\nLuego podr\u00e1n seguir retozando al canto del mismo poema:<br \/>\n\u00bfNo veis la herida que tengo desde el pecho a la garganta? Trescientas rosas<br \/>\nmorenas lleva tu pechera blanca. Tu sangre rezuma y huele, alrededor de tu faja.<br \/>\nNada que no haya pasado antes ni que pueda dejar de suceder despu\u00e9s:<br \/>\nLa noche se puso i\u0301ntima como una pequen\u0303a plaza. Guardias civiles borrachos, en la<br \/>\npuerta golpeaban. Verde que te quiero verde.Verde viento. Verdes ramas.<br \/>\nEl barco sobre la mar\u2026 Y el caballo en la montan\u0303a.<br \/>\nEn Victoria capital, se reuni\u00f3 la Mesa de Infraestructura, Conservaci\u00f3n y<br \/>\nMantenimiento Municipal, en la que participan representantes de distintos organismos<br \/>\ncamerales, en torno del alcalde LALO GATTAS, analizando avances de obra y<br \/>\nproyecciones para el plazo mediato.<br \/>\nAh\u00ed se reivindic\u00f3 el tema de la Central Camionera, que es rostro de salida y llegada<br \/>\npara propios y extra\u00f1os, habiendo permanecido en el abandono por largas d\u00e9cadas.<br \/>\nMucho agradecieron los usuarios la recuperci\u00f3n de los carriles de tr\u00e1nsito que<br \/>\nestaban invadidos, dec\u00edan, por los taxistas, con piedras y escombro, pero qued\u00f3 al<br \/>\ndescubierto precisamente la superficie de rodamiento de los veh\u00edculos totalmente<br \/>\ndestruida.<br \/>\nEs el primer reto a superar, sobre lo que el alcalde y los proyectista estuvieron<br \/>\nbordando para iniciar los trabajos a la brevedad posible.<\/p>\n<\/div>\n","protected":false},"excerpt":{"rendered":"<p>LOS HECHOS POR Jos\u00e9 In\u00e9s Figueroa Vitela &nbsp; \u00bfPero quie\u0301n vendra\u0301? \u00bfY por do\u0301nde\u2026? Ella sigue en su baranda, verde carne, pelo verde, son\u0303ando en la mar amarga. (Federico Garc\u00eda Lorca) Qu\u00e9 bueno que el partido verde, ecologista y de M\u00e9xico, en voz de uno de sus gerentes -ARTURO ESCOBAR-, siente que ya creci\u00f3 y [&hellip;]<\/p>\n","protected":false},"author":1,"featured_media":210125,"comment_status":"closed","ping_status":"closed","sticky":false,"template":"","format":"standard","meta":{"footnotes":""},"categories":[16],"tags":[],"class_list":["post-210560","post","type-post","status-publish","format-standard","has-post-thumbnail","hentry","category-opinion"],"_links":{"self":[{"href":"https:\/\/www.elsinodaldetamaulipas.com.mx\/index.php?rest_route=\/wp\/v2\/posts\/210560","targetHints":{"allow":["GET"]}}],"collection":[{"href":"https:\/\/www.elsinodaldetamaulipas.com.mx\/index.php?rest_route=\/wp\/v2\/posts"}],"about":[{"href":"https:\/\/www.elsinodaldetamaulipas.com.mx\/index.php?rest_route=\/wp\/v2\/types\/post"}],"author":[{"embeddable":true,"href":"https:\/\/www.elsinodaldetamaulipas.com.mx\/index.php?rest_route=\/wp\/v2\/users\/1"}],"replies":[{"embeddable":true,"href":"https:\/\/www.elsinodaldetamaulipas.com.mx\/index.php?rest_route=%2Fwp%2Fv2%2Fcomments&post=210560"}],"version-history":[{"count":1,"href":"https:\/\/www.elsinodaldetamaulipas.com.mx\/index.php?rest_route=\/wp\/v2\/posts\/210560\/revisions"}],"predecessor-version":[{"id":210561,"href":"https:\/\/www.elsinodaldetamaulipas.com.mx\/index.php?rest_route=\/wp\/v2\/posts\/210560\/revisions\/210561"}],"wp:featuredmedia":[{"embeddable":true,"href":"https:\/\/www.elsinodaldetamaulipas.com.mx\/index.php?rest_route=\/wp\/v2\/media\/210125"}],"wp:attachment":[{"href":"https:\/\/www.elsinodaldetamaulipas.com.mx\/index.php?rest_route=%2Fwp%2Fv2%2Fmedia&parent=210560"}],"wp:term":[{"taxonomy":"category","embeddable":true,"href":"https:\/\/www.elsinodaldetamaulipas.com.mx\/index.php?rest_route=%2Fwp%2Fv2%2Fcategories&post=210560"},{"taxonomy":"post_tag","embeddable":true,"href":"https:\/\/www.elsinodaldetamaulipas.com.mx\/index.php?rest_route=%2Fwp%2Fv2%2Ftags&post=210560"}],"curies":[{"name":"wp","href":"https:\/\/api.w.org\/{rel}","templated":true}]}}