{"id":210562,"date":"2025-09-01T20:02:53","date_gmt":"2025-09-02T00:02:53","guid":{"rendered":"https:\/\/www.elsinodaldetamaulipas.com.mx\/?p=210562"},"modified":"2025-09-01T22:47:20","modified_gmt":"2025-09-02T02:47:20","slug":"directora-pretende-correr-a-eficiente-educadora","status":"publish","type":"post","link":"https:\/\/www.elsinodaldetamaulipas.com.mx\/?p=210562","title":{"rendered":"DIRECTORA PRETENDE CORRER A EFICIENTE EDUCADORA"},"content":{"rendered":"<p><em><strong>Por Gil Vicente Galindo\/EL SINODAL DE TAMAULIPAS<\/strong><\/em><\/p>\n<p>Reynosa, Tam.- El jard\u00edn de ni\u00f1os \u201cJosefa Ortiz de Dom\u00ednguez\u201d, se convirti\u00f3 en un verdadero lugar inh\u00f3spito, r\u00edspido, no apto para ni\u00f1os y ni\u00f1as de preescolar y todo porque la directora del plantel, no acepta el m\u00e9todo de ense\u00f1anza de una maestra.<\/p>\n<p>Este k\u00ednder ubicado en la colonia \u201cArco\u00edris\u201d que dirige la maestra Martha De la Fuente, rega\u00f1a a una maestra porque ense\u00f1a a leer y escribir a los peque\u00f1os, padres de familia claro que apoyan a su maestra.<\/p>\n<p>Padres y madres de familia intentaron dialogar con la directora, que supuestamente, no dejo ingresar a padres de familia al plantel y menos salir ella al sol a platicar y exponer la problem\u00e1tica.<\/p>\n<p>Al negarse al dialogo, padres de familia cerraron el port\u00f3n y exigiendo que expulsen a la mala directora, maestra Martha de la Fuente a quien la acusan de prepotente y grosera con el personal y padres de familia.<\/p>\n<p><img loading=\"lazy\" decoding=\"async\" class=\"aligncenter wp-image-210564 size-full\" src=\"https:\/\/www.elsinodaldetamaulipas.com.mx\/wp-content\/uploads\/2025\/09\/METODOS-2.jpg\" alt=\"\" width=\"894\" height=\"487\" srcset=\"https:\/\/www.elsinodaldetamaulipas.com.mx\/wp-content\/uploads\/2025\/09\/METODOS-2.jpg 894w, https:\/\/www.elsinodaldetamaulipas.com.mx\/wp-content\/uploads\/2025\/09\/METODOS-2-300x163.jpg 300w, https:\/\/www.elsinodaldetamaulipas.com.mx\/wp-content\/uploads\/2025\/09\/METODOS-2-768x418.jpg 768w\" sizes=\"auto, (max-width: 894px) 100vw, 894px\" \/><\/p>\n<p>La supervisora de esa zona, habl\u00f3 con la directora Martha De la Fuente, le hizo la indicaci\u00f3n que ella no tiene facultades para despedir a una maestra y menos cuando la acusa de ser demasiado eficiente.<\/p>\n<p>El problema ya lleg\u00f3 a o\u00eddos de autoridades del estado, quienes ya advirtieron que no van a permitir abusos de directores y directoras contra maestras, lo \u00fanico que deben de hacer, es levantar un reporte y pasarlo a la inspecci\u00f3n correspondiente.<\/p>\n<p>Esto es algo inusual, que a una maestra traten de suspenderla, correrla por ser m\u00e1s eficiente que el resto del personal debido a su plan de trabajo, no es justificable, veremos que dice la parte oficial del k\u00ednder \u201cJosefa Ortiz de Dom\u00ednguez\u201d.<\/p>\n","protected":false},"excerpt":{"rendered":"<p>Por Gil Vicente Galindo\/EL SINODAL DE TAMAULIPAS Reynosa, Tam.- El jard\u00edn de ni\u00f1os \u201cJosefa Ortiz de Dom\u00ednguez\u201d, se convirti\u00f3 en un verdadero lugar inh\u00f3spito, r\u00edspido, no apto para ni\u00f1os y ni\u00f1as de preescolar y todo porque la directora del plantel, no acepta el m\u00e9todo de ense\u00f1anza de una maestra. Este k\u00ednder ubicado en la colonia [&hellip;]<\/p>\n","protected":false},"author":1,"featured_media":210563,"comment_status":"closed","ping_status":"closed","sticky":false,"template":"","format":"standard","meta":{"footnotes":""},"categories":[1,2],"tags":[],"class_list":["post-210562","post","type-post","status-publish","format-standard","has-post-thumbnail","hentry","category-portada","category-reynosa"],"_links":{"self":[{"href":"https:\/\/www.elsinodaldetamaulipas.com.mx\/index.php?rest_route=\/wp\/v2\/posts\/210562","targetHints":{"allow":["GET"]}}],"collection":[{"href":"https:\/\/www.elsinodaldetamaulipas.com.mx\/index.php?rest_route=\/wp\/v2\/posts"}],"about":[{"href":"https:\/\/www.elsinodaldetamaulipas.com.mx\/index.php?rest_route=\/wp\/v2\/types\/post"}],"author":[{"embeddable":true,"href":"https:\/\/www.elsinodaldetamaulipas.com.mx\/index.php?rest_route=\/wp\/v2\/users\/1"}],"replies":[{"embeddable":true,"href":"https:\/\/www.elsinodaldetamaulipas.com.mx\/index.php?rest_route=%2Fwp%2Fv2%2Fcomments&post=210562"}],"version-history":[{"count":1,"href":"https:\/\/www.elsinodaldetamaulipas.com.mx\/index.php?rest_route=\/wp\/v2\/posts\/210562\/revisions"}],"predecessor-version":[{"id":210565,"href":"https:\/\/www.elsinodaldetamaulipas.com.mx\/index.php?rest_route=\/wp\/v2\/posts\/210562\/revisions\/210565"}],"wp:featuredmedia":[{"embeddable":true,"href":"https:\/\/www.elsinodaldetamaulipas.com.mx\/index.php?rest_route=\/wp\/v2\/media\/210563"}],"wp:attachment":[{"href":"https:\/\/www.elsinodaldetamaulipas.com.mx\/index.php?rest_route=%2Fwp%2Fv2%2Fmedia&parent=210562"}],"wp:term":[{"taxonomy":"category","embeddable":true,"href":"https:\/\/www.elsinodaldetamaulipas.com.mx\/index.php?rest_route=%2Fwp%2Fv2%2Fcategories&post=210562"},{"taxonomy":"post_tag","embeddable":true,"href":"https:\/\/www.elsinodaldetamaulipas.com.mx\/index.php?rest_route=%2Fwp%2Fv2%2Ftags&post=210562"}],"curies":[{"name":"wp","href":"https:\/\/api.w.org\/{rel}","templated":true}]}}