{"id":210566,"date":"2025-09-01T20:05:04","date_gmt":"2025-09-02T00:05:04","guid":{"rendered":"https:\/\/www.elsinodaldetamaulipas.com.mx\/?p=210566"},"modified":"2025-09-01T20:05:04","modified_gmt":"2025-09-02T00:05:04","slug":"alumnos-tamaulipecos-ya-recibieron-sus-libros-de-texto","status":"publish","type":"post","link":"https:\/\/www.elsinodaldetamaulipas.com.mx\/?p=210566","title":{"rendered":"ALUMNOS TAMAULIPECOS YA RECIBIERON SUS LIBROS DE TEXTO"},"content":{"rendered":"<div class=\"post-content\">\n<p>ORBE<\/p>\n<p>Ma. Teresa Medina Marroqu\u00edn.-<\/p>\n<p>&nbsp;<\/p>\n<p>AGRADECE GOBIERNO DE VICTORIA A FEDERACI\u00d3N Y ESTADO POR<br \/>\nINICIO DE SEGUNDO ACUEDUCTO<\/p>\n<p>FESTEJA LA UAT A LOS ABUELITOS CON UN PASEO AL PUEBLO<br \/>\nM\u00c1GICO DE TULA<\/p>\n<p>La gira de trabajo realizada el pasado fin de semana en Reynosa por Mario<br \/>\nDelgado Carrillo, titular de la SEP, inaugurando el plantel CBTis 302 de esa<br \/>\nurbe fronteriza, impulsando la oferta educativa en el nivel medio superior y<br \/>\nvisitando diversas escuelas de educaci\u00f3n b\u00e1sica, coincide y suma esfuerzos<br \/>\nmuy relevantes a los que tambi\u00e9n lleva a cabo el gobernador Am\u00e9rico<br \/>\nVillarreal Anaya.<\/p>\n<p>De hecho, este lunes 1 de septiembre, al iniciar el Ciclo Escolar 2025-2026,<br \/>\nya est\u00e1n listos 4 millones de Libros de Texto Gratuitos que recibir\u00e1n en las<br \/>\naulas todas las ni\u00f1as y todos los ni\u00f1os tamaulipecos, como anticip\u00f3 (y<br \/>\ncumpli\u00f3) el Dr. Am\u00e9rico Villarreal Anaya.<br \/>\nEn ese sentido, y tal cual lo hizo saber puntualmente el secretario de<br \/>\nEducaci\u00f3n de Tamaulipas, Miguel \u00c1ngel Valdez Garc\u00eda, ambos personajes,<br \/>\nMario Carrillo y Am\u00e9rico Villarreal, supervisaron esa entrega de Libros de<br \/>\nTexto Gratuitos, por lo que la buena noticia es que todas y todos los<br \/>\nalumnos de educaci\u00f3n b\u00e1sica contar\u00e1n hoy con todo el material did\u00e1ctico a<br \/>\nfin de que inicien con el pie derecho el nuevo ciclo escolar.<\/p>\n<p>LA ESCUELA ES PARA SER FELICES, PERO DISCIPLINADOS:<br \/>\nSHEINBAUM<\/p>\n<p>Otra noticia que trascendi\u00f3 desde el viernes es el mensaje que envi\u00f3 la<br \/>\npresidenta Claudia Sheinbaum Pardo. La Primera Mandataria de la Naci\u00f3n<br \/>\nse congratul\u00f3 porque m\u00e1s de 23 millones de ni\u00f1as, ni\u00f1os y adolescentes<br \/>\nvuelvan a las aulas, recordando que la escuela \u201ces para aprender, pero es<br \/>\npara ser felices tambi\u00e9n\u201d.<br \/>\nCon muy buen humor tambi\u00e9n le record\u00f3 al alumnado que no todo es relajo,<br \/>\ntambi\u00e9n debe ser uno disciplinado en las clases, acord\u00e1ndose de aquel<br \/>\nchiste que dec\u00eda: \u201c\u00bfQu\u00e9 es lo que m\u00e1s te gusta de la escuela? \u00a1Pues el<br \/>\nrecreo!\u201d<br \/>\nOtro tema relevante es que este regreso a clases coincide con el Primer<br \/>\nInforme Presidencial que precisamente rendir\u00e1 a la Naci\u00f3n la Dra. Claudia<\/p>\n<p>Sheinbaum. No obstante, perm\u00edtame decirle que ahora ya no habr\u00e1 ese<br \/>\nculto a la personalidad que el pueblo sol\u00eda rendirle a la figura presidencial.<br \/>\nEsto es, \u00a1s\u00ed habr\u00e1 clases!, por lo que las dudas de los padres y las madres<br \/>\nde familia sobre si habr\u00e1 hoy suspensi\u00f3n de clases se disipa, pues precisan<br \/>\nque no habr\u00e1 descanso conforme lo dicta la Ley Federal del Trabajo.<br \/>\nAclarado lo anterior, resulta igual de importante comentarles que en el nivel<br \/>\nde Educaci\u00f3n Media Superior ning\u00fan alumno en Tamaulipas se qued\u00f3<br \/>\nfuera. Este dato lo dio a conocer el titular de la SET, Miguel \u00c1ngel Valdez<br \/>\nGarc\u00eda, destacando que gracias a estos apoyos, todas y todos los alumnos<br \/>\nde educaci\u00f3n media superior \u00abcuentan con un banco, con un maestro y con<br \/>\nun aula como esta. No se nos qued\u00f3 ninguno fuera\u00bb.<br \/>\nValdez Garc\u00eda, refiri\u00e9ndose a la visita de Mario Delgado, se\u00f1al\u00f3 que<br \/>\n\u201creafirma el trabajo conjunto y la confianza del Gobierno Federal hacia el<br \/>\nestado que, bajo el liderazgo de Am\u00e9rico Villarreal y gracias a sus<br \/>\ngestiones, est\u00e1 garantizando la cobertura del nivel medio superior con este<br \/>\nnuevo CBTis, con la ampliaci\u00f3n del CETMAR en Altamira y con la<br \/>\nreconversi\u00f3n de la Secundaria 2000 de Nuevo Laredo, que ahora tendr\u00e1 un<br \/>\nbachillerato vespertino\u201d.<\/p>\n<p>GOBIERNO DE TAMAULIPAS APOYA COMO NUNCA A LA<br \/>\nEDUCACI\u00d3N B\u00c1SICA<\/p>\n<p>Finalmente, el gobernador Am\u00e9rico Villarreal reiter\u00f3 su compromiso con la<br \/>\neducaci\u00f3n y destac\u00f3 el apoyo de paquetes de \u00fatiles escolares, uniformes y<br \/>\nlibros de texto gratuitos, anunciando que, en un apoyo sin precedente del<br \/>\nGobierno del Estado, en Tamaulipas se entregar\u00e1n casi 47 mil paquetes de<\/p>\n<p>uniformes escolares en 25 municipios y m\u00e1s de 538 mil paquetes de \u00fatiles<br \/>\nescolares a todas y todos los alumnos.<br \/>\nDijo que \u00abSabemos que los tres principales puntos a atender en Tamaulipas<br \/>\nson: educaci\u00f3n, educaci\u00f3n y m\u00e1s educaci\u00f3n, y as\u00ed como se proclamaba el<br \/>\nhecho de decir \u2018cuerpo sano en mente sana\u2019, yo creo que tambi\u00e9n podemos<br \/>\ndecir sociedad sana con juventud sana, y nosotros nos debemos encargar y<br \/>\npreocupar por hacer que tengan todos los alicientes para contar con una<br \/>\njuventud sana, con bienestar, con desarrollo social, bienestar f\u00edsico,<br \/>\nespiritual y mental\u00bb, expres\u00f3 el mandatario estatal.<br \/>\nA este importante gira de trabajo asistieron Olegario Mu\u00f1iz Cura, titular de la<br \/>\nDGETI en Tamaulipas; D\u00e1maso Anaya Alvarado, rector de la Universidad<br \/>\nAut\u00f3noma de Tamaulipas; el diputado Humberto Prieto Herrera, presidente<br \/>\nde la Junta de Gobierno del Congreso; la diputada Yuriria Iturbe V\u00e1zquez,<br \/>\npresidenta de la Comisi\u00f3n de Educaci\u00f3n del Congreso del Estado y Arnulfo<br \/>\nRodr\u00edguez Trevi\u00f1o, secretario general de la Secci\u00f3n 30 del SNTE.<\/p>\n<p>AGRADECE GOBIERNO DE VICTORIA A FEDERACI\u00d3N Y ESTADO POR<br \/>\nINICIO DE SEGUNDO ACUEDUCTO<\/p>\n<p>A nombre del Cabildo y habitantes de Victoria, el alcalde Eduardo Gatt\u00e1s<br \/>\nagradeci\u00f3 a la presidenta de M\u00e9xico Claudia Sheinbaum Pardo y al<br \/>\ngobernador Am\u00e9rico Villarreal Anaya, por el inicio de construcci\u00f3n de la<br \/>\nsegunda l\u00ednea del acueducto para la Capital del Estado.<\/p>\n<p>En un mensaje, dirigido en la trig\u00e9sima s\u00e9ptima sesi\u00f3n p\u00fablica ordinaria, y<br \/>\ncon apoyo de proyecci\u00f3n de los folios 67\/050 y 2316\/000\/036, reiter\u00f3 la<br \/>\ndisposici\u00f3n de su gobierno a seguir trabajando con el Estado y la<\/p>\n<p>Federaci\u00f3n, para garantizar el derecho mayor a que tiene el ciudadano<br \/>\ncomo lo es el agua.<\/p>\n<p>\u201cEstos, no son simples n\u00fameros, son el fin de a\u00f1os de espera y olvido, son<br \/>\ndejar atr\u00e1s promesas incumplidas y trienios enteros de incertidumbre, son la<br \/>\nprueba de que, s\u00ed se puede so\u00f1ar grande, que la transformaci\u00f3n es posible.<br \/>\nY que cuando se gobierna con voluntad, humanismo y en beneficio del<br \/>\npueblo, las cosas suceden\u201d enfatiz\u00f3.<\/p>\n<p>Gatt\u00e1s B\u00e1ez, record\u00f3 que la obra en marcha es la continuidad del proyecto<br \/>\nque inici\u00f3 el extinto ex gobernador Ing. Am\u00e9rico Villarreal Guerra, con qui\u00e9n<br \/>\nlos habitantes de Ciudad Victoria est\u00e1n eternamente agradecidos.<\/p>\n<p>\u201cLo digo con toda claridad, lo que hoy es una realidad, primero fue una<br \/>\ndemanda de los victorenses, por eso hoy quiero reconocer con respeto al<br \/>\ngobernador Am\u00e9rico Villarreal, por haber impulsado esta gesti\u00f3n, y lograr<br \/>\nque se concretar\u00e1n los recursos para su construcci\u00f3n. Y es que cuando se<br \/>\ntrabaja en equipo, los frutos llegan y el pueblo gana\u201d puntualiz\u00f3.<\/p>\n<p>FESTEJA LA UAT A LOS ABUELITOS CON UN PASEO AL PUEBLO<br \/>\nM\u00c1GICO DE TULA<\/p>\n<p>Las y los abuelitos integrantes de los programas que la Universidad<br \/>\nAut\u00f3noma de Tamaulipas (UAT) ofrece al adulto mayor, disfrutaron de un<br \/>\nameno paseo y un emotivo convivio en el pueblo m\u00e1gico de Tula.<\/p>\n<p>El evento, que se llev\u00f3 a cabo en el D\u00eda Nacional de las Personas Adultas<br \/>\nMayores, form\u00f3 parte de las actividades organizadas en beneficio del Club<br \/>\nde la Edad de Oro, que ha sido integrado en la UAT a trav\u00e9s del Centro<br \/>\nOperativo Multidisciplinario de Atenci\u00f3n y Servicio Social (COMASS).<br \/>\nEn este marco, la presidenta de Familia UAT, Lic. Isolda Rend\u00f3n de Anaya,<br \/>\nencabez\u00f3 el recorrido del grupo de abuelitos, quienes disfrutaron de un<br \/>\nameno convivio y de la visita a los diversos sitios y escenarios<br \/>\nemblem\u00e1ticos de esta localidad de Tamaulipas.<br \/>\nLa comitiva de la UAT fue recibida por el alcalde de Tula, Ren\u00e9 Lara<br \/>\nCisneros, y por su esposa Macarena Inurrigarro Garza, presidenta del DIF<br \/>\nMunicipal.<br \/>\nEn el inicio de las actividades, la Lic. Isolda Rend\u00f3n agradeci\u00f3 a las<br \/>\nautoridades municipales la invitaci\u00f3n y las facilidades para que los<br \/>\nintegrantes del Club de la Edad de Oro pudieran recorrer el pueblo m\u00e1gico.<\/p>\n<p>\u00a1Dese\u00e1ndoles un d\u00eda maravilloso!<br \/>\ntessieprimera@hotmail.com, @columnaorbe, columnaorbe.wordpress.com<\/p>\n<\/div>\n","protected":false},"excerpt":{"rendered":"<p>ORBE Ma. Teresa Medina Marroqu\u00edn.- &nbsp; AGRADECE GOBIERNO DE VICTORIA A FEDERACI\u00d3N Y ESTADO POR INICIO DE SEGUNDO ACUEDUCTO FESTEJA LA UAT A LOS ABUELITOS CON UN PASEO AL PUEBLO M\u00c1GICO DE TULA La gira de trabajo realizada el pasado fin de semana en Reynosa por Mario Delgado Carrillo, titular de la SEP, inaugurando el [&hellip;]<\/p>\n","protected":false},"author":1,"featured_media":210318,"comment_status":"closed","ping_status":"closed","sticky":false,"template":"","format":"standard","meta":{"footnotes":""},"categories":[16],"tags":[],"class_list":["post-210566","post","type-post","status-publish","format-standard","has-post-thumbnail","hentry","category-opinion"],"_links":{"self":[{"href":"https:\/\/www.elsinodaldetamaulipas.com.mx\/index.php?rest_route=\/wp\/v2\/posts\/210566","targetHints":{"allow":["GET"]}}],"collection":[{"href":"https:\/\/www.elsinodaldetamaulipas.com.mx\/index.php?rest_route=\/wp\/v2\/posts"}],"about":[{"href":"https:\/\/www.elsinodaldetamaulipas.com.mx\/index.php?rest_route=\/wp\/v2\/types\/post"}],"author":[{"embeddable":true,"href":"https:\/\/www.elsinodaldetamaulipas.com.mx\/index.php?rest_route=\/wp\/v2\/users\/1"}],"replies":[{"embeddable":true,"href":"https:\/\/www.elsinodaldetamaulipas.com.mx\/index.php?rest_route=%2Fwp%2Fv2%2Fcomments&post=210566"}],"version-history":[{"count":1,"href":"https:\/\/www.elsinodaldetamaulipas.com.mx\/index.php?rest_route=\/wp\/v2\/posts\/210566\/revisions"}],"predecessor-version":[{"id":210567,"href":"https:\/\/www.elsinodaldetamaulipas.com.mx\/index.php?rest_route=\/wp\/v2\/posts\/210566\/revisions\/210567"}],"wp:featuredmedia":[{"embeddable":true,"href":"https:\/\/www.elsinodaldetamaulipas.com.mx\/index.php?rest_route=\/wp\/v2\/media\/210318"}],"wp:attachment":[{"href":"https:\/\/www.elsinodaldetamaulipas.com.mx\/index.php?rest_route=%2Fwp%2Fv2%2Fmedia&parent=210566"}],"wp:term":[{"taxonomy":"category","embeddable":true,"href":"https:\/\/www.elsinodaldetamaulipas.com.mx\/index.php?rest_route=%2Fwp%2Fv2%2Fcategories&post=210566"},{"taxonomy":"post_tag","embeddable":true,"href":"https:\/\/www.elsinodaldetamaulipas.com.mx\/index.php?rest_route=%2Fwp%2Fv2%2Ftags&post=210566"}],"curies":[{"name":"wp","href":"https:\/\/api.w.org\/{rel}","templated":true}]}}