{"id":210570,"date":"2025-09-01T20:14:32","date_gmt":"2025-09-02T00:14:32","guid":{"rendered":"https:\/\/www.elsinodaldetamaulipas.com.mx\/?p=210570"},"modified":"2025-09-01T20:14:32","modified_gmt":"2025-09-02T00:14:32","slug":"educacion-sin-escatimaciones","status":"publish","type":"post","link":"https:\/\/www.elsinodaldetamaulipas.com.mx\/?p=210570","title":{"rendered":"EDUCACI\u00d3N SIN ESCATIMACIONES"},"content":{"rendered":"<div class=\"post-content\">\n<p>REFLECTOR<\/p>\n<p>Gilda R. Ter\u00e1n.<\/p>\n<p>En este ciclo escolar 2025-2026, que inicia justamente este primero de Septiembre, el<br \/>\ngobernador Am\u00e9rico Villarreal Anaya, indic\u00f3 que la educaci\u00f3n b\u00e1sica es un rengl\u00f3n<br \/>\nprivilegiado en esta administraci\u00f3n estatal de la transformaci\u00f3n.<br \/>\nY es, que en estos tiempos dif\u00edciles en donde la carencia econ\u00f3mica, es \u201cel pan de cada<br \/>\nd\u00eda\u201d en algunos hogares, el Gobierno de Tamaulipas, se encuentra listo para<br \/>\ndar dotaciones escolares a los ni\u00f1os de educaci\u00f3n b\u00e1sica, en este ciclo escolar.<br \/>\nEn este sentido, el Secretario de Educaci\u00f3n Miguel \u00c1ngel Valdez Garc\u00eda, y todo su<br \/>\nequipo de colaboradores, andan con las pilas puestas para que en este regreso a clases este<br \/>\ntodo dispuesto para hacer entrega de valiosos apoyos para<br \/>\nlos educandos.<br \/>\nEn estas tareas a favor de la educaci\u00f3n, en donde nada se escatima para que<br \/>\nlos menores sigan recibiendo su educaci\u00f3n b\u00e1sica, ya est\u00e1 dispuesta la entrega<br \/>\nde \u00fatiles escolares al 100% del estudiantado.<br \/>\nAdem\u00e1s se har\u00e1 la dotaci\u00f3n de 47 mil uniformes escolares en 25 municipios<br \/>\nvulnerables de la entidad, as\u00ed tambi\u00e9n la entrega de libro de texto gratuitos, todos estos<br \/>\napoyos conforman una educaci\u00f3n b\u00e1sica integral.<br \/>\nAs\u00ed tambi\u00e9n se otorgar\u00e1n 538 mil paquetes de \u00fatiles escolares, para que los mas de 500 mil<br \/>\ninfantes que llegan a sus aulas, tengan las herramientas para conformar su educaci\u00f3n<br \/>\nb\u00e1sica.<br \/>\nDe esta forma el Gobierno de la Transformaci\u00f3n, sigue accionando sus ejes<br \/>\nrectores del humanismo, para seguir abanderando acciones para coadyuvar<br \/>\ncon las familias que se encuentran en situaciones de extrema pobreza, adem\u00e1s<br \/>\nde que con otros programas permanentes de ayuda siguen al pie del ca\u00f1\u00f3n.<br \/>\nCULTIVANDO LAS BELLAS ARTES.<br \/>\nEs un hecho que el arte es una de las manifestaciones m\u00e1s elevadas de la<br \/>\nactividad humana, es un elemento esencial en el desarrollo y evoluci\u00f3n del<br \/>\nhombre, mediante ella se expresa una visi\u00f3n personal y desinteresada que<br \/>\ninterpreta lo real o imaginada con recursos sonoros, pl\u00e1sticos o ling\u00fc\u00edsticos<\/p>\n<p>entre ellas tenemos la m\u00fasica, la literatura, el dibujo, la pintura, la escultura, el<br \/>\nteatro, etc.<br \/>\nComo bien sabemos la cultura influye de manera importante en cualquier<br \/>\npersona, pero m\u00e1s a\u00fan cuando se hace referencia al ni\u00f1o puesto que es el<br \/>\nreceptor de toda la informaci\u00f3n que est\u00e1 a su alrededor.<br \/>\nBueno, con esto quiero decir que el menor va siendo moldeado por una<br \/>\nsociedad as\u00ed como tambi\u00e9n de su familia o dem\u00e1s personas que lo acompa\u00f1an<br \/>\nen su proceso de crianza, lo cual va acompa\u00f1ado de las costumbres, religi\u00f3n,<br \/>\ncultura, etc.<br \/>\nEntonces, por lo tanto cada una de las familias debe de tener muy en claro las<br \/>\ncaracter\u00edsticas culturales a la cual pertenecen ya que estas cumplir\u00e1n distintas<br \/>\nfunciones importantes en su diario vivir.<br \/>\nYa que inculca disciplina y orden, fortalece la estructura necesaria para llevar<br \/>\na cabo procesos, genera en nosotros la constancia y la necesidad de concluir<br \/>\ntareas, ya que ayuda a desarrollar el h\u00e1bito de terminar lo que empezamos.<br \/>\nEntre otras bondades ense\u00f1a respeto y cordialidad porque nos lleva a convivir<br \/>\ny trabajar con otros, a compartir y a ayudar, sin duda que fomenta la<br \/>\ncreatividad, la sensibilidad y la autenticidad, lo que da como resultado el<br \/>\nfortalecimiento de nuestra autoestima.<br \/>\nHasta la pr\u00f3xima<br \/>\ngildateran@yahoo.com.mx<\/p>\n<\/div>\n","protected":false},"excerpt":{"rendered":"<p>REFLECTOR Gilda R. Ter\u00e1n. En este ciclo escolar 2025-2026, que inicia justamente este primero de Septiembre, el gobernador Am\u00e9rico Villarreal Anaya, indic\u00f3 que la educaci\u00f3n b\u00e1sica es un rengl\u00f3n privilegiado en esta administraci\u00f3n estatal de la transformaci\u00f3n. Y es, que en estos tiempos dif\u00edciles en donde la carencia econ\u00f3mica, es \u201cel pan de cada d\u00eda\u201d [&hellip;]<\/p>\n","protected":false},"author":1,"featured_media":207786,"comment_status":"closed","ping_status":"closed","sticky":false,"template":"","format":"standard","meta":{"footnotes":""},"categories":[16],"tags":[],"class_list":["post-210570","post","type-post","status-publish","format-standard","has-post-thumbnail","hentry","category-opinion"],"_links":{"self":[{"href":"https:\/\/www.elsinodaldetamaulipas.com.mx\/index.php?rest_route=\/wp\/v2\/posts\/210570","targetHints":{"allow":["GET"]}}],"collection":[{"href":"https:\/\/www.elsinodaldetamaulipas.com.mx\/index.php?rest_route=\/wp\/v2\/posts"}],"about":[{"href":"https:\/\/www.elsinodaldetamaulipas.com.mx\/index.php?rest_route=\/wp\/v2\/types\/post"}],"author":[{"embeddable":true,"href":"https:\/\/www.elsinodaldetamaulipas.com.mx\/index.php?rest_route=\/wp\/v2\/users\/1"}],"replies":[{"embeddable":true,"href":"https:\/\/www.elsinodaldetamaulipas.com.mx\/index.php?rest_route=%2Fwp%2Fv2%2Fcomments&post=210570"}],"version-history":[{"count":1,"href":"https:\/\/www.elsinodaldetamaulipas.com.mx\/index.php?rest_route=\/wp\/v2\/posts\/210570\/revisions"}],"predecessor-version":[{"id":210571,"href":"https:\/\/www.elsinodaldetamaulipas.com.mx\/index.php?rest_route=\/wp\/v2\/posts\/210570\/revisions\/210571"}],"wp:featuredmedia":[{"embeddable":true,"href":"https:\/\/www.elsinodaldetamaulipas.com.mx\/index.php?rest_route=\/wp\/v2\/media\/207786"}],"wp:attachment":[{"href":"https:\/\/www.elsinodaldetamaulipas.com.mx\/index.php?rest_route=%2Fwp%2Fv2%2Fmedia&parent=210570"}],"wp:term":[{"taxonomy":"category","embeddable":true,"href":"https:\/\/www.elsinodaldetamaulipas.com.mx\/index.php?rest_route=%2Fwp%2Fv2%2Fcategories&post=210570"},{"taxonomy":"post_tag","embeddable":true,"href":"https:\/\/www.elsinodaldetamaulipas.com.mx\/index.php?rest_route=%2Fwp%2Fv2%2Ftags&post=210570"}],"curies":[{"name":"wp","href":"https:\/\/api.w.org\/{rel}","templated":true}]}}