{"id":210576,"date":"2025-09-01T20:30:42","date_gmt":"2025-09-02T00:30:42","guid":{"rendered":"https:\/\/www.elsinodaldetamaulipas.com.mx\/?p=210576"},"modified":"2025-09-01T20:30:42","modified_gmt":"2025-09-02T00:30:42","slug":"informe-breve-y-fluido","status":"publish","type":"post","link":"https:\/\/www.elsinodaldetamaulipas.com.mx\/?p=210576","title":{"rendered":"INFORME BREVE Y FLUIDO"},"content":{"rendered":"<div class=\"post-content\">\n<p>EXPEDIENTE<\/p>\n<p>Azahel Jaramillo H.<\/p>\n<p>&nbsp;<\/p>\n<p>Inicia Septiembre \u00abMes de la Patria\u00bb. Que sea desde hoy el tiempo de trabajar por la Paz y la Prosperiodad de la naci\u00f3n.<\/p>\n<p>Que se dejen ya atr\u00e1s esa pol\u00edtica, esas frases de \u00abAbrazos, no balazos\u00bb, y se trabaje por el mejoramiento de la seguridad en toda la naci\u00f3n. Y que\u00a0 llegue pronto el d\u00eda en que ya no exista necesidad por parte de las autoridades de seguridad p\u00fablica tengan que recomendar a los ciudadanos (para no ser asaltados por maleantes)\u00a0 que no viajen, por su seguridad, de noche por carretera, que solamente viajen, circulen, se trasladen en horas del d\u00eda. Como dato, hay que anotar que,en Palacio Nacional, el Primer informe de la presidenta Claudia Sheinbaum dur\u00f3 una hora con 8 minutos. .<\/p>\n<p>AMERICO FELICITA\u00a0 A PRESIDENTA SHEINBAUM<\/p>\n<p>En el marco del primer Informe Presidencial, en su cuenta de Instagram el gobernador de los tamaulipecos doctor Am\u00e9rico Villarreal Anaya escribi\u00f3: \u00abPresidenta @Claudiashein, los resultados de su Gobierno benefician al pueblo mexicano y motivan a nuestra naci\u00f3n a continuar con firmeza y unidad, en el camino de la transformaci\u00f3n y el bienestar: \u00a1Felicidades Presidenta!\u00bb<\/p>\n<p>PARTIDO DEL TRABAJO VS DESAPARICION FORZADA<\/p>\n<p>Pues ahi tienen que en el marco del D\u00eda Internacional de las V\u00edctimas de Desapariciones Forzadas, el Partido del Trabajo (PT) alza la voz con firmeza ante una de las crisis humanitarias m\u00e1s dolorosas que enfrenta nuestro M\u00e9xico:: la desaparici\u00f3n de m\u00e1s de 100,000 personas en las \u00faltimas d\u00e9cadas.<\/p>\n<p>As\u00ed, el comisionado pol\u00edtico nacional del PT en Tamaulipas, Arcenio Ortega Lozano declar\u00f3 que la desaparici\u00f3n forzada es un crimen que desgarra a familias enteras, vulnera el tejido social y perpet\u00faa la impunidad.<\/p>\n<p>\u00abM\u00e9xico, miles de madres, padres, hermanos e hijos buscan incansablemente a sus seres queridos, enfrentando la indiferencia institucional, el miedo y la revictimizaci\u00f3n. Esta crisis no es nueva, pero su persistencia es inaceptable\u00bb, deja en claro el petista Ortega Lozano. .<\/p>\n<p>En el PT, dijo, nuestro compromiso con la verdad, la justicia y la memoria. Exigimos al Estado Mexicano reforzar las acciones para localizar a todas las personas desaparecidas. Y a\u00f1ade Ortega Lozano: \u00abNos solidarizamos con las familias que siguen buscando a sus desaparecidos. Su lucha es tambi\u00e9n nuestra lucha. No descansaremos hasta que cada persona vuelva a casa y cada responsable enfrente la justicia\u201d.<\/p>\n<p>APOYA\u00a0 AVA CON 50 MIL UNIFORMES ESCOLARES<\/p>\n<p>Les comparto que con la representaci\u00f3n del gobernador Am\u00e9rico, el secretario estatal de Seguridad P\u00fablica, General Carlos Arturo Pancardo Escudero encabez\u00f3 en el municipio de Miguel Alem\u00e1n la inauguraci\u00f3n del ciclo escolar 2025-2026, en la Secundaria T\u00e9cnica 49 \u00abWilfrido Massieu\u00bb.<\/p>\n<p>El General Pancardo inici\u00f3 su cargo en Tamaulipas, justo el primero de julio de este a\u00f1o. Es decir cumple ya dos meses en esta responsabiidad.<\/p>\n<p>En la escuela T\u00e9cnica 49 el General Pancardo, junto al alcalde Ramiro Cortez Barreda refrend\u00f3 el compromiso de los gobiernos federal y estatal para impulsar una educaci\u00f3n humanista y con sentido de justicia social para cada estudiante tamaulipeco.<\/p>\n<p>Informo el funcionario que se entregar\u00e1n m\u00e1s de medio mill\u00f3n de paquetes con \u00fatiles escolares a alumnos de nivel b\u00e1sico, asi como un aproximado de 50 mil uniformes en los municipios y regiones que m\u00e1s lo requieren.<\/p>\n<p>Destac\u00f3 que es en la educaci\u00f3n b\u00e1sica donde \u00abcomienza su formaci\u00f3n.donde se forjan los valores, habilidades y conocimientos que les acompa\u00f1ar\u00e1n a lo largo de su vida\u00bb. NOS VEMOS\u2026<\/p>\n<p><strong>hel Jaramillo Hernandez<\/strong><\/p>\n<p><a href=\"mailto:azahel_jaramillo@hotmail.com\" target=\"_blank\" rel=\"noreferrer noopener\">azahel_jaramillo@hotmail.com<\/a><\/p>\n<\/div>\n","protected":false},"excerpt":{"rendered":"<p>EXPEDIENTE Azahel Jaramillo H. &nbsp; Inicia Septiembre \u00abMes de la Patria\u00bb. Que sea desde hoy el tiempo de trabajar por la Paz y la Prosperiodad de la naci\u00f3n. Que se dejen ya atr\u00e1s esa pol\u00edtica, esas frases de \u00abAbrazos, no balazos\u00bb, y se trabaje por el mejoramiento de la seguridad en toda la naci\u00f3n. Y [&hellip;]<\/p>\n","protected":false},"author":1,"featured_media":208823,"comment_status":"closed","ping_status":"closed","sticky":false,"template":"","format":"standard","meta":{"footnotes":""},"categories":[16],"tags":[],"class_list":["post-210576","post","type-post","status-publish","format-standard","has-post-thumbnail","hentry","category-opinion"],"_links":{"self":[{"href":"https:\/\/www.elsinodaldetamaulipas.com.mx\/index.php?rest_route=\/wp\/v2\/posts\/210576","targetHints":{"allow":["GET"]}}],"collection":[{"href":"https:\/\/www.elsinodaldetamaulipas.com.mx\/index.php?rest_route=\/wp\/v2\/posts"}],"about":[{"href":"https:\/\/www.elsinodaldetamaulipas.com.mx\/index.php?rest_route=\/wp\/v2\/types\/post"}],"author":[{"embeddable":true,"href":"https:\/\/www.elsinodaldetamaulipas.com.mx\/index.php?rest_route=\/wp\/v2\/users\/1"}],"replies":[{"embeddable":true,"href":"https:\/\/www.elsinodaldetamaulipas.com.mx\/index.php?rest_route=%2Fwp%2Fv2%2Fcomments&post=210576"}],"version-history":[{"count":1,"href":"https:\/\/www.elsinodaldetamaulipas.com.mx\/index.php?rest_route=\/wp\/v2\/posts\/210576\/revisions"}],"predecessor-version":[{"id":210577,"href":"https:\/\/www.elsinodaldetamaulipas.com.mx\/index.php?rest_route=\/wp\/v2\/posts\/210576\/revisions\/210577"}],"wp:featuredmedia":[{"embeddable":true,"href":"https:\/\/www.elsinodaldetamaulipas.com.mx\/index.php?rest_route=\/wp\/v2\/media\/208823"}],"wp:attachment":[{"href":"https:\/\/www.elsinodaldetamaulipas.com.mx\/index.php?rest_route=%2Fwp%2Fv2%2Fmedia&parent=210576"}],"wp:term":[{"taxonomy":"category","embeddable":true,"href":"https:\/\/www.elsinodaldetamaulipas.com.mx\/index.php?rest_route=%2Fwp%2Fv2%2Fcategories&post=210576"},{"taxonomy":"post_tag","embeddable":true,"href":"https:\/\/www.elsinodaldetamaulipas.com.mx\/index.php?rest_route=%2Fwp%2Fv2%2Ftags&post=210576"}],"curies":[{"name":"wp","href":"https:\/\/api.w.org\/{rel}","templated":true}]}}