{"id":210580,"date":"2025-09-01T22:43:20","date_gmt":"2025-09-02T02:43:20","guid":{"rendered":"https:\/\/www.elsinodaldetamaulipas.com.mx\/?p=210580"},"modified":"2025-09-01T22:43:20","modified_gmt":"2025-09-02T02:43:20","slug":"se-tambalea-pacto-del-sur","status":"publish","type":"post","link":"https:\/\/www.elsinodaldetamaulipas.com.mx\/?p=210580","title":{"rendered":"SE TAMBALEA PACTO DEL SUR"},"content":{"rendered":"<div class=\"post-content\">\n<p>TIEMPO Y ESPACIO<br \/>\nPor Jaime Luis Soto.<\/p>\n<p>En las \u00faltimas semanas, la alcaldesa de Tampico, M\u00d3NICA ZACIL<br \/>\nVILLARREAL ANAYA ha dejado de hablar insistentemente en el<br \/>\nllamado Pacto del Sur que ella impuls\u00f3 para crear una poderosa<br \/>\nregi\u00f3n conformada por Madero, Altamira y el Puerto Jaibo.<br \/>\nY en las \u00faltimas semanas tambi\u00e9n hemos visto que ya son muy<br \/>\npocos los eventos en donde se re\u00fanen la alcaldesa M\u00d3NICA ZACIL<br \/>\ncon los alcaldes ERASMO GONZ\u00c1LEZ ROBLEDO de Madero y<br \/>\nARMANDO MART\u00cdNEZ MANR\u00cdQUEZ, de Altamira.<br \/>\n\u00bfQu\u00e9 est\u00e1 pasando en el sur\u2026?<br \/>\n\u00bfSe est\u00e1 tambaleando el pacto\u2026?<br \/>\nEs pregunta, que conste\u2026<br \/>\nTodo parece indicar que la alcaldesa de Tampico M\u00d3NICA<br \/>\nVILLARREAL ha decidido enfocarse al cien por ciento con su<br \/>\ncompromiso de sacar adelante el Puerto Jaibo ante el poco<br \/>\nentusiasmo de ERASMO y ARMANDO.<br \/>\nY puede haber razones de ello\u2026<br \/>\nUna: La p\u00e9sima imagen que tienen los alcaldes de Madero y<br \/>\nAltamira ante la opini\u00f3n p\u00fablica quienes est\u00e1n protagonizando<br \/>\nesc\u00e1ndalos pat\u00e9ticos y que mucho est\u00e1n da\u00f1ando la imagen del<br \/>\npartido que los postul\u00f3, Morena.<br \/>\nPor ejemplo, ERASMO GONZ\u00c1LEZ ROBLEDO trae una papa caliente<br \/>\ncon su enfrentamiento con comerciantes a quienes, en lugar de<br \/>\ndialogar, les mand\u00f3 la fuerza p\u00fablica.<\/p>\n<p>Incluso, el diputado CLAUDIO DE LEIJA HINOJOSA, en su momento,<br \/>\nreprob\u00f3 totalmente la decisi\u00f3n del ayuntamiento de Madero de<br \/>\nutilizar la fuerza p\u00fablica para los desalojos en lugar de ponerse a<br \/>\ndialogar.<br \/>\nEn el caso de don ARMANDO MART\u00cdNEZ MANR\u00cdQUEZ no canta<br \/>\nnada mal las rancheras, metaf\u00f3ricamente hablando. Hace tiempo lo<br \/>\nse\u00f1alaron de, presuntamente, apoyar el despojo de un predio.<br \/>\nY cuando lo han entrevistado para preguntarle sobre ese asunto,<br \/>\ndon ARMANDO simple y sencillamente dice desconocer dicho<br \/>\nasunto y que no le han notificado nada.<br \/>\n\u00bfFingir\u00e1 amnesia o estar\u00e1 diciendo la verdad\u2026?<br \/>\nAparte, el alcalde altamirense es se\u00f1alado de hacer obras de<br \/>\nrelumbr\u00f3n que poca trascendencia tienen para el progreso de<br \/>\nAltamira.<br \/>\nEso s\u00ed, dichas obras las anuncia en sus redes sociales con bombo y<br \/>\nplatillos y como si fueran la octava maravilla.<br \/>\nPero hagamos un poco de historia\u2026<br \/>\nDesde que era candidata de Morena para la alcald\u00eda de Tampico,<br \/>\nM\u00d3NICA ZACIL VILLARREAL anunci\u00f3 que impulsar\u00eda el llamado<br \/>\nPacto del Sur para hacer de esa regi\u00f3n la m\u00e1s influyente del Estado<br \/>\nen cuesti\u00f3n de progreso y econom\u00eda.<br \/>\nEl 28 de mayo del 2024, M\u00d3NICA, ERASMO y ARMANDO se<br \/>\nreunieron para firmar el Pacto del Sur para ponerlo en marcha<br \/>\ncuando ganar\u00e1n las alcald\u00edas de Madero, Altamira y Tampico.<br \/>\nEn el Puerto Jaibo, Morena le arrebat\u00f3 la alcald\u00eda al PAN a pesar de<br \/>\nla dizque gran popularidad del alcalde saliente CHUCHO NADER. En<\/p>\n<p>Madero, el partido guinda volvi\u00f3 a ganar ahora con ERASMO y en<br \/>\nAltamira ARMANDO logr\u00f3 la reelecci\u00f3n.<br \/>\nAs\u00ed, Morena gobierna todo el sur de Tamaulipas\u2026<br \/>\nSin embargo, hoy se habla poco del Pacto del Sur. Veamos si<br \/>\nM\u00d3NICA ZACIL vuelve a hablar del tema en su primer informe de<br \/>\nGobierno programado para el 9 de septiembre.<br \/>\nSi eso no ocurre entonces, se\u00f1oras y se\u00f1ores, el Pacto del Sur s\u00ed se<br \/>\nest\u00e1 tambaleando. Los esc\u00e1ndalos de los alcaldes de Madero y<br \/>\nAltamira pueden ser la causa principal.<br \/>\nAunque ERASMO y ARMANDO en sus informes vayan a decir lo<br \/>\ncontrario. Ya son mucho los errores de estos dos simp\u00e1ticos<br \/>\nalcaldes. Se les olvida a los angelitos que el 2027 est\u00e1 a la vuelta de<br \/>\nla esquina.<br \/>\nY el que entendi\u00f3, pues entendi\u00f3.<br \/>\nPunto y aparte.<br \/>\nMejor comentemos que el gobernador AM\u00c9RICO VILLARREAL<br \/>\nANAYA se fue a la Ciudad de M\u00e9xico para estar presente en el<br \/>\nhist\u00f3rico primer informe de gobierno de la presidenta CLAUDIA<br \/>\nSHEINBAUM.<br \/>\nMire usted que SHEINBAUM mencion\u00f3 en su informe los grandes<br \/>\nbeneficios presupuestales que ha aplicado la Federaci\u00f3n en<br \/>\nTamaulipas para la continuaci\u00f3n o conclusi\u00f3n de importantes<br \/>\nobras.<br \/>\nAcciones que se realizan en los rubros de salud, infraestructura<br \/>\nhidr\u00e1ulica y carretera, desarrollo portuario y la construcci\u00f3n del<br \/>\ntramo ferroviario Saltillo-Nuevo Laredo.<\/p>\n<p>Adem\u00e1s, dijo SHEINBAUM, se inici\u00f3 la construcci\u00f3n de 20 proyectos<br \/>\nestrat\u00e9gicos de agua potable en todo el pa\u00eds, destacando la l\u00ednea<br \/>\ndos del acueducto en Ciudad Victoria.<br \/>\nAsimismo, dio a conocer que este mes de septiembre iniciar\u00e1n las<br \/>\nobras del tramo ferroviario entre Saltillo, Coahuila, y Nuevo Laredo,<br \/>\nTamaulipas.<br \/>\nAl respecto, AM\u00c9RICO VILLARREAL destac\u00f3 que, a once meses del<br \/>\ninicio de la administraci\u00f3n de CLAUDIA SHEINBAUM, existe una<br \/>\ngran esperanza fundada en el progreso del pa\u00eds y, en especial, del<br \/>\nestado.<br \/>\n\u201cAs\u00ed es que vamos a seguir trabajando por el bien de nuestra naci\u00f3n<br \/>\ny por el bien de ese rinc\u00f3n de nuestra patria que tanto queremos,<br \/>\nque es Tamaulipas\u201d, expres\u00f3 VILLARREAL ANAYA.<br \/>\nEn cuestiones universitarias la UAT inicio con \u00e9xito la carrera de<br \/>\nEnfermer\u00eda en Reynosa.<br \/>\nAtendiendo as\u00ed nuestra M\u00e1xima Casa de Estudios las necesidades<br \/>\nde desarrollo en la regi\u00f3n fronteriza, y con una importante<br \/>\nrespuesta de la comunidad estudiantil.<br \/>\nCon un total de 75 estudiantes que forman parte de la primera<br \/>\ngeneraci\u00f3n, el programa educativo inici\u00f3 en este ciclo escolar<br \/>\n(per\u00edodo Oto\u00f1o 2025), teniendo como sede la Unidad Acad\u00e9mica<br \/>\nMultidisciplinaria Reynosa-Aztl\u00e1n.<br \/>\nLa directora del plantel universitario, MAR\u00cdA CRISTINA HERN\u00c1NDEZ<br \/>\nJIM\u00c9NEZ, destac\u00f3 que la apertura de la licenciatura en Enfermer\u00eda<br \/>\nen Reynosa es un gran logro del rector D\u00c1MASO ANAYA<br \/>\nALVARADO, en su iniciativa de ampliar a la juventud las<br \/>\noportunidades de cursar estudios profesionales en sus lugares de<br \/>\norigen.<\/p>\n<p>Indic\u00f3 que el programa ha sido recibido con muy buenas<br \/>\nexpectativas por parte de los j\u00f3venes de Reynosa, luego de resaltar<br \/>\nque en el proceso de admisi\u00f3n se registraron 120 aspirantes y, de<br \/>\nlos 75 estudiantes seleccionados, 22 fueron acreedores a la beca de<br \/>\nnuevo ingreso.<br \/>\nA\u00f1adi\u00f3 que los alumnos del nuevo programa se formar\u00e1n con el<br \/>\nmismo plan de estudios de la Licenciatura en Enfermer\u00eda, que<br \/>\nimparte la UAT en Tampico, Ciudad Victoria, Matamoros, Nuevo<br \/>\nLaredo y Ciudad Mante, y que est\u00e1 certificado por su calidad a nivel<br \/>\nnacional.<br \/>\nEn Ciudad Victoria, con la entrega de un aula did\u00e1ctica y el exhorto<br \/>\na ni\u00f1as y ni\u00f1os de aprovechar el aprendizaje que les brindan sus<br \/>\nmaestros, el alcalde EDUARDO GATT\u00c1S B\u00c1EZ, junto a su esposa<br \/>\nLUCY DE GATT\u00c1S, inaugur\u00f3 el nuevo ciclo escolar 2025-2026 en la<br \/>\nescuela Luis Donaldo Colosio Murrieta.<br \/>\nCon honores a la bandera de M\u00e9xico y Tamaulipas, LALO GATT\u00c1S<br \/>\npresidi\u00f3 el acto protocolario en compa\u00f1\u00eda de autoridades<br \/>\neducativas y comunidad escolar.<br \/>\nAnte quienes reiter\u00f3 en su mensaje el compromiso de su gobierno<br \/>\nmunicipal de seguir invirtiendo en la dignificaci\u00f3n de espacios<br \/>\ndonde se fortalezca la educaci\u00f3n de la ni\u00f1ez de la Capital de<br \/>\nTamaulipas.<br \/>\n\u201cHoy damos inicio a un nuevo ciclo escolar y lo hacemos con la<br \/>\ninauguraci\u00f3n de un aula que representa futuro y esperanza. La<br \/>\neducaci\u00f3n es la herramienta m\u00e1s poderosa para transformar vidas,<br \/>\ncada ni\u00f1a y ni\u00f1o que pisa estas aulas es una semilla de cambio para<br \/>\nnuestra ciudad\u201d, expres\u00f3 GATT\u00c1S B\u00c1EZ.<\/p>\n<p>Un alumno y la directora del plantel, profesora MAR\u00cdA ELENA<br \/>\nCISNEROS, as\u00ed como padres de familia de la colonia Liberal,<br \/>\nagradecieron la construcci\u00f3n y entrega del aula tipo aislada de 6\u00d78<br \/>\nmetros, con superficie de 48 metros cuadrados en beneficio de<br \/>\n1,545 alumnos de los turnos matutino y vespertino.<br \/>\nCon estas acciones, el alcalde LALO GATT\u00c1S reitera su compromiso<br \/>\nde apoyar la educaci\u00f3n de las y los alumnos de la capital<br \/>\ntamaulipeca.<br \/>\nEs todo por hoy. Muchas gracias por leer.<br \/>\nCorreo electr\u00f3nico: jaimeluissoto@hotmail.com<\/p>\n<\/div>\n","protected":false},"excerpt":{"rendered":"<p>TIEMPO Y ESPACIO Por Jaime Luis Soto. En las \u00faltimas semanas, la alcaldesa de Tampico, M\u00d3NICA ZACIL VILLARREAL ANAYA ha dejado de hablar insistentemente en el llamado Pacto del Sur que ella impuls\u00f3 para crear una poderosa regi\u00f3n conformada por Madero, Altamira y el Puerto Jaibo. Y en las \u00faltimas semanas tambi\u00e9n hemos visto que [&hellip;]<\/p>\n","protected":false},"author":1,"featured_media":210481,"comment_status":"closed","ping_status":"closed","sticky":false,"template":"","format":"standard","meta":{"footnotes":""},"categories":[16],"tags":[],"class_list":["post-210580","post","type-post","status-publish","format-standard","has-post-thumbnail","hentry","category-opinion"],"_links":{"self":[{"href":"https:\/\/www.elsinodaldetamaulipas.com.mx\/index.php?rest_route=\/wp\/v2\/posts\/210580","targetHints":{"allow":["GET"]}}],"collection":[{"href":"https:\/\/www.elsinodaldetamaulipas.com.mx\/index.php?rest_route=\/wp\/v2\/posts"}],"about":[{"href":"https:\/\/www.elsinodaldetamaulipas.com.mx\/index.php?rest_route=\/wp\/v2\/types\/post"}],"author":[{"embeddable":true,"href":"https:\/\/www.elsinodaldetamaulipas.com.mx\/index.php?rest_route=\/wp\/v2\/users\/1"}],"replies":[{"embeddable":true,"href":"https:\/\/www.elsinodaldetamaulipas.com.mx\/index.php?rest_route=%2Fwp%2Fv2%2Fcomments&post=210580"}],"version-history":[{"count":1,"href":"https:\/\/www.elsinodaldetamaulipas.com.mx\/index.php?rest_route=\/wp\/v2\/posts\/210580\/revisions"}],"predecessor-version":[{"id":210581,"href":"https:\/\/www.elsinodaldetamaulipas.com.mx\/index.php?rest_route=\/wp\/v2\/posts\/210580\/revisions\/210581"}],"wp:featuredmedia":[{"embeddable":true,"href":"https:\/\/www.elsinodaldetamaulipas.com.mx\/index.php?rest_route=\/wp\/v2\/media\/210481"}],"wp:attachment":[{"href":"https:\/\/www.elsinodaldetamaulipas.com.mx\/index.php?rest_route=%2Fwp%2Fv2%2Fmedia&parent=210580"}],"wp:term":[{"taxonomy":"category","embeddable":true,"href":"https:\/\/www.elsinodaldetamaulipas.com.mx\/index.php?rest_route=%2Fwp%2Fv2%2Fcategories&post=210580"},{"taxonomy":"post_tag","embeddable":true,"href":"https:\/\/www.elsinodaldetamaulipas.com.mx\/index.php?rest_route=%2Fwp%2Fv2%2Ftags&post=210580"}],"curies":[{"name":"wp","href":"https:\/\/api.w.org\/{rel}","templated":true}]}}