{"id":210582,"date":"2025-09-01T22:46:31","date_gmt":"2025-09-02T02:46:31","guid":{"rendered":"https:\/\/www.elsinodaldetamaulipas.com.mx\/?p=210582"},"modified":"2025-09-01T22:46:31","modified_gmt":"2025-09-02T02:46:31","slug":"preparan-transmision-del-poder-judicial","status":"publish","type":"post","link":"https:\/\/www.elsinodaldetamaulipas.com.mx\/?p=210582","title":{"rendered":"PREPARAN TRANSMISI\u00d3N DEL PODER JUDICIAL"},"content":{"rendered":"<div class=\"post-content\">\n<p>TINTA NEGRA<br \/>\nAlfredo Guevara<\/p>\n<p>1.- Inici\u00f3 el proceso de entrega \u2013 recepci\u00f3n en el Poder Judicial del Estado.<br \/>\nLa magistrada electa del Supremo Tribunal de Justicia en Tamaulipas TANIA GISELA CONTRERAS L\u00d3PEZ y el presidente del Poder Judicial del Estado HERN\u00c1N DE LA GARZA TAMEZ iniciaron con este trabajo en un marco de disposici\u00f3n y colaboraci\u00f3n institucional.<br \/>\nY aunque la mayor preocupaci\u00f3n es el recurso que se necesita para el gasto que implicar\u00e1 el inicio de funciones del Tribunal de Disciplina Judicial y del \u00f3rgano de administraci\u00f3n, ya se entr\u00f3 en pl\u00e1ticas con el Congreso local para ir viendo la posibilidad de una ampliaci\u00f3n al presupuesto.<br \/>\nLa realidad de las cosas, es que fue un gasto que no se contempl\u00f3 en el ejercicio fiscal 2025, en la reforma constitucional en materia del Poder Judicial.<br \/>\nSin embargo, la magistrada CONTRERAS L\u00d3PEZ no vislumbr\u00f3 mayor problema para que el Poder Judicial cuente con ese recurso y no sea un limitante para que entre en funciones el nuevo PJE, el uno de octubre.<br \/>\nDiremos que entre los dos juristas hay voluntad y disposici\u00f3n para sacar adelante no solo el proceso de entrega \u2013 recepci\u00f3n, sino tambi\u00e9n para que la transici\u00f3n del Poder Judicial no se altere en cuanto a los asuntos o expedientes el tr\u00e1mite.<br \/>\nY es que, aparte de ofrecer HERN\u00c1N DE LA GARZA las herramientas e instrumentos tecnol\u00f3gicos, tambi\u00e9n estar\u00e1 en condiciones de brindar capacitaci\u00f3n a juezas, jueces y magistrados que entrar\u00e1n en funciones desde el uno de octubre.<br \/>\nIncluso, lo mencion\u00f3 TANIA, la reforma contempla entre otras cosas, que antes de que entren en funciones los nuevos integrantes del Poder Judicial del Estado, puedan acudir a las \u00e1reas que ocupar\u00e1n desde el uno de octubre, es decir, salas, juzgados y dem\u00e1s, a efecto de que se enteren de las cosas, los expedientes que forman parte del trabajo cotidiano y de esa manera, no inicien de cero.<br \/>\nLa realidad de las cosas, es que los nuevos integrantes del PJE, son gente con experiencia, trayectoria y capacidad, de ah\u00ed que la magistrada electa CONTRERAS L\u00d3PEZ tenga plena confianza de que sabr\u00e1n hacer las cosas bien desde el primer d\u00eda.<br \/>\nPor cierto, en el mismo proceso de entrega \u2013 recepci\u00f3n, otro de los temas que se analizar\u00e1n es el salario que deben recibir desde los magistrados hacia abajo.<br \/>\nLa idea es que las percepciones econ\u00f3micas entre el Poder Ejecutivo, Legislativo y Judicial est\u00e9n homologadas y no perciban unos m\u00e1s que otros. En fin. alfredoguevara0@gmail.com<\/p>\n<\/div>\n<div class=\"post-tags-box\"><\/div>\n<div class=\"widget widget-twitter\">\n<div class=\"fb-like-box fb_iframe_widget\" data-href=\"https:\/\/www.facebook.com\/temoflama\/\" data-width=\"300\" data-height=\"600\" data-colorscheme=\"light\" data-show-faces=\"true\" data-header=\"true\" data-stream=\"true\" data-show-border=\"true\"><\/div>\n<\/div>\n","protected":false},"excerpt":{"rendered":"<p>TINTA NEGRA Alfredo Guevara 1.- Inici\u00f3 el proceso de entrega \u2013 recepci\u00f3n en el Poder Judicial del Estado. La magistrada electa del Supremo Tribunal de Justicia en Tamaulipas TANIA GISELA CONTRERAS L\u00d3PEZ y el presidente del Poder Judicial del Estado HERN\u00c1N DE LA GARZA TAMEZ iniciaron con este trabajo en un marco de disposici\u00f3n y [&hellip;]<\/p>\n","protected":false},"author":1,"featured_media":210140,"comment_status":"closed","ping_status":"closed","sticky":false,"template":"","format":"standard","meta":{"footnotes":""},"categories":[16],"tags":[],"class_list":["post-210582","post","type-post","status-publish","format-standard","has-post-thumbnail","hentry","category-opinion"],"_links":{"self":[{"href":"https:\/\/www.elsinodaldetamaulipas.com.mx\/index.php?rest_route=\/wp\/v2\/posts\/210582","targetHints":{"allow":["GET"]}}],"collection":[{"href":"https:\/\/www.elsinodaldetamaulipas.com.mx\/index.php?rest_route=\/wp\/v2\/posts"}],"about":[{"href":"https:\/\/www.elsinodaldetamaulipas.com.mx\/index.php?rest_route=\/wp\/v2\/types\/post"}],"author":[{"embeddable":true,"href":"https:\/\/www.elsinodaldetamaulipas.com.mx\/index.php?rest_route=\/wp\/v2\/users\/1"}],"replies":[{"embeddable":true,"href":"https:\/\/www.elsinodaldetamaulipas.com.mx\/index.php?rest_route=%2Fwp%2Fv2%2Fcomments&post=210582"}],"version-history":[{"count":1,"href":"https:\/\/www.elsinodaldetamaulipas.com.mx\/index.php?rest_route=\/wp\/v2\/posts\/210582\/revisions"}],"predecessor-version":[{"id":210583,"href":"https:\/\/www.elsinodaldetamaulipas.com.mx\/index.php?rest_route=\/wp\/v2\/posts\/210582\/revisions\/210583"}],"wp:featuredmedia":[{"embeddable":true,"href":"https:\/\/www.elsinodaldetamaulipas.com.mx\/index.php?rest_route=\/wp\/v2\/media\/210140"}],"wp:attachment":[{"href":"https:\/\/www.elsinodaldetamaulipas.com.mx\/index.php?rest_route=%2Fwp%2Fv2%2Fmedia&parent=210582"}],"wp:term":[{"taxonomy":"category","embeddable":true,"href":"https:\/\/www.elsinodaldetamaulipas.com.mx\/index.php?rest_route=%2Fwp%2Fv2%2Fcategories&post=210582"},{"taxonomy":"post_tag","embeddable":true,"href":"https:\/\/www.elsinodaldetamaulipas.com.mx\/index.php?rest_route=%2Fwp%2Fv2%2Ftags&post=210582"}],"curies":[{"name":"wp","href":"https:\/\/api.w.org\/{rel}","templated":true}]}}