{"id":210584,"date":"2025-09-01T22:50:07","date_gmt":"2025-09-02T02:50:07","guid":{"rendered":"https:\/\/www.elsinodaldetamaulipas.com.mx\/?p=210584"},"modified":"2025-09-01T22:50:07","modified_gmt":"2025-09-02T02:50:07","slug":"la-transformacion-comienza-en-las-aulas","status":"publish","type":"post","link":"https:\/\/www.elsinodaldetamaulipas.com.mx\/?p=210584","title":{"rendered":"LA TRANSFORMACI\u00d3N COMIENZA EN LAS AULAS"},"content":{"rendered":"<div class=\"post-content\">\n<p>A MI MANERA<\/p>\n<p>Por Tello Montes<\/p>\n<p>&nbsp;<\/p>\n<p>-La transformaci\u00f3n comienza en las aulas: Lav\u00edn.<\/p>\n<p>El canto del tuc\u00e1n ya se escuch\u00f3 en Tamaulipas: el Partido Verde Ecologista decidi\u00f3 despegarse de MORENA y jugarse solo en las elecciones del 2027 y del 2028.<\/p>\n<p>Arturo Escobar y Vega destap\u00f3 sin tapujos a la senadora Maki Ortiz como candidata a la gubernatura, a Carlos Pe\u00f1a \u201cMaquito\u201d como futuro diputado federal y empuj\u00f3 la reelecci\u00f3n de los federales Mario L\u00f3pez \u201cLa Borrega\u201d y Cassandra de los Santos.<\/p>\n<p>El mensaje es brutal: los Pe\u00f1a Ortiz creen que Reynosa es su feudo y que, con el Verde, les basta para sobrevivir. Se sienten amos de la ciudad que han exprimido durante diez a\u00f1os, con placas escolares arrancadas a berrinches y con proyectos fantasma que hoy siguen oliendo a corrupci\u00f3n.<\/p>\n<p>Pero lo que estos pol\u00edticos no saben \u2014o fingen no saber\u2014 es que los cartuchos quemados tambi\u00e9n se mojan.<\/p>\n<p>La ciudadan\u00eda est\u00e1 cansada de farsas, y la furia popular ya no se apaga con discursos de papel.<\/p>\n<p>El nuevo Poder Judicial de Tamaulipas tiene las manos listas para revisar cuentas pendientes: deudas millonarias, obras fantasma y atracos disfrazados de gestiones.<\/p>\n<p>Maki, que ni siquiera es tamaulipeca, quiere usar al estado como trampol\u00edn; La Borrega arrastra la sombra del \u201cLaguito\u201d y sus millones desaparecidos; Cassandra busca perpetuarse en R\u00edo Bravo mientras la gente carga con los rezagos; y \u201cMaquito\u201d quiere brincar otra vez a la boleta como si el apellido bastar\u00e1.<\/p>\n<p>Lo que no cuentan estos personajes es que la esperanza ciudadana no est\u00e1 en sus manos, sino en un pueblo que aprendi\u00f3 a cobrar facturas y en un sistema de justicia que por fin empieza a despertar.<\/p>\n<p>M\u00e1s claro no canta el tuc\u00e1n: el Verde ya mostr\u00f3 sus cartas y los cartuchos quemados de Maki, Maquito, La Borrega y Cassandra quieren volver a la boleta como si nada hubiera pasado. Lo ofensivo no es su ambici\u00f3n, sino el insulto a la ciudadan\u00eda al creer que Tamaulipas no tiene memoria.<\/p>\n<p>Porque la gente s\u00ed recuerda los atracos, las obras fantasma y los diez a\u00f1os de saqueo disfrazado de gobiernos. Y en las urnas, la memoria se convierte en castigo.<\/p>\n<p>Estos traidores apuestan a la amnesia colectiva, pero lo que no saben es que la ciudadan\u00eda no olvida, y menos perdona.<\/p>\n<p>LA TRANSFORMACI\u00d3N EMPIEZA EN LAS AULAS: LAVIN<\/p>\n<p>En Matamoros arranc\u00f3 el ciclo escolar 2025\u20132026 con un mensaje claro: la transformaci\u00f3n de Tamaulipas se construye desde las aulas.<\/p>\n<p>No hubo alfombra roja ni discursos huecos, sino la presencia de estudiantes, maestros y padres que saben que en la educaci\u00f3n est\u00e1 el futuro de sus hijos.<\/p>\n<p>La Escuela Secundaria \u201cJaime Torres Bodet\u201d fue el escenario donde se encendi\u00f3 la chispa de esperanza.<\/p>\n<p>Ah\u00ed, el secretario de Finanzas, Jes\u00fas Lav\u00edn Ver\u00e1stegui, acudi\u00f3 en representaci\u00f3n del gobernador Am\u00e9rico Villarreal Anaya, acompa\u00f1ado por el alcalde Beto Granados, quien en nombre de Matamoros reiter\u00f3 que su administraci\u00f3n seguir\u00e1 invirtiendo en techumbres, sanitarios y materiales para que las escuelas sean espacios dignos, no bodegas de promesas.<\/p>\n<p>Ese d\u00eda no solo se inaugur\u00f3 un ciclo escolar, tambi\u00e9n se entregaron 535,930 libros de texto gratuitos y 79,429 paquetes de \u00fatiles escolares en Matamoros. No es cifra menor: es la garant\u00eda de que ning\u00fan ni\u00f1o o ni\u00f1a se quede atr\u00e1s por falta de l\u00e1piz, cuaderno o mochila. A nivel estatal, se inform\u00f3, ser\u00e1n 538,048 paquetes de \u00fatiles y casi 47 mil uniformes, con una inversi\u00f3n que supera los 276 millones de pesos.<\/p>\n<p>La secundaria anfitriona tambi\u00e9n fue ejemplo de que los programas llegan a donde se necesitan: con 600 mil pesos del esquema La Escuela Es Nuestra, se rehabilit\u00f3 su infraestructura y se fortaleci\u00f3 su equipamiento.<\/p>\n<p>En este contexto, Lav\u00edn Ver\u00e1stegui record\u00f3 que para el gobernador Villarreal Anaya la educaci\u00f3n no es un eslogan ni una foto de ocasi\u00f3n, sino la columna vertebral de la transformaci\u00f3n: espacios dignos, acceso igualitario y condiciones reales para aprender.<\/p>\n<p>M\u00e1s all\u00e1 de los n\u00fameros y los discursos, el mensaje es contundente: mientras algunos pol\u00edticos reciclan traiciones y buscan candidaturas como cartuchos quemados, en Tamaulipas hay un gobierno que le apuesta a la memoria viva de la gente: la educaci\u00f3n de sus hijos.<\/p>\n<p>Ah\u00ed se siembra la verdadera esperanza y ah\u00ed se gesta el futuro que no podr\u00e1n arrebatar ni el Verde ni sus aves de mal ag\u00fcero.<\/p>\n<p>UAT ABRE CON \u00c9XITO LA CARRERA DE ENFERMER\u00cdA EN REYNOSA.<\/p>\n<p>La Universidad Aut\u00f3noma de Tamaulipas (UAT) abri\u00f3 en Reynosa la Licenciatura en Enfermer\u00eda, con 75 alumnos en su primera generaci\u00f3n, atendiendo as\u00ed la demanda de la regi\u00f3n fronteriza.<\/p>\n<p>La directora de la Unidad Acad\u00e9mica Multidisciplinaria Reynosa-Aztl\u00e1n, Mar\u00eda Cristina Hern\u00e1ndez Jim\u00e9nez, destac\u00f3 que este logro responde al impulso del rector D\u00e1maso Anaya Alvarado para ampliar la oferta educativa en los municipios.<\/p>\n<p>El programa tuvo 120 aspirantes y otorg\u00f3 22 becas de nuevo ingreso. Los estudiantes cursar\u00e1n el mismo plan de estudios certificado que se imparte en otras sedes de la UAT.<\/p>\n<p>Con esta apertura, la unidad acad\u00e9mica atiende ya a m\u00e1s de 2,100 alumnos, fortaleciendo la formaci\u00f3n de profesionistas con calidad y sentido humanista.<\/p>\n<\/div>\n","protected":false},"excerpt":{"rendered":"<p>A MI MANERA Por Tello Montes &nbsp; -La transformaci\u00f3n comienza en las aulas: Lav\u00edn. El canto del tuc\u00e1n ya se escuch\u00f3 en Tamaulipas: el Partido Verde Ecologista decidi\u00f3 despegarse de MORENA y jugarse solo en las elecciones del 2027 y del 2028. Arturo Escobar y Vega destap\u00f3 sin tapujos a la senadora Maki Ortiz como [&hellip;]<\/p>\n","protected":false},"author":1,"featured_media":207905,"comment_status":"closed","ping_status":"closed","sticky":false,"template":"","format":"standard","meta":{"footnotes":""},"categories":[16],"tags":[],"class_list":["post-210584","post","type-post","status-publish","format-standard","has-post-thumbnail","hentry","category-opinion"],"_links":{"self":[{"href":"https:\/\/www.elsinodaldetamaulipas.com.mx\/index.php?rest_route=\/wp\/v2\/posts\/210584","targetHints":{"allow":["GET"]}}],"collection":[{"href":"https:\/\/www.elsinodaldetamaulipas.com.mx\/index.php?rest_route=\/wp\/v2\/posts"}],"about":[{"href":"https:\/\/www.elsinodaldetamaulipas.com.mx\/index.php?rest_route=\/wp\/v2\/types\/post"}],"author":[{"embeddable":true,"href":"https:\/\/www.elsinodaldetamaulipas.com.mx\/index.php?rest_route=\/wp\/v2\/users\/1"}],"replies":[{"embeddable":true,"href":"https:\/\/www.elsinodaldetamaulipas.com.mx\/index.php?rest_route=%2Fwp%2Fv2%2Fcomments&post=210584"}],"version-history":[{"count":1,"href":"https:\/\/www.elsinodaldetamaulipas.com.mx\/index.php?rest_route=\/wp\/v2\/posts\/210584\/revisions"}],"predecessor-version":[{"id":210585,"href":"https:\/\/www.elsinodaldetamaulipas.com.mx\/index.php?rest_route=\/wp\/v2\/posts\/210584\/revisions\/210585"}],"wp:featuredmedia":[{"embeddable":true,"href":"https:\/\/www.elsinodaldetamaulipas.com.mx\/index.php?rest_route=\/wp\/v2\/media\/207905"}],"wp:attachment":[{"href":"https:\/\/www.elsinodaldetamaulipas.com.mx\/index.php?rest_route=%2Fwp%2Fv2%2Fmedia&parent=210584"}],"wp:term":[{"taxonomy":"category","embeddable":true,"href":"https:\/\/www.elsinodaldetamaulipas.com.mx\/index.php?rest_route=%2Fwp%2Fv2%2Fcategories&post=210584"},{"taxonomy":"post_tag","embeddable":true,"href":"https:\/\/www.elsinodaldetamaulipas.com.mx\/index.php?rest_route=%2Fwp%2Fv2%2Ftags&post=210584"}],"curies":[{"name":"wp","href":"https:\/\/api.w.org\/{rel}","templated":true}]}}