{"id":210588,"date":"2025-09-01T23:07:01","date_gmt":"2025-09-02T03:07:01","guid":{"rendered":"https:\/\/www.elsinodaldetamaulipas.com.mx\/?p=210588"},"modified":"2025-09-01T23:07:01","modified_gmt":"2025-09-02T03:07:01","slug":"golosas","status":"publish","type":"post","link":"https:\/\/www.elsinodaldetamaulipas.com.mx\/?p=210588","title":{"rendered":"GOLOSAS"},"content":{"rendered":"<div class=\"post-content\">\n<p>-LA RUMOROLOG\u00cdA AL ESTILO DE CABEZA DE VACA\u2026Una serie de trascendidos sobre supuestos recursos de amparos y al parecer promovidos por la Presidenta electa del Supremo Tribunal de Justicia de Tamaulipas, TANIA CONTRERAS y la ex diputada local del PAN, NOEM\u00cd ESTRELLA LEAL, contra cualquier orden de aprehensi\u00f3n, comparecencia, detenci\u00f3n, incomunicaci\u00f3n o desaparici\u00f3n forzada.<\/p>\n<p>Y es que, seg\u00fan fecha 31 de agosto, se public\u00f3 en la p\u00e1gina del Consejo de la Judicatura Federal el amparo n\u00famero 1062\/ 2025, radicado en el juzgado Octavo de Distrito con sede en Reynosa, Tamaulipas, trasciende que dichos recursos habr\u00edan sido promovidos por la Presidenta electa del STJE y la ex diputada albiazul.<\/p>\n<p>Lo que si resulta cierto es el encuentro que sostuvo la ma\u00f1ana de este lunes la abogada, TANIA CONTRERAS, con representantes de medios de comunicaci\u00f3n y no se ve\u00eda en su rostro ninguna muestra de preocupaci\u00f3n, por el contrario, luc\u00eda animada y por dem\u00e1s contenta.<\/p>\n<p>Su atenci\u00f3n estaba centrada en la toma de protesta el mes pr\u00f3ximo de los nuevos integrantes del Poder Judicial de Tamaulipas, al proceso de entrega recepci\u00f3n y al tema del presupuesto con el que arrancar\u00e1n sus tareas y del cual pedir\u00eda un incremento.<\/p>\n<p>Por supuesto el firme compromiso de hacer bien las cosas a favor de los tamaulipecos y subsanar los escollos que frenaban el avance de la justicia con representantes profesionales y comprometidos en hacer cumplir la ley.<\/p>\n<p>Y si de trascendidos se trata, ah\u00ed tienen que, a la Senadora, OLGA SOSA RUIZ, tambi\u00e9n le quisieron inventar una presunta acci\u00f3n penal en su contra.<\/p>\n<p>Ambas personajes, TANIA y OLGA, son contrapeso real a las perversas intensiones del ex gobernador, FRANCISCO GARCIA CABEZA DE VACA, persistiendo el malandro ex gobernador en torcer las leyes y evadir la acci\u00f3n de la justicia con una serie de distractores que ya no convencen ni a los de su partido.<\/p>\n<p>Quien s\u00ed denota verdadera preocupaci\u00f3n es, CABEZA DE VACA, porque se acerca la verdadera justicia y tendr\u00e1 que pagar cada una de sus fechor\u00edas y con \u00e9l todos los que se aprovecharon del ejercicio del poder y abusaron del presupuesto, por fin se asoma la luz al final del t\u00fanel y eso lo sabe el malandro refugiado en Texas.<\/p>\n<p>UNA TRAS\u2026SI ANTES NO LES TIRABAN NI UN LAZO, MENOS AHORA\u2026MANUEL MU\u00d1OZ y MAKY ORTIZ, esperaban tener como respuesta a su \u201caceleramiento\u201d electoral un, \u201cdetente\u201d, \u201cvamos a platicar\u201d, pero se quedaron con las ganas y ya no hay vuelta atr\u00e1s.<\/p>\n<p>Apenas se juntaron, pecaron de soberbios y muy pronto, ambos, morder\u00e1n el polvo; su torpe accionar confirma adem\u00e1s la versi\u00f3n sobre el distanciamiento existente entre el hijo del malogrado, MANUEL MU\u00d1OZ ROCHA, con el ex gobernador, EUGENIO HERNANDEZ FLORES, este \u00faltimo vilmente traicionado por ese mismo partido y la insaciable de MAKY, agandall\u00e1ndole la senadur\u00eda plurinominal ya sinti\u00e9ndose ganadora de una elecci\u00f3n sobre la cual le faltan dos a\u00f1os para celebrarse.<\/p>\n<p>Ambicioso como \u00e9l mismo, a MANUELITO, lo que m\u00e1s le preocupa son las prerrogativas que deber\u00e1 entregarles el \u00f3rgano electoral, debiendo saber que ser\u00e1 la misma cantidad porque el IETAM ejercer\u00e1 el presupuesto del 2024 y ser\u00e1 muy escrupuloso en la fiscalizaci\u00f3n, por aquello de no permitir malos manejos.<\/p>\n<p>Ambos, MAKY y MANUELITO, deben de saber que en MORENA ya no les interesan, son una especie de desecho y muy f\u00e1cil de reemplazar, tampoco son bien vistos en Palacio Nacional y para el Estado ninguno de los dos representa nada y nada es nada.<\/p>\n<p>1.-UNA TRAS\u2026\u201d Se lo merec\u00eda\u201d as\u00ed lo dijo el gobernador de Coahuila, MANOLO JIM\u00c9NEZ, en relaci\u00f3n a los empujones y golpes que recibi\u00f3 el expresidente del Senado, GERARDO FERNANDEZ NORO\u00d1A, por parte del Presidente Nacional del PRI, ALEJANDRO MORENO.<\/p>\n<p>2.-UNA TRAS\u2026Aunque ya algunos los sab\u00edan y otros terminaron por confirmarlo, el que ya suma decenas de simpatizantes a su causa es el ex dirigente de la Secci\u00f3n XXX y ex diputado federal, ENRIQUE MEL\u00c9NDEZ P\u00c9REZ.<\/p>\n<p>\u201cEl Profesor Mel\u00e9ndez\u201d ha recibido numerosas muestras de apoyo y pleno afecto, luego de saberse que ser\u00e1 \u00e9l quien abandere las causas de convertirse en el relevo de, ARNULFO RODR\u00cdGUEZ TREVI\u00d1O, en la dirigencia de la Secci\u00f3n XXX del SNTE.<br \/>\nCOMENTARIOS<br \/>\nJesusher63@hotmail.com<br \/>\ncntnotas@hotmail.com<\/p>\n<\/div>\n","protected":false},"excerpt":{"rendered":"<p>-LA RUMOROLOG\u00cdA AL ESTILO DE CABEZA DE VACA\u2026Una serie de trascendidos sobre supuestos recursos de amparos y al parecer promovidos por la Presidenta electa del Supremo Tribunal de Justicia de Tamaulipas, TANIA CONTRERAS y la ex diputada local del PAN, NOEM\u00cd ESTRELLA LEAL, contra cualquier orden de aprehensi\u00f3n, comparecencia, detenci\u00f3n, incomunicaci\u00f3n o desaparici\u00f3n forzada. Y [&hellip;]<\/p>\n","protected":false},"author":1,"featured_media":209115,"comment_status":"closed","ping_status":"closed","sticky":false,"template":"","format":"standard","meta":{"footnotes":""},"categories":[16],"tags":[],"class_list":["post-210588","post","type-post","status-publish","format-standard","has-post-thumbnail","hentry","category-opinion"],"_links":{"self":[{"href":"https:\/\/www.elsinodaldetamaulipas.com.mx\/index.php?rest_route=\/wp\/v2\/posts\/210588","targetHints":{"allow":["GET"]}}],"collection":[{"href":"https:\/\/www.elsinodaldetamaulipas.com.mx\/index.php?rest_route=\/wp\/v2\/posts"}],"about":[{"href":"https:\/\/www.elsinodaldetamaulipas.com.mx\/index.php?rest_route=\/wp\/v2\/types\/post"}],"author":[{"embeddable":true,"href":"https:\/\/www.elsinodaldetamaulipas.com.mx\/index.php?rest_route=\/wp\/v2\/users\/1"}],"replies":[{"embeddable":true,"href":"https:\/\/www.elsinodaldetamaulipas.com.mx\/index.php?rest_route=%2Fwp%2Fv2%2Fcomments&post=210588"}],"version-history":[{"count":1,"href":"https:\/\/www.elsinodaldetamaulipas.com.mx\/index.php?rest_route=\/wp\/v2\/posts\/210588\/revisions"}],"predecessor-version":[{"id":210589,"href":"https:\/\/www.elsinodaldetamaulipas.com.mx\/index.php?rest_route=\/wp\/v2\/posts\/210588\/revisions\/210589"}],"wp:featuredmedia":[{"embeddable":true,"href":"https:\/\/www.elsinodaldetamaulipas.com.mx\/index.php?rest_route=\/wp\/v2\/media\/209115"}],"wp:attachment":[{"href":"https:\/\/www.elsinodaldetamaulipas.com.mx\/index.php?rest_route=%2Fwp%2Fv2%2Fmedia&parent=210588"}],"wp:term":[{"taxonomy":"category","embeddable":true,"href":"https:\/\/www.elsinodaldetamaulipas.com.mx\/index.php?rest_route=%2Fwp%2Fv2%2Fcategories&post=210588"},{"taxonomy":"post_tag","embeddable":true,"href":"https:\/\/www.elsinodaldetamaulipas.com.mx\/index.php?rest_route=%2Fwp%2Fv2%2Ftags&post=210588"}],"curies":[{"name":"wp","href":"https:\/\/api.w.org\/{rel}","templated":true}]}}