{"id":210593,"date":"2025-09-01T23:40:20","date_gmt":"2025-09-02T03:40:20","guid":{"rendered":"https:\/\/www.elsinodaldetamaulipas.com.mx\/?p=210593"},"modified":"2025-09-01T23:40:20","modified_gmt":"2025-09-02T03:40:20","slug":"ministros-y-ministras-reciben-el-baston-de-mando","status":"publish","type":"post","link":"https:\/\/www.elsinodaldetamaulipas.com.mx\/?p=210593","title":{"rendered":"MINISTROS Y MINISTRAS RECIBEN EL BAST\u00d3N DE MANDO"},"content":{"rendered":"<p><em>EL SINODAL DE TAMAULIPAS<\/em><\/p>\n<p>Ciudad de M\u00e9xico.- Este 1\u00b0 de septiembre la nueva Suprema Corte de Justicia de la Naci\u00f3n (SCJN), encabezada por el ministro presidente, Hugo Aguilar Ortiz, recibi\u00f3 el bast\u00f3n de mando de manos de integrantes de los pueblos originarios, pero, \u00bfqu\u00e9 significa y por qu\u00e9 lo hicieron?<\/p>\n<p>&nbsp;<\/p>\n<p>Durante una ceremonia tradicional, los ministros y ministras realizaron un acto de \u201cpurificaci\u00f3n\u201d, por lo que las autoridades tradicionales invocaron a Tonantzin y Quetzalc\u00f3atl, con la finalidad de conectarse espiritualmente y solicitar perd\u00f3n \u201cpor todo el da\u00f1o causado a la madre tierra\u201d.<\/p>\n<p>&nbsp;<\/p>\n<p>La ceremonia se realiz\u00f3 en la plancha del Z\u00f3calo de CDMX, donde los representantes de al menos 70 comunidades estuvieron presentes para ser parte de este ritual hist\u00f3rico con los integrantes de la SCJN.<\/p>\n<p>&nbsp;<\/p>\n<p>Somos los ministros y ministras del pueblo (&#8230;) todo poder surge en el pueblo, asegur\u00f3 Hugo Aguilar Ortiz al recibir el bast\u00f3n de mando<\/p>\n<p>&nbsp;<\/p>\n<p>El bast\u00f3n de mando es un elemento elaborado con madera, el cual es tallado y adornado con diversos art\u00edculos representativos de cada comunidad. La entrega de estos bastones, son tradici\u00f3n en los grupos ind\u00edgenas cuando se hace la entrega del poder, es decir, cuando hay un nuevo l\u00edder.<\/p>\n<p>&nbsp;<\/p>\n<p>Este acto implica compromiso, no solo con la importancia de las facultades que la persona tendr\u00e1 que llevar, tambi\u00e9n con las personas que ponen su confianza en ella. Implica no fallarle al pueblo.<\/p>\n<p>&nbsp;<\/p>\n<p>En esta ocasi\u00f3n, el carpintero Enrique Fabi\u00e1n de 60 a\u00f1os de edad, fue el encargado de elaborar el bast\u00f3n de mando que fue entregado al ministro presidente de la SCJN.<\/p>\n<p>El adulto mayor que tiene m\u00e1s de 40 a\u00f1os de experiencia con el manejo de la madera, asegur\u00f3 que es un honor saber que esta tradici\u00f3n tan importante es tomada en cuenta, lo que dejar\u00e1 una ense\u00f1anza y un legado.<\/p>\n<p>&nbsp;<\/p>\n<p>El bast\u00f3n de mando tiene colores y elementos que representan la diversidad y totalidad del universo, los cuales est\u00e1n asociados con la fundaci\u00f3n de M\u00e9xico-Tenochtitl\u00e1n:<\/p>\n<p>&nbsp;<\/p>\n<p>El nopal<\/p>\n<p>El \u00e1guila<\/p>\n<p>La serpiente<\/p>\n<p>&nbsp;<\/p>\n<p>El bast\u00f3n de mando significa la riqueza de nuestras ra\u00edces y reafirma la dignidad y el orgullo de los pueblos ind\u00edgenas presentes en la vida de nuestra naci\u00f3n<\/p>\n<p>&nbsp;<\/p>\n<p>\u00bfQui\u00e9nes han recibido un bast\u00f3n de mando en M\u00e9xico?<\/p>\n<p>&nbsp;<\/p>\n<p>La tradici\u00f3n de la entrega del bast\u00f3n de mando tiene su origen en los pueblos ind\u00edgenas, no obstante, en la pol\u00edtica no era com\u00fan ver este acto tradicional.<\/p>\n<p>&nbsp;<\/p>\n<p>El primero en recibir el bast\u00f3n de mando fue el expresidente Andr\u00e9s Manuel L\u00f3pez Obrador, quien durante una ceremonia multitudinaria, recibi\u00f3 de manos de los pueblos originarios, la confianza para estar al frente del pa\u00eds.<\/p>\n<p>Luego de este momento, la ceremonia se replic\u00f3 cuando la presidenta Claudia Sheinbaum asumi\u00f3 el cargo. El Z\u00f3calo se convirti\u00f3 en testigo de este acto en el que marc\u00f3 la hist\u00f3rica llegada de una mujer a la Presidencia.<\/p>\n<p>Y por primera vez, los ministros y ministras de la Suprema Corte de Justicia de la Naci\u00f3n (SCJN), quienes fueron elegidos por una votaci\u00f3n el pasado 1\u00b0 de junio, en una elecci\u00f3n que marc\u00f3 de nuevo la historia pol\u00edtica de M\u00e9xico.<\/p>\n<p>&nbsp;<\/p>\n","protected":false},"excerpt":{"rendered":"<p>EL SINODAL DE TAMAULIPAS Ciudad de M\u00e9xico.- Este 1\u00b0 de septiembre la nueva Suprema Corte de Justicia de la Naci\u00f3n (SCJN), encabezada por el ministro presidente, Hugo Aguilar Ortiz, recibi\u00f3 el bast\u00f3n de mando de manos de integrantes de los pueblos originarios, pero, \u00bfqu\u00e9 significa y por qu\u00e9 lo hicieron? &nbsp; Durante una ceremonia tradicional, [&hellip;]<\/p>\n","protected":false},"author":1,"featured_media":210594,"comment_status":"closed","ping_status":"closed","sticky":false,"template":"","format":"standard","meta":{"footnotes":""},"categories":[4,1],"tags":[],"class_list":["post-210593","post","type-post","status-publish","format-standard","has-post-thumbnail","hentry","category-nacional","category-portada"],"_links":{"self":[{"href":"https:\/\/www.elsinodaldetamaulipas.com.mx\/index.php?rest_route=\/wp\/v2\/posts\/210593","targetHints":{"allow":["GET"]}}],"collection":[{"href":"https:\/\/www.elsinodaldetamaulipas.com.mx\/index.php?rest_route=\/wp\/v2\/posts"}],"about":[{"href":"https:\/\/www.elsinodaldetamaulipas.com.mx\/index.php?rest_route=\/wp\/v2\/types\/post"}],"author":[{"embeddable":true,"href":"https:\/\/www.elsinodaldetamaulipas.com.mx\/index.php?rest_route=\/wp\/v2\/users\/1"}],"replies":[{"embeddable":true,"href":"https:\/\/www.elsinodaldetamaulipas.com.mx\/index.php?rest_route=%2Fwp%2Fv2%2Fcomments&post=210593"}],"version-history":[{"count":1,"href":"https:\/\/www.elsinodaldetamaulipas.com.mx\/index.php?rest_route=\/wp\/v2\/posts\/210593\/revisions"}],"predecessor-version":[{"id":210595,"href":"https:\/\/www.elsinodaldetamaulipas.com.mx\/index.php?rest_route=\/wp\/v2\/posts\/210593\/revisions\/210595"}],"wp:featuredmedia":[{"embeddable":true,"href":"https:\/\/www.elsinodaldetamaulipas.com.mx\/index.php?rest_route=\/wp\/v2\/media\/210594"}],"wp:attachment":[{"href":"https:\/\/www.elsinodaldetamaulipas.com.mx\/index.php?rest_route=%2Fwp%2Fv2%2Fmedia&parent=210593"}],"wp:term":[{"taxonomy":"category","embeddable":true,"href":"https:\/\/www.elsinodaldetamaulipas.com.mx\/index.php?rest_route=%2Fwp%2Fv2%2Fcategories&post=210593"},{"taxonomy":"post_tag","embeddable":true,"href":"https:\/\/www.elsinodaldetamaulipas.com.mx\/index.php?rest_route=%2Fwp%2Fv2%2Ftags&post=210593"}],"curies":[{"name":"wp","href":"https:\/\/api.w.org\/{rel}","templated":true}]}}