{"id":210631,"date":"2025-09-03T10:55:30","date_gmt":"2025-09-03T14:55:30","guid":{"rendered":"https:\/\/www.elsinodaldetamaulipas.com.mx\/?p=210631"},"modified":"2025-09-03T10:55:30","modified_gmt":"2025-09-03T14:55:30","slug":"un-verde-adios","status":"publish","type":"post","link":"https:\/\/www.elsinodaldetamaulipas.com.mx\/?p=210631","title":{"rendered":"UN VERDE ADIOS"},"content":{"rendered":"<div class=\"title-post\">\n<h3 class=\"post-views content-post post-227991 entry-meta load-static\">LOS HECHOS<\/h3>\n<\/div>\n<div class=\"post-content\">\n<p>POR Jos\u00e9 In\u00e9s Figueroa Vitela<\/p>\n<p>&nbsp;<\/p>\n<p>El Partido Verde Ecologista fue perdiendo su representatividad paulatinamente, y<br \/>\nnunca entendi\u00f3, o quiso entender los motivos.<br \/>\nLos rebeldes sin causa, que escalaron espacios de poder y representaci\u00f3n de la<br \/>\nmano de la Cuarta Transformaci\u00f3n, , desde las alianzas, se perdieron en el viejo<br \/>\nproyecto de trasladar el desgastado PRI, hace casi medio siglo, a un nuevo membrete.<br \/>\nAhora sus gerentes, parecen instalados en la comodidad de la venta de<br \/>\ncandidaturas, aunque en el trayecto, sin las inercias del movimiento transformador,<br \/>\ndespojados de los votos originados en el pejismo -de AMLO-, no tienen mayor<br \/>\ndestino electoral.<br \/>\nEse, que es un fen\u00f3meno con tendencia a generalizarse, por donde los verdes vayan<br \/>\n\u201cdestet\u00e1ndose\u201d de MORENA, en el Congreso Local ayer tuvo un episodio interesante.<br \/>\nLa diputada ANA LAURA HUERTA VALDOVINOS, quien entre los de adeveras,<br \/>\ndestaca en productividad dentro de la actual legislatura local, ayer de plano renunci\u00f3 a<br \/>\nsu pertenencia al Verde, para en el acto sumarse a la bancada morenista.<br \/>\nEra \u201cla \u00faltima de las mohicanas\u201d; ya antes hab\u00edan seguido esa ruta BLANCA<br \/>\nANZALD\u00daA N\u00c1JERA, KATALYNA M\u00c9NDEZ CEPEDA y\u00a0SILVIA CH\u00c1VEZ; con<br \/>\nella fuera, el PVEM de plano se queda sin representaci\u00f3n en el Congreso Local.<br \/>\nHubo quien remiti\u00f3 el movimiento a una repercusi\u00f3n de los sucedidos del pasado<br \/>\nfin de semana en Reynosa, cuando el Coordinador nacional del partido, ARTURO<br \/>\nESCOBAR, vino a formalizar el rompimiento de MAKI ORTIZ con el status quo<br \/>\nestatal.<br \/>\n\u201cSi, son cosas con los que una no est\u00e1 de acuerdo\u201d, declar\u00f3, palabras m\u00e1s, palabras<br \/>\nmenos, la legisladora del segundo distrito neolaredense, al precisar que su salida del<br \/>\nPVEM se dio, centralmente, porque la dejaron sola.<br \/>\nNing\u00fan contacto ten\u00eda con los dirigentes y lo que trascendi\u00f3, por otras v\u00edas fue, m\u00e1s<br \/>\nbien, que desde el inicio de su gesti\u00f3n en repetidas ocasiones le estuvieron poniendo<br \/>\npiedritas en el camino.<br \/>\nLo de Reynosa, entonces, habr\u00eda sido la gota que derram\u00f3 el vaso.<br \/>\nLa jornada legislativa de ayer, aparte, incluy\u00f3 la integraci\u00f3n de una comisi\u00f3n<\/p>\n<p>especial, para el seguimiento a las denuncias de corrupci\u00f3n en la Secretar\u00eda de Salud<br \/>\ndel Estado durante el pasado sexenio.<br \/>\nMismas, que terminaron por demostrar que los hermanos CARMONA, con quienes<br \/>\nhicieron negocios chuecos fue con el exgobernador pr\u00f3fugo y sus cercanos.<br \/>\nNo es cosa menor, porque de la falsa informaci\u00f3n, inventada por FRANCISCO<br \/>\nJAVIER \u201cN\u201d para atacar a MORENA y sus gobiernos, en la elecci\u00f3n de su relevo, se<br \/>\ndesdobl\u00f3 toda una narrativa nacional de \u201cnarcopol\u00edtica-narcogobierno\u201d de parte de la<br \/>\noposici\u00f3n en contra de MORENA, sus gobiernos, liderazgos y representaciones.<br \/>\nTales afirmaciones, sin el menor sustento, ahora chocan con las pruebas que<br \/>\ndemuestras las reales complicidades entre los CARMONA y el gobierno estatal<br \/>\npanista del sexenio anterior.<br \/>\nEn sus l\u00f3gicas, tales corrupciones se elevan en forma directa al mismo PAN en<br \/>\ntodas sus manifestaciones y al PRI, ahora su extensi\u00f3n, cuasi ap\u00e9ndice.<br \/>\nEl peso de todas las verdades, con los mismos detractores desacreditados, cal\u00f3<br \/>\nhondo en en el primer informe de la presidenta CLAUDIA SHEINBAUM PARDO,<br \/>\ndonde a Tamaulipas no solo se le mencion\u00f3, se le subray\u00f3\u2026 y no por casualidad.<br \/>\nAh\u00ed qued\u00f3 plasmado, entre cifras y proyectos, el claro aprecio que desde Palacio<br \/>\nNacional se tiene por este suelo fronterizo.<br \/>\nAlgo tiene que ver \u2014y mucho\u2014 la mano del gobernador AM\u00c9RICO<br \/>\nVILLARREAL ANAYA, quien ha sabido hacer la fila en las ventanillas correctas y<br \/>\nmover las piezas adecuadas en el tablero federal, con el resorte natural de su don de<br \/>\ngentes.<br \/>\nEn la materia que m\u00e1s duele -salud-, los reflectores apuntaron a las nuevas<br \/>\ninfraestructuras que este a\u00f1o entran en operaci\u00f3n: el Hospital General de Ciudad<br \/>\nMadero, bajo la sombrilla del IMSS-Bienestar, y su hermano del ISSSTE en<br \/>\nTampico.<br \/>\nA eso s\u00famele la Unidad de Medicina Familiar en Gustavo D\u00edaz Ordaz, mencionada<br \/>\nnada menos que en la ma\u00f1anera, donde lo que no se nombra, no existe.<br \/>\nEl agua, siempre protagonista en estas tierras sedientas, tambi\u00e9n encontr\u00f3 su lugar<br \/>\nentre los 20 proyectos estrat\u00e9gicos de la naci\u00f3n: la segunda l\u00ednea del acueducto<br \/>\nVictoria y los distritos de riego del. Norte de Tamaulipas para su tecnificaci\u00f3n.<br \/>\nEn el rubro de la seguridad, patrullajes, retenes m\u00f3viles, y cooperaci\u00f3n con el<br \/>\nvecino del norte; todo, como parte del entramado binacional que se teje en la franja<br \/>\nfronteriza. Tamaulipas, claro, al centro del escenario.<\/p>\n<p>La modernizaci\u00f3n carretera no se qued\u00f3 atr\u00e1s: el Corredor del Golfo y el Puente<br \/>\nInternacional Laredo se inscriben en el esquema mixto de inversi\u00f3n, que combina<br \/>\nrecursos p\u00fablicos con privados, pero siempre bajo la batuta federal.<br \/>\nY por la v\u00eda f\u00e9rrea, el proyecto para conectar Saltillo con Nuevo Laredo, con tren<br \/>\nde pasajeros, adem\u00e1s promete dinamizar el tr\u00e1nsito del comercio exterior. Porque no<br \/>\ntodo es tren Maya ni sureste.<br \/>\nY si el discurso presidencial plantea a M\u00e9xico como potencia portuaria, ah\u00ed est\u00e1n<br \/>\nlos puertos de Altamira y Matamoros, levantando la mano, con inversiones que hacen<br \/>\nhistoria y proyectan a futuro.<br \/>\nEn el nuevo modelo de reindustrializaci\u00f3n \u2014el llamado Plan M\u00e9xico\u2014, uno de los<br \/>\nquince polos de desarrollo se ubica precisamente en Altamira, donde se estima atraer\u00e1<br \/>\ncapitales por 270 mil millones de d\u00f3lares y generar\u00e1 300 mil empleos en el sexenio.<br \/>\n\u00bfCasualidad o consecuencia?<br \/>\nEl lugar privilegiado de Tamaulipas en el primer informe de SHEINBAUM es<br \/>\nresultado de gestiones, de entendimientos, y tambi\u00e9n de alineamientos. Porque aqu\u00ed,<br \/>\nlo que se calla, a veces tambi\u00e9n se dice.<br \/>\nS\u00ed, le fue bien a Tamaulipas. Y en pol\u00edtica, cuando las se\u00f1ales son buenas, lo<br \/>\nsensato es leer entre l\u00edneas\u2026 y seguir caminando.<\/p>\n<\/div>\n","protected":false},"excerpt":{"rendered":"<p>LOS HECHOS POR Jos\u00e9 In\u00e9s Figueroa Vitela &nbsp; El Partido Verde Ecologista fue perdiendo su representatividad paulatinamente, y nunca entendi\u00f3, o quiso entender los motivos. Los rebeldes sin causa, que escalaron espacios de poder y representaci\u00f3n de la mano de la Cuarta Transformaci\u00f3n, , desde las alianzas, se perdieron en el viejo proyecto de trasladar [&hellip;]<\/p>\n","protected":false},"author":1,"featured_media":210125,"comment_status":"closed","ping_status":"closed","sticky":false,"template":"","format":"standard","meta":{"footnotes":""},"categories":[16],"tags":[],"class_list":["post-210631","post","type-post","status-publish","format-standard","has-post-thumbnail","hentry","category-opinion"],"_links":{"self":[{"href":"https:\/\/www.elsinodaldetamaulipas.com.mx\/index.php?rest_route=\/wp\/v2\/posts\/210631","targetHints":{"allow":["GET"]}}],"collection":[{"href":"https:\/\/www.elsinodaldetamaulipas.com.mx\/index.php?rest_route=\/wp\/v2\/posts"}],"about":[{"href":"https:\/\/www.elsinodaldetamaulipas.com.mx\/index.php?rest_route=\/wp\/v2\/types\/post"}],"author":[{"embeddable":true,"href":"https:\/\/www.elsinodaldetamaulipas.com.mx\/index.php?rest_route=\/wp\/v2\/users\/1"}],"replies":[{"embeddable":true,"href":"https:\/\/www.elsinodaldetamaulipas.com.mx\/index.php?rest_route=%2Fwp%2Fv2%2Fcomments&post=210631"}],"version-history":[{"count":1,"href":"https:\/\/www.elsinodaldetamaulipas.com.mx\/index.php?rest_route=\/wp\/v2\/posts\/210631\/revisions"}],"predecessor-version":[{"id":210647,"href":"https:\/\/www.elsinodaldetamaulipas.com.mx\/index.php?rest_route=\/wp\/v2\/posts\/210631\/revisions\/210647"}],"wp:featuredmedia":[{"embeddable":true,"href":"https:\/\/www.elsinodaldetamaulipas.com.mx\/index.php?rest_route=\/wp\/v2\/media\/210125"}],"wp:attachment":[{"href":"https:\/\/www.elsinodaldetamaulipas.com.mx\/index.php?rest_route=%2Fwp%2Fv2%2Fmedia&parent=210631"}],"wp:term":[{"taxonomy":"category","embeddable":true,"href":"https:\/\/www.elsinodaldetamaulipas.com.mx\/index.php?rest_route=%2Fwp%2Fv2%2Fcategories&post=210631"},{"taxonomy":"post_tag","embeddable":true,"href":"https:\/\/www.elsinodaldetamaulipas.com.mx\/index.php?rest_route=%2Fwp%2Fv2%2Ftags&post=210631"}],"curies":[{"name":"wp","href":"https:\/\/api.w.org\/{rel}","templated":true}]}}