{"id":210643,"date":"2025-09-03T10:51:55","date_gmt":"2025-09-03T14:51:55","guid":{"rendered":"https:\/\/www.elsinodaldetamaulipas.com.mx\/?p=210643"},"modified":"2025-09-03T10:51:55","modified_gmt":"2025-09-03T14:51:55","slug":"tamaulipas-referente-en-primer-informe-de-claudia","status":"publish","type":"post","link":"https:\/\/www.elsinodaldetamaulipas.com.mx\/?p=210643","title":{"rendered":"TAMAULIPAS REFERENTE EN PRIMER INFORME DE CLAUDIA"},"content":{"rendered":"<p>Est\u00e1 bien dicho que, a toda acci\u00f3n, corresponde una reacci\u00f3n de igual (o mayor) intensidad solo que en sentido contrario.<\/p>\n<p>La acci\u00f3n fue la indebida, injustificada, arbitraria, avorazada intenci\u00f3n de adelantar los tiempos del presumible destapa del Partido Verde en un acto temerario.<\/p>\n<p>La reacci\u00f3n paulatina es que el Partido Verde, despu\u00e9s de obtener cuatro esca\u00f1os por obra y gracia de las alianzas, se queda sin representaci\u00f3n en la 66 legislatura porque se mudaron al Partido Morena dejando muy claro, 1) quien manda y 2) y quien nadie se nueve solo.<\/p>\n<p>Al respecto Juan Pueblo se pregunta \u00bfqui\u00e9n result\u00f3 chamaqueado con el preliberado destape que atrajo a Reynosa a la c\u00fapula del verde?.<\/p>\n<p>La Universidad Aut\u00f3noma de Tamaulipas tiene participaci\u00f3n en la vida econ\u00f3mica y social del estado con quien est\u00e1 comprometido con el desarrollo de los municipios y de las regiones.<\/p>\n<p>En ese sentido, la UAT aprob\u00f3 19 proyectos de investigaci\u00f3n de alta rentabilidad social 2025 tendientes con proyectar el conocimiento sobre los grandes problemas sociales, ambientales y de desarrollo que se ven venir.<\/p>\n<p>Este programa est\u00e1 siendo impulsado por el Rector DAMASO ANAYA ALVARADO que, junto a instancias estatales y federales busca ser de gran impulso a buscar la soluci\u00f3n a los rezagos sociales que todav\u00eda existen, en las \u00e1reas como salud, educaci\u00f3n, medio ambiente, desarrollo tecnol\u00f3gico, bienestar animal, gesti\u00f3n de recursos naturales, responsabilidad social universitaria, educaci\u00f3n inclusiva, innovaci\u00f3n tecnol\u00f3gica, protecci\u00f3n ambiental y seguridad alimentaria.<\/p>\n<p>\u00a1Es oficial! Toman protesta los nuevos ministros y ministras de la SCJN en el Senado de la Rep\u00fablica. En la noche de este 1 de septiembre, los nueve ministros de la Suprema Corte de Justicia de la Naci\u00f3n (SCJN) rindieron protesta en el Senado de la Rep\u00fablica del Congreso de la Uni\u00f3n, frente a funcionarios federales, legisladores, empresarios y gobernadores.<\/p>\n<p>RONALD JOHNSON, embajador de EU en M\u00e9xico, acudi\u00f3 a la primera sesi\u00f3n de la nueva SCJN.<\/p>\n<p>Para la se\u00f1ora Presidenta, luego de que la presidenta de la Suprema Corte de Justicia de la Naci\u00f3n (SCJN), Norma Pi\u00f1a, rindiera su \u00faltimo informe, la presidenta CLAUDIA SHEINBAUM PARDO afirm\u00f3 que se termina una era en la Corte y en el Poder Judicial muy cuestionada por sus sentencias, su corrupci\u00f3n y por la defensa de privilegios y por el nepotismo.<\/p>\n<p>Pint\u00f3 su raya.<\/p>\n<p>A pregunta expresa en conferencia de prensa matutina, la Mandataria federal destac\u00f3 que a partir del 1 de septiembre iniciar\u00e1 una nueva era en el Poder Judicial con jueces, magistrados y ministros electos por el pueblo mexicano, lo cual, consider\u00f3, algo \u00fanico y una transformaci\u00f3n muy profunda.<\/p>\n<p>A ver, a ver, a ver.<\/p>\n<p>La tarde del martes, llegar\u00e1 a M\u00e9xico, en su primera visita oficial en ocho meses, el secretario de Estado de los Estados Unidos, MARCO RUBIO, para sostener ma\u00f1ana mi\u00e9rcoles un encuentro con la presidenta CLAUDIA SHEINBAUM y su gabinete de seguridad.<\/p>\n<p>Los asuntos a tratar ser\u00e1n: nuevas acciones para desmantelar los c\u00e1rteles de la droga-hoy considerados por la administraci\u00f3n TRUMP como organizaciones terroristas-, poner fin a la inmigraci\u00f3n ilegal, reducir el d\u00e9ficit comercial y promover la prosperidad econ\u00f3mica, adelant\u00f3 el Departamento de Estado.<\/p>\n<p>En su Primer Informe la Presidenta SHEINBAUM se refiri\u00f3 a Tamaulipas y al gobernador AMERICO VILLARREAL motivado por la colaboraci\u00f3n permanente en acciones como la modernizaci\u00f3n de cruces internacionales, las obras de infraestructura productiva en materia de salud que han permitido un beneficio para la sociedad tamaulipeca.<\/p>\n<p>En comercio binacional, desarrollo de puertos, de comunicaci\u00f3n carretera, a trav\u00e9s de trenes, en la mejor\u00eda de infraestructura hospitalaria y de energ\u00eda.<\/p>\n<p>Tamaulipas es referente nacional.<\/p>\n<p>Al rendir su Primer Informe de Gobierno, en Palacio Nacional, la titular del ejecutivo federal mencion\u00f3 las acciones que se realizan en Tamaulipas en los rubros de salud, infraestructura hidr\u00e1ulica y carretera, desarrollo portuario y la construcci\u00f3n del tramo ferroviario Saltillo-Nuevo Laredo.<\/p>\n<p>Entre los que mencion\u00f3 el Hospital General del ISSSTE en Tampico y el Hospital General del IMSS-Bienestar en Ciudad Madero.<\/p>\n<p>Adem\u00e1s, dijo, se inici\u00f3 la construcci\u00f3n de 20 proyectos estrat\u00e9gicos de agua potable en todo el pa\u00eds, destacando la l\u00ednea dos del acueducto en Ciudad Victoria.<\/p>\n<p>Al referirse a las acciones que realiza su gobierno en materia portuaria, mencion\u00f3 que durante su sexenio se invertir\u00e1 en la ampliaci\u00f3n y mejoramiento en 12 proyectos, entre ellos Altamira y Matamoros, tambi\u00e9n en Tamaulipas.<\/p>\n<p>En Reynosa hubo acuerdo nacional entre el Secretario de Educaci\u00f3n, MARIO DELGADO, el Gobernador AMERICO VILLARREAL y el alcalde CARLOS PE\u00d1A en la que participaron en una reuni\u00f3n del Consejo T\u00e9cnico de la escuela primaria Bicentenario de la Independencia<\/p>\n<p>Sucedi\u00f3 en Reynosa el acuerdo que sirvi\u00f3 para reafirmar el compromiso con la educaci\u00f3n de los tres \u00f3rdenes de gobierno.<\/p>\n<p>Mientras que, en la ciudad capital, el presidente municipal a nombre del Cabildo y habitantes de Victoria, EDUARDO GATT\u00c1S B\u00c1EZ agradeci\u00f3 a la presidenta de M\u00e9xico CLAUDIA SHEINBAUM PARDO y al gobernador AM\u00c9RICO VILLARREAL ANAYA, por el inicio de construcci\u00f3n de la segunda l\u00ednea del acueducto para la Capital del Estado, para garantizar el derecho mayor a que tiene el ciudadano como lo es el agua.<\/p>\n<p>Es una promesa cumplida en no quitar el dedo del rengl\u00f3n de las urgencias.<\/p>\n<p>AGENDA FRONTERIZA es una colaboraci\u00f3n con temas relacionados con el desarrollo econ\u00f3mico del estado de Tamaulipas y sus municipios. Se distribuye a trav\u00e9s de la Agencia Informaci\u00f3n y An\u00e1lisis Estad\u00edstico.<\/p>\n<p>MI CORREO:\u00a0humbertografico@yahoo.com.mx<\/p>\n","protected":false},"excerpt":{"rendered":"<p>Est\u00e1 bien dicho que, a toda acci\u00f3n, corresponde una reacci\u00f3n de igual (o mayor) intensidad solo que en sentido contrario. La acci\u00f3n fue la indebida, injustificada, arbitraria, avorazada intenci\u00f3n de adelantar los tiempos del presumible destapa del Partido Verde en un acto temerario. La reacci\u00f3n paulatina es que el Partido Verde, despu\u00e9s de obtener cuatro [&hellip;]<\/p>\n","protected":false},"author":1,"featured_media":209846,"comment_status":"closed","ping_status":"closed","sticky":false,"template":"","format":"standard","meta":{"footnotes":""},"categories":[16],"tags":[],"class_list":["post-210643","post","type-post","status-publish","format-standard","has-post-thumbnail","hentry","category-opinion"],"_links":{"self":[{"href":"https:\/\/www.elsinodaldetamaulipas.com.mx\/index.php?rest_route=\/wp\/v2\/posts\/210643","targetHints":{"allow":["GET"]}}],"collection":[{"href":"https:\/\/www.elsinodaldetamaulipas.com.mx\/index.php?rest_route=\/wp\/v2\/posts"}],"about":[{"href":"https:\/\/www.elsinodaldetamaulipas.com.mx\/index.php?rest_route=\/wp\/v2\/types\/post"}],"author":[{"embeddable":true,"href":"https:\/\/www.elsinodaldetamaulipas.com.mx\/index.php?rest_route=\/wp\/v2\/users\/1"}],"replies":[{"embeddable":true,"href":"https:\/\/www.elsinodaldetamaulipas.com.mx\/index.php?rest_route=%2Fwp%2Fv2%2Fcomments&post=210643"}],"version-history":[{"count":1,"href":"https:\/\/www.elsinodaldetamaulipas.com.mx\/index.php?rest_route=\/wp\/v2\/posts\/210643\/revisions"}],"predecessor-version":[{"id":210644,"href":"https:\/\/www.elsinodaldetamaulipas.com.mx\/index.php?rest_route=\/wp\/v2\/posts\/210643\/revisions\/210644"}],"wp:featuredmedia":[{"embeddable":true,"href":"https:\/\/www.elsinodaldetamaulipas.com.mx\/index.php?rest_route=\/wp\/v2\/media\/209846"}],"wp:attachment":[{"href":"https:\/\/www.elsinodaldetamaulipas.com.mx\/index.php?rest_route=%2Fwp%2Fv2%2Fmedia&parent=210643"}],"wp:term":[{"taxonomy":"category","embeddable":true,"href":"https:\/\/www.elsinodaldetamaulipas.com.mx\/index.php?rest_route=%2Fwp%2Fv2%2Fcategories&post=210643"},{"taxonomy":"post_tag","embeddable":true,"href":"https:\/\/www.elsinodaldetamaulipas.com.mx\/index.php?rest_route=%2Fwp%2Fv2%2Ftags&post=210643"}],"curies":[{"name":"wp","href":"https:\/\/api.w.org\/{rel}","templated":true}]}}