{"id":210655,"date":"2025-09-03T11:09:35","date_gmt":"2025-09-03T15:09:35","guid":{"rendered":"https:\/\/www.elsinodaldetamaulipas.com.mx\/?p=210655"},"modified":"2025-09-03T11:09:35","modified_gmt":"2025-09-03T15:09:35","slug":"subieron-los-bonos-de-alito-moreno","status":"publish","type":"post","link":"https:\/\/www.elsinodaldetamaulipas.com.mx\/?p=210655","title":{"rendered":"SUBIERON LOS BONOS DE \u00abALITO\u00bb MORENO"},"content":{"rendered":"<p><strong>-Gresca en el Senado deja muy mal parado al parlamento azteca<\/strong><\/p>\n<p><strong>-Sin ser \u201cperitas en dulce\u201d Alejandro humill\u00f3 a Gerardo Fern\u00e1ndez<\/strong><\/p>\n<p><strong>-El ex presidente de la Mesa Directiva recibi\u00f3 una \u201csopa de su propio chocolate\u201d<\/strong><\/p>\n<p>H. Matamoros, Tamaulipas.-El enfrentamiento verbal y f\u00edsico (empujones) que protagonizaron en el Senado de la Rep\u00fablica GERARDO FERN\u00c1NDEZ NORO\u00d1A, presidente de la Mesa Directiva hasta el 31 de agosto, y ALEJANDRO MORENO C\u00c1RDENAS, dirigente nacional del Partido Revolucionario Institucional (PRI), dej\u00f3 por los suelos el parlamento azteca, sin que quiera decir que ese tipo de actos solo suceden en M\u00e9xico.<\/p>\n<p>Sin embargo, en el terreno personal de ambos legisladores, l\u00f3gicamente y a juzgar por los videos que han dado la vuelta al mundo, FERN\u00c1NDEZ NORO\u00d1A llev\u00f3 las de perder y, en cambio, los bonos de MORENO C\u00c1RDENAS tendieron al alza en las redes sociales, al margen de que tanto el uno como el otro utilizan los llamados \u201cboots\u201d promocionales.<\/p>\n<p>El ahora ex presidente de la Mesa Directiva de la C\u00e1mara Alta del Congreso de la Uni\u00f3n pr\u00e1cticamente recibi\u00f3 una \u201csopa de su propio chocolate\u201d al subestimar al legislador y presidente del CEN del PRI, quien tampoco es una \u201cperita en dulce\u201d pero, al final de cuentas, puso en su lugar a quien ha fincado su carrera pol\u00edtica a base de gritos, insultos y altaner\u00edas amparado, primero, por el Partido del Trabajo, y por Morena en el segundo piso de la Cuarta Transformaci\u00f3n.<\/p>\n<p>En t\u00e9rminos coloquiales, GERARDO FERN\u00c1NDEZ NORO\u00d1A es el fiel ejemplo de que no es lo mismo ser \u201ccantinero que borracho\u201d a juzgar por sus actitudes diametralmente opuestas durante su paso por la oposici\u00f3n al r\u00e9gimen en turno y al oficialismo que lo ampara desde 2018, gracias a su \u201ccompa\u00f1ero presidente\u201d ANDR\u00c9S MANUEL L\u00d3PEZ OBRADOR.<\/p>\n<p>Durante el zipizape en el Senado de la Rep\u00fablica el ex petista y ahora morenista luci\u00f3 bastante mal en la conducci\u00f3n de la sesi\u00f3n legislativa lo que provoc\u00f3 el desaguisado, p\u00e9simamente durante el enfrentamiento verbal y empujones a pesar de su estatura y, peor a\u00fan, al tener que huir por peteneras tras el empuj\u00f3n y derribamiento de su \u201cmuro de contenci\u00f3n\u201d en la persona de su empleado que la toma fotos, videos y alimenta sus redes sociales, EMILIANO GONZ\u00c1LEZ.<\/p>\n<p>Pero no tan solo eso. El equipo m\u00e9dico y de log\u00edstica en el recinto legislativo con mayor\u00eda guinda se exhibi\u00f3 ante el mundo entero con el p\u00e9simo montaje para presentar al empleado de FERN\u00c1NDEZ NORO\u00d1A con protector cervical y cabrestillo para sostener un brazo, producto de lesiones que \u201cmilagrosamente\u201d sanaron algunas horas despu\u00e9s.<\/p>\n<p>La mala fama que envuelve al senador morenista respecto a su conducta dentro y fuera de San L\u00e1zaro o del Senado es lo que provoc\u00f3 que un sector mayoritario de la poblaci\u00f3n mexicana aceptara con agrado la humillaci\u00f3n recibida ante la vista de propios y extra\u00f1os.<\/p>\n<p>Hip\u00f3critamente, GERARDO FERN\u00c1NDEZ argumenta que las diferencias pol\u00edticas entre grupos antag\u00f3nicos se resuelven mediante el di\u00e1logo y el debate, cuando sus intervenciones en la C\u00e1mara de Diputados o en la C\u00e1mara Alta como parte opositora siempre se ha caracterizado por actitudes y conductas muy alejadas de las mas elementales reglas de educaci\u00f3n y convivencia.<\/p>\n<p>Sobra decir que ALEJANDRO MORENO C\u00c1RDENAS no es precisamente el fiel reflejo de defensor de la democracia, de las libertades, benefactor de la sociedad mexicana y, sobre todo, un dirigente partidista de altura. Sin embargo, la confrontaci\u00f3n con GERARDO FERN\u00c1NDEZ NORO\u00d1A le gener\u00f3 momios favorables porque, desafortunadamente, nadie lo hab\u00eda puesto en su lugar en esas condiciones humillantes.<\/p>\n<p>Aunque, eso s\u00ed, vale la pena mencionar que la senadora LILLY T\u00c9LEZ-antes morenista, ahora panista-se ha convertido en la \u201cpiedras en el zapato\u201d de quien el pasado 31 de agosto se despidi\u00f3 como presidente de la Mesa Directiva del Senado de la Rep\u00fablica.<\/p>\n<p>DESDE EL BALC\u00d3N:<\/p>\n<p>I.-Eso de bravuconadas y humillaciones trae a la memoria un incidente ocurrido hace algunos ayeres en una entidad del norte de la rep\u00fablica mexicana en donde se hicieron presentes los gritos, \u201cmentadas de menta\u201d y reto a la violencia f\u00edsica por parte de un personaje que se conduce muy similarmente al senador GERARDO FERN\u00c1NDEZ NORO\u00d1A.<\/p>\n<p>Lo que inici\u00f3 como un enfrentamiento verbal se transform\u00f3 en sonora bofetada por parte de quien aguant\u00f3 de todo, menos que lo tildaran de cobarde.<\/p>\n<p>Ante la humillaci\u00f3n recibida (para eso son las bofetadas) el personaje que presume de un sinf\u00edn de t\u00edtulos universitarios, escritor y jurado en premio de literatura intent\u00f3 desquitarse con remedo de puntapi\u00e9 que fue bloqueado por su rival, quien se qued\u00f3 con el zapato en la mano (era un mocas\u00edn caf\u00e9, por cierto) y termin\u00f3 en el piso al perder el equilibrio.<\/p>\n<p>Al igual que FERN\u00c1NDEZ NORO\u00d1A, el sujeto de marras se victimiz\u00f3 con el argumento de que \u00e9l era una persona de la tercera edad y que un \u201cmuchachito\u00bb norte\u00f1o le hab\u00eda faltado al respeto, sin tomar en cuenta que ese \u201cjovenzuelo\u201d, el mismo a\u00f1o de la gresca, arribaba al cl\u00e1sico grupo de edad \u201c65 y m\u00e1s\u201d.<\/p>\n<p>Para su buena fortuna, el tipo en menci\u00f3n hab\u00eda salido avante en infinidad de bravuconer\u00edas en donde sus interlocutores se quedaban con la humillaci\u00f3n. Sin embargo, para su desgracia, \u201cperdi\u00f3 el cetro\u201d al subestimar a quien confront\u00f3.<\/p>\n<p>Tanto el senil en menci\u00f3n como el senador FERN\u00c1NDEZ NORO\u00d1A son los cl\u00e1sicos bravucones \u201cespantatontejos\u201d que siempre logran su cometido hasta que alguien los coloca en su lugar.<\/p>\n<p>Ni hablar.<\/p>\n<p>Y hasta la pr\u00f3xima.<\/p>\n<p><a href=\"mailto:mariodiaz27@prodigy.net.mx\" target=\"_blank\" rel=\"noreferrer noopener\">mariodiaz27@prodigy.net.mx<\/a><\/p>\n","protected":false},"excerpt":{"rendered":"<p>-Gresca en el Senado deja muy mal parado al parlamento azteca -Sin ser \u201cperitas en dulce\u201d Alejandro humill\u00f3 a Gerardo Fern\u00e1ndez -El ex presidente de la Mesa Directiva recibi\u00f3 una \u201csopa de su propio chocolate\u201d H. Matamoros, Tamaulipas.-El enfrentamiento verbal y f\u00edsico (empujones) que protagonizaron en el Senado de la Rep\u00fablica GERARDO FERN\u00c1NDEZ NORO\u00d1A, presidente [&hellip;]<\/p>\n","protected":false},"author":1,"featured_media":208670,"comment_status":"closed","ping_status":"closed","sticky":false,"template":"","format":"standard","meta":{"footnotes":""},"categories":[16],"tags":[],"class_list":["post-210655","post","type-post","status-publish","format-standard","has-post-thumbnail","hentry","category-opinion"],"_links":{"self":[{"href":"https:\/\/www.elsinodaldetamaulipas.com.mx\/index.php?rest_route=\/wp\/v2\/posts\/210655","targetHints":{"allow":["GET"]}}],"collection":[{"href":"https:\/\/www.elsinodaldetamaulipas.com.mx\/index.php?rest_route=\/wp\/v2\/posts"}],"about":[{"href":"https:\/\/www.elsinodaldetamaulipas.com.mx\/index.php?rest_route=\/wp\/v2\/types\/post"}],"author":[{"embeddable":true,"href":"https:\/\/www.elsinodaldetamaulipas.com.mx\/index.php?rest_route=\/wp\/v2\/users\/1"}],"replies":[{"embeddable":true,"href":"https:\/\/www.elsinodaldetamaulipas.com.mx\/index.php?rest_route=%2Fwp%2Fv2%2Fcomments&post=210655"}],"version-history":[{"count":1,"href":"https:\/\/www.elsinodaldetamaulipas.com.mx\/index.php?rest_route=\/wp\/v2\/posts\/210655\/revisions"}],"predecessor-version":[{"id":210656,"href":"https:\/\/www.elsinodaldetamaulipas.com.mx\/index.php?rest_route=\/wp\/v2\/posts\/210655\/revisions\/210656"}],"wp:featuredmedia":[{"embeddable":true,"href":"https:\/\/www.elsinodaldetamaulipas.com.mx\/index.php?rest_route=\/wp\/v2\/media\/208670"}],"wp:attachment":[{"href":"https:\/\/www.elsinodaldetamaulipas.com.mx\/index.php?rest_route=%2Fwp%2Fv2%2Fmedia&parent=210655"}],"wp:term":[{"taxonomy":"category","embeddable":true,"href":"https:\/\/www.elsinodaldetamaulipas.com.mx\/index.php?rest_route=%2Fwp%2Fv2%2Fcategories&post=210655"},{"taxonomy":"post_tag","embeddable":true,"href":"https:\/\/www.elsinodaldetamaulipas.com.mx\/index.php?rest_route=%2Fwp%2Fv2%2Ftags&post=210655"}],"curies":[{"name":"wp","href":"https:\/\/api.w.org\/{rel}","templated":true}]}}