{"id":210660,"date":"2025-09-03T11:48:58","date_gmt":"2025-09-03T15:48:58","guid":{"rendered":"https:\/\/www.elsinodaldetamaulipas.com.mx\/?p=210660"},"modified":"2025-09-03T11:48:58","modified_gmt":"2025-09-03T15:48:58","slug":"crece-otro-arguende-en-torno-la-dinastia-aguilar","status":"publish","type":"post","link":"https:\/\/www.elsinodaldetamaulipas.com.mx\/?p=210660","title":{"rendered":"CRECE OTRO ARGUENDE EN TORNO LA DINAST\u00cdA AGUILAR"},"content":{"rendered":"<p>EL SINODAL DE TAMAULIPAS<\/p>\n<p>Ciudad de M\u00e9xico.- El rapero mexicano Emiliano Aguilar, de 32 a\u00f1os, volvi\u00f3 a encender la pol\u00e9mica en redes sociales al mostrar su apoyo a la argentina Cazzu.<\/p>\n<p>\u27a1\ufe0fA trav\u00e9s de sus historias de Instagram, no solo mostr\u00f3 su apoyo a la cantautora argentina, sino que tambi\u00e9n lanz\u00f3 un nuevo mensaje dirigido a la dinast\u00eda Aguilar.<\/p>\n<p>&nbsp;<\/p>\n<p>\u00bfQu\u00e9 le dijo Emiliano Aguilar a la cantante Cazzu tras pol\u00e9mica con Nodal?<\/p>\n<p>Jos\u00e9 Emiliano Aguilar Trevi\u00f1o, hijo mayor de Pepe Aguilar, mantiene un conflicto p\u00fablico con su familia desde hace varios d\u00edas, luego de que su padre hiciera comentarios sobre su madre, la cantante Carmen Trevi\u00f1o. Ante esto, el rapero originario de Tijuana asegur\u00f3 que no permitir\u00eda esos se\u00f1alamientos.<\/p>\n<p>En esta ocasi\u00f3n, Emiliano Aguilar escribi\u00f3 la madrugada de este 3 de septiembre:<\/p>\n<p>&nbsp;<\/p>\n<p>\u201cNom\u00e1s para recordarles. D\u00eda cuatro que no se quita la foto que sub\u00ed y no se va a quitar. Aqu\u00ed s\u00ed los tengo puestos, no como esa \u2018familia\u2019. Mi mam\u00e1 no cri\u00f3 a un cobarde\u201d.<\/p>\n<p>&nbsp;<\/p>\n<p>El mensaje hace referencia a una publicaci\u00f3n anterior en la que comparti\u00f3 una fotograf\u00eda de sus familiares, a quienes cubri\u00f3 el rostro con la cara de un perro pug negro. Esto fue en respuesta a su medio hermano, Leonardo Aguilar, quien lo hab\u00eda comparado con su mascota, precisamente un pug del mismo color.<\/p>\n<p>&nbsp;<\/p>\n<p>El gesto hacia Cazzu<\/p>\n<p>El tema tom\u00f3 m\u00e1s fuerza porque Emiliano tambi\u00e9n reaccion\u00f3 a una entrevista reciente de Cazzu en el podcast \u201cSe regalan dudas\u201d. En esa charla, la artista habl\u00f3 de su hija Inti y de la relaci\u00f3n con su ex pareja Christian Nodal, actual esposo de \u00c1ngela Aguilar.<\/p>\n<p>&nbsp;<\/p>\n<p>Cazzu expres\u00f3 su deseo de proteger a su hija y guiarla para que, al crecer, pueda abrazar su historia de vida sin huir de ella.<\/p>\n<p>&nbsp;<\/p>\n<p>Ante estas palabras, Emiliano comparti\u00f3 un fragmento de la entrevista en sus historias de Instagram, acompa\u00f1\u00e1ndolo con la palabra \u201cchale\u201d y un emoji de tristeza, gesto que muchos interpretaron como una muestra de apoyo y empat\u00eda hacia la cantante y su peque\u00f1a.<\/p>\n","protected":false},"excerpt":{"rendered":"<p>EL SINODAL DE TAMAULIPAS Ciudad de M\u00e9xico.- El rapero mexicano Emiliano Aguilar, de 32 a\u00f1os, volvi\u00f3 a encender la pol\u00e9mica en redes sociales al mostrar su apoyo a la argentina Cazzu. \u27a1\ufe0fA trav\u00e9s de sus historias de Instagram, no solo mostr\u00f3 su apoyo a la cantautora argentina, sino que tambi\u00e9n lanz\u00f3 un nuevo mensaje dirigido [&hellip;]<\/p>\n","protected":false},"author":1,"featured_media":210661,"comment_status":"closed","ping_status":"closed","sticky":false,"template":"","format":"standard","meta":{"footnotes":""},"categories":[15],"tags":[],"class_list":["post-210660","post","type-post","status-publish","format-standard","has-post-thumbnail","hentry","category-espectaculos"],"_links":{"self":[{"href":"https:\/\/www.elsinodaldetamaulipas.com.mx\/index.php?rest_route=\/wp\/v2\/posts\/210660","targetHints":{"allow":["GET"]}}],"collection":[{"href":"https:\/\/www.elsinodaldetamaulipas.com.mx\/index.php?rest_route=\/wp\/v2\/posts"}],"about":[{"href":"https:\/\/www.elsinodaldetamaulipas.com.mx\/index.php?rest_route=\/wp\/v2\/types\/post"}],"author":[{"embeddable":true,"href":"https:\/\/www.elsinodaldetamaulipas.com.mx\/index.php?rest_route=\/wp\/v2\/users\/1"}],"replies":[{"embeddable":true,"href":"https:\/\/www.elsinodaldetamaulipas.com.mx\/index.php?rest_route=%2Fwp%2Fv2%2Fcomments&post=210660"}],"version-history":[{"count":1,"href":"https:\/\/www.elsinodaldetamaulipas.com.mx\/index.php?rest_route=\/wp\/v2\/posts\/210660\/revisions"}],"predecessor-version":[{"id":210662,"href":"https:\/\/www.elsinodaldetamaulipas.com.mx\/index.php?rest_route=\/wp\/v2\/posts\/210660\/revisions\/210662"}],"wp:featuredmedia":[{"embeddable":true,"href":"https:\/\/www.elsinodaldetamaulipas.com.mx\/index.php?rest_route=\/wp\/v2\/media\/210661"}],"wp:attachment":[{"href":"https:\/\/www.elsinodaldetamaulipas.com.mx\/index.php?rest_route=%2Fwp%2Fv2%2Fmedia&parent=210660"}],"wp:term":[{"taxonomy":"category","embeddable":true,"href":"https:\/\/www.elsinodaldetamaulipas.com.mx\/index.php?rest_route=%2Fwp%2Fv2%2Fcategories&post=210660"},{"taxonomy":"post_tag","embeddable":true,"href":"https:\/\/www.elsinodaldetamaulipas.com.mx\/index.php?rest_route=%2Fwp%2Fv2%2Ftags&post=210660"}],"curies":[{"name":"wp","href":"https:\/\/api.w.org\/{rel}","templated":true}]}}