{"id":210666,"date":"2025-09-03T12:22:36","date_gmt":"2025-09-03T16:22:36","guid":{"rendered":"https:\/\/www.elsinodaldetamaulipas.com.mx\/?p=210666"},"modified":"2025-09-03T12:22:36","modified_gmt":"2025-09-03T16:22:36","slug":"capturan-a-5-de-los-mayos-por-secuestro","status":"publish","type":"post","link":"https:\/\/www.elsinodaldetamaulipas.com.mx\/?p=210666","title":{"rendered":"CAPTURAN A 5 DE LOS MAYOS POR SECUESTRO"},"content":{"rendered":"<h3>El operativo tambi\u00e9n permiti\u00f3 el aseguramiento de armas de fuego<\/h3>\n<p><em><strong>EL SINODAL DE TAMAULIPAS<\/strong><\/em><\/p>\n<p>Culiac\u00e1n Sinaloa.- En un operativo realizado en Culiac\u00e1n, Sinaloa, la Secretar\u00eda de Seguridad y Protecci\u00f3n Ciudadana (SSPC) logr\u00f3 liberar a un hombre que estaba privado de su libertad y detener a cinco de sus captores, miembros de una c\u00e9lula criminal vinculada a \u201cLos Mayos\u201d. La v\u00edctima era parte de la facci\u00f3n rival, \u201cLos Chapitos\u201d.<\/p>\n<p>&nbsp;<\/p>\n<p>El titular de la SSPC, Omar Garc\u00eda Harfuch, detall\u00f3 que, durante la operaci\u00f3n, se incautaron armas de fuego de alto poder.<\/p>\n<p><img loading=\"lazy\" decoding=\"async\" class=\"aligncenter wp-image-210668 size-full\" src=\"https:\/\/www.elsinodaldetamaulipas.com.mx\/wp-content\/uploads\/2025\/09\/hampones-4.jpeg\" alt=\"\" width=\"1280\" height=\"409\" srcset=\"https:\/\/www.elsinodaldetamaulipas.com.mx\/wp-content\/uploads\/2025\/09\/hampones-4.jpeg 1280w, https:\/\/www.elsinodaldetamaulipas.com.mx\/wp-content\/uploads\/2025\/09\/hampones-4-300x96.jpeg 300w, https:\/\/www.elsinodaldetamaulipas.com.mx\/wp-content\/uploads\/2025\/09\/hampones-4-1024x327.jpeg 1024w, https:\/\/www.elsinodaldetamaulipas.com.mx\/wp-content\/uploads\/2025\/09\/hampones-4-768x245.jpeg 768w\" sizes=\"auto, (max-width: 1280px) 100vw, 1280px\" \/><\/p>\n<p>Detienen a 5 miembros de \u201cLos Mayos\u201d en operativo en Sinaloa<\/p>\n<p>Las autoridades activaron el operativo tras recibir una denuncia ciudadana sobre un secuestro en un municipio de Culiac\u00e1n. En seguimiento, las fuerzas de seguridad realizaron labores de inteligencia y operativos de vigilancia a\u00e9rea y terrestre.<\/p>\n<p>&nbsp;<\/p>\n<p>Tras implementar un dispositivo de seguridad en el \u00e1rea de Llano de Abajo, los agentes liberaron al hombre y detuvieron a los cinco individuos. Entre ellos un menor de edad. Adem\u00e1s, se aseguraron seis armas largas, dos cintas eslabonadas, 21 cargadores, m\u00e1s de mil cartuchos, ocho chalecos bal\u00edsticos, 16 placas de blindaje, diversas dosis de drogas y dos veh\u00edculos.<\/p>\n<p>&nbsp;<\/p>\n<p>La Fiscal\u00eda General de la Rep\u00fablica (FGR) recibi\u00f3 a los arrestados y las evidencias para su debido proceso legal.<\/p>\n","protected":false},"excerpt":{"rendered":"<p>El operativo tambi\u00e9n permiti\u00f3 el aseguramiento de armas de fuego EL SINODAL DE TAMAULIPAS Culiac\u00e1n Sinaloa.- En un operativo realizado en Culiac\u00e1n, Sinaloa, la Secretar\u00eda de Seguridad y Protecci\u00f3n Ciudadana (SSPC) logr\u00f3 liberar a un hombre que estaba privado de su libertad y detener a cinco de sus captores, miembros de una c\u00e9lula criminal vinculada [&hellip;]<\/p>\n","protected":false},"author":1,"featured_media":210667,"comment_status":"closed","ping_status":"closed","sticky":false,"template":"","format":"standard","meta":{"footnotes":""},"categories":[25,4,1],"tags":[],"class_list":["post-210666","post","type-post","status-publish","format-standard","has-post-thumbnail","hentry","category-leyyorden","category-nacional","category-portada"],"_links":{"self":[{"href":"https:\/\/www.elsinodaldetamaulipas.com.mx\/index.php?rest_route=\/wp\/v2\/posts\/210666","targetHints":{"allow":["GET"]}}],"collection":[{"href":"https:\/\/www.elsinodaldetamaulipas.com.mx\/index.php?rest_route=\/wp\/v2\/posts"}],"about":[{"href":"https:\/\/www.elsinodaldetamaulipas.com.mx\/index.php?rest_route=\/wp\/v2\/types\/post"}],"author":[{"embeddable":true,"href":"https:\/\/www.elsinodaldetamaulipas.com.mx\/index.php?rest_route=\/wp\/v2\/users\/1"}],"replies":[{"embeddable":true,"href":"https:\/\/www.elsinodaldetamaulipas.com.mx\/index.php?rest_route=%2Fwp%2Fv2%2Fcomments&post=210666"}],"version-history":[{"count":1,"href":"https:\/\/www.elsinodaldetamaulipas.com.mx\/index.php?rest_route=\/wp\/v2\/posts\/210666\/revisions"}],"predecessor-version":[{"id":210669,"href":"https:\/\/www.elsinodaldetamaulipas.com.mx\/index.php?rest_route=\/wp\/v2\/posts\/210666\/revisions\/210669"}],"wp:featuredmedia":[{"embeddable":true,"href":"https:\/\/www.elsinodaldetamaulipas.com.mx\/index.php?rest_route=\/wp\/v2\/media\/210667"}],"wp:attachment":[{"href":"https:\/\/www.elsinodaldetamaulipas.com.mx\/index.php?rest_route=%2Fwp%2Fv2%2Fmedia&parent=210666"}],"wp:term":[{"taxonomy":"category","embeddable":true,"href":"https:\/\/www.elsinodaldetamaulipas.com.mx\/index.php?rest_route=%2Fwp%2Fv2%2Fcategories&post=210666"},{"taxonomy":"post_tag","embeddable":true,"href":"https:\/\/www.elsinodaldetamaulipas.com.mx\/index.php?rest_route=%2Fwp%2Fv2%2Ftags&post=210666"}],"curies":[{"name":"wp","href":"https:\/\/api.w.org\/{rel}","templated":true}]}}