{"id":210733,"date":"2025-09-05T22:47:04","date_gmt":"2025-09-06T02:47:04","guid":{"rendered":"https:\/\/www.elsinodaldetamaulipas.com.mx\/?p=210733"},"modified":"2025-09-05T22:47:04","modified_gmt":"2025-09-06T02:47:04","slug":"sheinbaum-estara-en-tamaulipas","status":"publish","type":"post","link":"https:\/\/www.elsinodaldetamaulipas.com.mx\/?p=210733","title":{"rendered":"SHEINBAUM ESTAR\u00c1 EN TAMAULIPAS"},"content":{"rendered":"<p>T E C L A Z O S<br \/>\nPor Guadalupe E. Gonz\u00e1lez<\/p>\n<p>X.-VIENE A VICTORIA ESTE DOMINGO Y CON GRAN J\u00daBILO, AM\u00c9RICO,<br \/>\nJUNTO AL PUEBLO, \u201cLE TRIUBUTAR\u00c1N C\u00c1LIDO RECIBIMIENTO\u201d<br \/>\nENORME j\u00fabilo es el que prevalece entre las y los tamaulipecos,<br \/>\nporque este domingo, la presidenta de M\u00e9xico Claudia Sheinbaum<br \/>\nPardo \u201cvisitar\u00e1 Tamaulipas\u201d, motivo por el cual el gobernador<br \/>\nAm\u00e9rico Villarreal Anaya junto al pueblo, \u201cle tributar\u00e1n c\u00e1lido<br \/>\nrecibimiento en la ciudad capital Victoria\u201d.<br \/>\nLA visita presidencial, fue anunciada por el mandatario estatal<br \/>\nAm\u00e9rico Villarreal, durante la ma\u00f1anera del pasado martes,<br \/>\nafirmando que la presencia de la presidenta de M\u00e9xico Claudia<br \/>\nSheinbaum, \u201cser\u00e1 recibida con aprecio y reconocimiento a su gesti\u00f3n\u201d<br \/>\ny reiterarle nuestro agradecimiento por todo el apoyo que le ha venido<br \/>\nbrindado a Tamaulipas.<br \/>\nVILLARREAL Anaya expres\u00f3 que, la presidenta Claudia Sheinbaum,<br \/>\nestar\u00e1 en Victoria, para realizar un ejercicio sui generis de rendici\u00f3n<br \/>\nde cuentas, relacionadas \u201ca las acciones y proyectos de su gobierno<br \/>\naqu\u00ed en Tamaulipas\u201d, apuntando el mandatario estatal que, \u201cnos<br \/>\nenorgullece su presencia en nuestro estado y m\u00e1s porque, \u201csabe que,<br \/>\nlas y los tamaulipecos, somos sus aliados\u201d para fortalecer el trabajo<br \/>\nsolidario del gobierno de la Rep\u00fablica.<br \/>\nSUBRAY\u00d3 el gobernador Am\u00e9rico Villarreal que, \u201cen Tamaulipas,<br \/>\ntenemos la firme convicci\u00f3n de redoblar el trabajo con entusiasmo,<br \/>\npara que, \u201cel 4ta. Transformaci\u00f3n, siga avanzando\u201d y llevando los<br \/>\ntangibles beneficios a las familias m\u00e1s vulnerables, pero, adem\u00e1s,<br \/>\nporque, \u201cse ha venido dando cabal cumplimiento a los diversos<br \/>\nprogramas sociales generados por el Gobierno de M\u00e9xico\u201d.<br \/>\nES importante se\u00f1alar que la presidenta Claudia Sheinbaum Pardo,<br \/>\nvisitar\u00e1 tres estados por d\u00eda, a partir de ma\u00f1ana viernes, para<br \/>\ninformar a la gente sobre los programas de bienestar y las obras<br \/>\np\u00fablicas que realiza el gobierno federal en cada estado, adem\u00e1s de los<\/p>\n<p>proyectos futuros contemplados para cada una de las 32 entidades<br \/>\nfederativas.<br \/>\nEL EVENTO de esta gira tiene como nombre \u201cLa Transformaci\u00f3n<br \/>\nAvanza\u201d y tendr\u00e1 al Dr. Am\u00e9rico Villarreal Anaya como mandatario<br \/>\nanfitri\u00f3n, quien en otra de sus exposiciones ante la prensa, destac\u00f3 que,<br \/>\n\u201cel movimiento de transformaci\u00f3n, es un hecho sin precedentes en la<br \/>\nhistoria del pa\u00eds\u201d, siendo la primera vez que una persona titular del<br \/>\nPoder Ejecutivo Federal, recorre el territorio nacional, para de viva<br \/>\nvoz, informar sobre las acciones y proyectos estrat\u00e9gicos de su<br \/>\nadministraci\u00f3n, en cada entidad federativa.<br \/>\nEL MANDATARIO tamaulipeco Am\u00e9rico Villarreal, reiter\u00f3 que, \u201csi la<br \/>\nTransformaci\u00f3n Avanza\u201d, es porque la misma, \u201cse ha venido llevando<br \/>\nbajo un hecho sin precedentes en la historia del pa\u00eds\u201d, aludiendo que<br \/>\nesta es la primera vez que, una persona titular del Poder Ejecutivo<br \/>\nFederal, recorre toda la geograf\u00eda nacional, para, \u201cinformar de viva<br \/>\nvoz\u201d, sobre las acciones y proyectos estrat\u00e9gicos de su Administraci\u00f3n<br \/>\nen cada una de los estados de la Rep\u00fablica, remarc\u00f3<br \/>\nFINALMENTE, el gobernador Villarreal Anaya, inform\u00f3 que, el<br \/>\nevento que presidir\u00e1 este domingo 7 de septiembre la presidenta de<br \/>\nM\u00e9xico Claudia Sheinbaum Pardo aqu\u00ed en Victoria, se desarrollar\u00e1 en<br \/>\nel Polyforum del parque bicentenario, donde junto a las familias de los<br \/>\ndiversos estratos sociales, repito: \u201cle estaremos tributando el m\u00e1s<br \/>\nc\u00e1lido recibimiento\u201d.<br \/>\nPor hoy es todo y hasta ma\u00f1ana.<br \/>\nPara sugerencias y puntos d vista en general al email:<br \/>\nlupeernesto@yahoo.com.mx<\/p>\n","protected":false},"excerpt":{"rendered":"<p>T E C L A Z O S Por Guadalupe E. Gonz\u00e1lez X.-VIENE A VICTORIA ESTE DOMINGO Y CON GRAN J\u00daBILO, AM\u00c9RICO, JUNTO AL PUEBLO, \u201cLE TRIUBUTAR\u00c1N C\u00c1LIDO RECIBIMIENTO\u201d ENORME j\u00fabilo es el que prevalece entre las y los tamaulipecos, porque este domingo, la presidenta de M\u00e9xico Claudia Sheinbaum Pardo \u201cvisitar\u00e1 Tamaulipas\u201d, motivo por el [&hellip;]<\/p>\n","protected":false},"author":1,"featured_media":0,"comment_status":"closed","ping_status":"closed","sticky":false,"template":"","format":"standard","meta":{"footnotes":""},"categories":[16],"tags":[],"class_list":["post-210733","post","type-post","status-publish","format-standard","hentry","category-opinion"],"_links":{"self":[{"href":"https:\/\/www.elsinodaldetamaulipas.com.mx\/index.php?rest_route=\/wp\/v2\/posts\/210733","targetHints":{"allow":["GET"]}}],"collection":[{"href":"https:\/\/www.elsinodaldetamaulipas.com.mx\/index.php?rest_route=\/wp\/v2\/posts"}],"about":[{"href":"https:\/\/www.elsinodaldetamaulipas.com.mx\/index.php?rest_route=\/wp\/v2\/types\/post"}],"author":[{"embeddable":true,"href":"https:\/\/www.elsinodaldetamaulipas.com.mx\/index.php?rest_route=\/wp\/v2\/users\/1"}],"replies":[{"embeddable":true,"href":"https:\/\/www.elsinodaldetamaulipas.com.mx\/index.php?rest_route=%2Fwp%2Fv2%2Fcomments&post=210733"}],"version-history":[{"count":1,"href":"https:\/\/www.elsinodaldetamaulipas.com.mx\/index.php?rest_route=\/wp\/v2\/posts\/210733\/revisions"}],"predecessor-version":[{"id":210797,"href":"https:\/\/www.elsinodaldetamaulipas.com.mx\/index.php?rest_route=\/wp\/v2\/posts\/210733\/revisions\/210797"}],"wp:attachment":[{"href":"https:\/\/www.elsinodaldetamaulipas.com.mx\/index.php?rest_route=%2Fwp%2Fv2%2Fmedia&parent=210733"}],"wp:term":[{"taxonomy":"category","embeddable":true,"href":"https:\/\/www.elsinodaldetamaulipas.com.mx\/index.php?rest_route=%2Fwp%2Fv2%2Fcategories&post=210733"},{"taxonomy":"post_tag","embeddable":true,"href":"https:\/\/www.elsinodaldetamaulipas.com.mx\/index.php?rest_route=%2Fwp%2Fv2%2Ftags&post=210733"}],"curies":[{"name":"wp","href":"https:\/\/api.w.org\/{rel}","templated":true}]}}