{"id":210813,"date":"2025-09-06T14:28:00","date_gmt":"2025-09-06T18:28:00","guid":{"rendered":"https:\/\/www.elsinodaldetamaulipas.com.mx\/?p=210813"},"modified":"2025-09-06T14:48:23","modified_gmt":"2025-09-06T18:48:23","slug":"preside-alcalde-emotiva-ceremonia-de-graduacion","status":"publish","type":"post","link":"https:\/\/www.elsinodaldetamaulipas.com.mx\/?p=210813","title":{"rendered":"PRESIDE ALCALDE EMOTIVA CEREMONIA DE GRADUACI\u00d3N"},"content":{"rendered":"<h4 style=\"text-align: center;\">En teatro principal del Parque Cultural de Reynosa se realiz\u00f3 la emotiva ceremonia<\/h4>\n<p><img loading=\"lazy\" decoding=\"async\" class=\"wp-image-210800 size-full\" src=\"https:\/\/www.elsinodaldetamaulipas.com.mx\/wp-content\/uploads\/2025\/09\/VASCONCELOS-2.jpg\" alt=\"\" width=\"894\" height=\"487\" srcset=\"https:\/\/www.elsinodaldetamaulipas.com.mx\/wp-content\/uploads\/2025\/09\/VASCONCELOS-2.jpg 894w, https:\/\/www.elsinodaldetamaulipas.com.mx\/wp-content\/uploads\/2025\/09\/VASCONCELOS-2-300x163.jpg 300w, https:\/\/www.elsinodaldetamaulipas.com.mx\/wp-content\/uploads\/2025\/09\/VASCONCELOS-2-768x418.jpg 768w\" sizes=\"auto, (max-width: 894px) 100vw, 894px\" \/><\/p>\n<p><strong><em>Por Juan Carlos Rodr\u00edguez Terrazas\/EL SINODAL DE TAMAULIPAS<\/em><\/strong><\/p>\n<p>Reynosa, Tam.- El pasado mi\u00e9rcoles 27 de agosto quedar\u00e1 en la memoria de los egresados del \u201cCentro de Estudios Universitarios Jos\u00e9 Vasconcelos\u201d y la \u201cPreparatoria Jos\u00e9 Vasconcelos\u201d, como la fecha que marc\u00f3 la conclusi\u00f3n de su carrera con la emotiva celebraci\u00f3n de la ceremonia de graduaci\u00f3n.<\/p>\n<p>En esa fecha y en presencia del presidente municipal Carlos V\u00edctor Pe\u00f1a Ortiz, se realiz\u00f3 el acto de protocolo en el que fueron otorgados las constancias de los estudios realizados poniendo fin a la esforzada tarea en las aulas de la prestigiada instituci\u00f3n, acto celebrado en el majestuoso teatro principal del Parque Cultural de Reynosa.<\/p>\n<p><img loading=\"lazy\" decoding=\"async\" class=\"aligncenter wp-image-210814 size-full\" src=\"https:\/\/www.elsinodaldetamaulipas.com.mx\/wp-content\/uploads\/2025\/09\/VASCONCELOS-6-1.jpg\" alt=\"\" width=\"894\" height=\"487\" srcset=\"https:\/\/www.elsinodaldetamaulipas.com.mx\/wp-content\/uploads\/2025\/09\/VASCONCELOS-6-1.jpg 894w, https:\/\/www.elsinodaldetamaulipas.com.mx\/wp-content\/uploads\/2025\/09\/VASCONCELOS-6-1-300x163.jpg 300w, https:\/\/www.elsinodaldetamaulipas.com.mx\/wp-content\/uploads\/2025\/09\/VASCONCELOS-6-1-768x418.jpg 768w\" sizes=\"auto, (max-width: 894px) 100vw, 894px\" \/><\/p>\n<p style=\"text-align: center;\"><strong>LLAMADO A SEGUIR ADELANTE<\/strong><\/p>\n<p>\u201cEl futuro pertenece a quienes creen en la belleza de sus sue\u00f1os\u201d, con esta frase de Eleanor Roosevelt; el rector de ambas casas de estudio, Contador P\u00fablico Fernando Fern\u00e1ndez Salas, catapult\u00f3 un mensaje de felicitaci\u00f3n a los centenares de alumnos egresados de preparatoria y de diversas carreras que dieron fin a su preparaci\u00f3n que los pone en la ruta para cumplir sus sue\u00f1os de prosperidad.<\/p>\n<p>En el acto acompa\u00f1aron en el pres\u00eddium con testigos de honor el presidente municipal Carlos V\u00edctor Pe\u00f1a Ortiz; la sub directora de la preparatoria Jos\u00e9 Vasconcelos., licenciada Victoria Garc\u00eda De Le\u00f3n; el Director Regional de la Secretaria de Bienestar Social de Tamaulipas, ingeniero Pablo Alejandro Rodr\u00edguez Badillo y la Coordinadora Municipal del Instituto de la Juventud del Estado de Tamaulipas, ingeniero Ana Cristina Mart\u00ednez Z\u00fa\u00f1iga.<\/p>\n<p><img loading=\"lazy\" decoding=\"async\" class=\"aligncenter wp-image-210803 size-full\" src=\"https:\/\/www.elsinodaldetamaulipas.com.mx\/wp-content\/uploads\/2025\/09\/VASCONCELOS-5.jpg\" alt=\"\" width=\"894\" height=\"487\" srcset=\"https:\/\/www.elsinodaldetamaulipas.com.mx\/wp-content\/uploads\/2025\/09\/VASCONCELOS-5.jpg 894w, https:\/\/www.elsinodaldetamaulipas.com.mx\/wp-content\/uploads\/2025\/09\/VASCONCELOS-5-300x163.jpg 300w, https:\/\/www.elsinodaldetamaulipas.com.mx\/wp-content\/uploads\/2025\/09\/VASCONCELOS-5-768x418.jpg 768w\" sizes=\"auto, (max-width: 894px) 100vw, 894px\" \/>\u00a0\u00a0\u00a0\u00a0\u00a0\u00a0\u00a0\u00a0 El rector Fernando Fern\u00e1ndez Salas, dirigi\u00f3 entonces un mensaje de felicitaci\u00f3n a sus queridos graduados en reconocimiento a la meta lograda, enfatizando:<\/p>\n<p>\u201cHoy celebramos el esfuerzo, la constancia y la pasi\u00f3n que los han tra\u00eddo hasta este momento tan especial. Concluir sus estudios en el nivel medio superior y superior es m\u00e1s que un logro acad\u00e9mico: es la muestra de su disciplina, su compromiso y su deseo de superarse\u2026\u201d<\/p>\n<p>Expres\u00f3, \u201cComo Rector, me honra felicitarlos y recordarles que cada paso que den a partir de hoy ser\u00e1 un reflejo de todo lo que han aprendido en estas aulas. El mundo necesita profesionales con valores, visi\u00f3n y liderazgo, y estoy seguro de que ustedes sabr\u00e1n ser ese motor de cambio positivo que nuestra sociedad requiere\u2026\u201d<\/p>\n<p>Y remarc\u00f3: \u201cLleven siempre con orgullo el nombre de nuestra instituci\u00f3n, y recuerden que el aprendizaje no termina aqu\u00ed: la educaci\u00f3n es un camino que nos acompa\u00f1a toda la vida.\u201d<\/p>\n<p>\u00a1Muchas felicidades, generaci\u00f3n CUJV! El mundo los espera; dicha esta frase se escuch\u00f3 una cerrada ovaci\u00f3n que enmarc\u00f3 la emotividad del momento, se procedi\u00f3 despu\u00e9s de ello a llevar a cabo el \u00faltimo pase de lista con la entrega de la documentaci\u00f3n que acredita las c\u00e1tedras cursadas por los j\u00f3venes egresados.<\/p>\n<p style=\"text-align: center;\"><img loading=\"lazy\" decoding=\"async\" class=\"aligncenter wp-image-210802 size-full\" src=\"https:\/\/www.elsinodaldetamaulipas.com.mx\/wp-content\/uploads\/2025\/09\/VASCONCELOS-4.jpg\" alt=\"\" width=\"894\" height=\"487\" srcset=\"https:\/\/www.elsinodaldetamaulipas.com.mx\/wp-content\/uploads\/2025\/09\/VASCONCELOS-4.jpg 894w, https:\/\/www.elsinodaldetamaulipas.com.mx\/wp-content\/uploads\/2025\/09\/VASCONCELOS-4-300x163.jpg 300w, https:\/\/www.elsinodaldetamaulipas.com.mx\/wp-content\/uploads\/2025\/09\/VASCONCELOS-4-768x418.jpg 768w\" sizes=\"auto, (max-width: 894px) 100vw, 894px\" \/>COMPARTE ALCALDE ENTUSIASMO DE JOVENES<\/p>\n<p>Por su parte el presidente municipal Carlos V\u00edctor Pe\u00f1a Ortiz, en su esperada participaci\u00f3n, hizo un grato reconocimiento a las autoridades educativas encabezadas por el rector contador Fern\u00e1ndez Salas y la sub directora de la Preparatoria, licenciada Garc\u00eda De Le\u00f3n, que durante m\u00e1s de una d\u00e9cada se han dedicado a la formaci\u00f3n de nuevos bachilleres que posteriormente se han convertido en profesionistas que hoy dirigen sus propios negocios o est\u00e1n incrustados en el mundo laboral donde son factores de la evoluci\u00f3n y la productividad de diversas empresas e industrias.<\/p>\n<p>El alcalde dio un mensaje emotivo de felicitaci\u00f3n a alumnos graduados, que amplio hacia padres de familia, adem\u00e1s de personal docente y administrativo de la casa de estudio, que desde sus respectivas trincheras han sido factor para este triunfo de los j\u00f3venes, deseos de superarse, a quienes conmin\u00f3 a seguir prepar\u00e1ndose en sus posgrados o incrustarse de lleno en el sector productivo para seguir haciendo de Reynosa la ciudad de los sue\u00f1os y proyectos cumplidos.<\/p>\n<p><img loading=\"lazy\" decoding=\"async\" class=\"aligncenter wp-image-210801 size-full\" src=\"https:\/\/www.elsinodaldetamaulipas.com.mx\/wp-content\/uploads\/2025\/09\/VASCONCELOS-3.jpg\" alt=\"\" width=\"894\" height=\"487\" srcset=\"https:\/\/www.elsinodaldetamaulipas.com.mx\/wp-content\/uploads\/2025\/09\/VASCONCELOS-3.jpg 894w, https:\/\/www.elsinodaldetamaulipas.com.mx\/wp-content\/uploads\/2025\/09\/VASCONCELOS-3-300x163.jpg 300w, https:\/\/www.elsinodaldetamaulipas.com.mx\/wp-content\/uploads\/2025\/09\/VASCONCELOS-3-768x418.jpg 768w\" sizes=\"auto, (max-width: 894px) 100vw, 894px\" \/><\/p>\n","protected":false},"excerpt":{"rendered":"<p>En teatro principal del Parque Cultural de Reynosa se realiz\u00f3 la emotiva ceremonia Por Juan Carlos Rodr\u00edguez Terrazas\/EL SINODAL DE TAMAULIPAS Reynosa, Tam.- El pasado mi\u00e9rcoles 27 de agosto quedar\u00e1 en la memoria de los egresados del \u201cCentro de Estudios Universitarios Jos\u00e9 Vasconcelos\u201d y la \u201cPreparatoria Jos\u00e9 Vasconcelos\u201d, como la fecha que marc\u00f3 la conclusi\u00f3n [&hellip;]<\/p>\n","protected":false},"author":1,"featured_media":210799,"comment_status":"closed","ping_status":"closed","sticky":false,"template":"","format":"standard","meta":{"footnotes":""},"categories":[1,2],"tags":[],"class_list":["post-210813","post","type-post","status-publish","format-standard","has-post-thumbnail","hentry","category-portada","category-reynosa"],"_links":{"self":[{"href":"https:\/\/www.elsinodaldetamaulipas.com.mx\/index.php?rest_route=\/wp\/v2\/posts\/210813","targetHints":{"allow":["GET"]}}],"collection":[{"href":"https:\/\/www.elsinodaldetamaulipas.com.mx\/index.php?rest_route=\/wp\/v2\/posts"}],"about":[{"href":"https:\/\/www.elsinodaldetamaulipas.com.mx\/index.php?rest_route=\/wp\/v2\/types\/post"}],"author":[{"embeddable":true,"href":"https:\/\/www.elsinodaldetamaulipas.com.mx\/index.php?rest_route=\/wp\/v2\/users\/1"}],"replies":[{"embeddable":true,"href":"https:\/\/www.elsinodaldetamaulipas.com.mx\/index.php?rest_route=%2Fwp%2Fv2%2Fcomments&post=210813"}],"version-history":[{"count":5,"href":"https:\/\/www.elsinodaldetamaulipas.com.mx\/index.php?rest_route=\/wp\/v2\/posts\/210813\/revisions"}],"predecessor-version":[{"id":210819,"href":"https:\/\/www.elsinodaldetamaulipas.com.mx\/index.php?rest_route=\/wp\/v2\/posts\/210813\/revisions\/210819"}],"wp:featuredmedia":[{"embeddable":true,"href":"https:\/\/www.elsinodaldetamaulipas.com.mx\/index.php?rest_route=\/wp\/v2\/media\/210799"}],"wp:attachment":[{"href":"https:\/\/www.elsinodaldetamaulipas.com.mx\/index.php?rest_route=%2Fwp%2Fv2%2Fmedia&parent=210813"}],"wp:term":[{"taxonomy":"category","embeddable":true,"href":"https:\/\/www.elsinodaldetamaulipas.com.mx\/index.php?rest_route=%2Fwp%2Fv2%2Fcategories&post=210813"},{"taxonomy":"post_tag","embeddable":true,"href":"https:\/\/www.elsinodaldetamaulipas.com.mx\/index.php?rest_route=%2Fwp%2Fv2%2Ftags&post=210813"}],"curies":[{"name":"wp","href":"https:\/\/api.w.org\/{rel}","templated":true}]}}