{"id":210820,"date":"2025-09-06T17:13:40","date_gmt":"2025-09-06T21:13:40","guid":{"rendered":"https:\/\/www.elsinodaldetamaulipas.com.mx\/?p=210820"},"modified":"2025-09-06T17:13:40","modified_gmt":"2025-09-06T21:13:40","slug":"pretenden-recobrar-area-protegida-de-reynosa","status":"publish","type":"post","link":"https:\/\/www.elsinodaldetamaulipas.com.mx\/?p=210820","title":{"rendered":"PRETENDEN RECOBRAR \u00c1REA PROTEGIDA DE REYNOSA"},"content":{"rendered":"<p>REL SINODAL DE TAMAULIPAS<\/p>\n<p>Reynosa, Tam. Durante esta semana, el presidente de la Junta de Gobierno del Congreso Libre y Soberano, Humberto Prieto Herrera, dentro de sus actividades legislativas, particip\u00f3 en las mesas de trabajo para la recuperaci\u00f3n del \u00c1rea Natural Protegida \u201cLaguna La Escondida\u201d, espacio de los reynosenses.<\/p>\n<p><img loading=\"lazy\" decoding=\"async\" class=\"aligncenter wp-image-210822 size-full\" src=\"https:\/\/www.elsinodaldetamaulipas.com.mx\/wp-content\/uploads\/2025\/09\/PROYECTO-1.jpeg\" alt=\"\" width=\"1600\" height=\"1200\" srcset=\"https:\/\/www.elsinodaldetamaulipas.com.mx\/wp-content\/uploads\/2025\/09\/PROYECTO-1.jpeg 1600w, https:\/\/www.elsinodaldetamaulipas.com.mx\/wp-content\/uploads\/2025\/09\/PROYECTO-1-300x225.jpeg 300w, https:\/\/www.elsinodaldetamaulipas.com.mx\/wp-content\/uploads\/2025\/09\/PROYECTO-1-1024x768.jpeg 1024w, https:\/\/www.elsinodaldetamaulipas.com.mx\/wp-content\/uploads\/2025\/09\/PROYECTO-1-768x576.jpeg 768w, https:\/\/www.elsinodaldetamaulipas.com.mx\/wp-content\/uploads\/2025\/09\/PROYECTO-1-1536x1152.jpeg 1536w, https:\/\/www.elsinodaldetamaulipas.com.mx\/wp-content\/uploads\/2025\/09\/PROYECTO-1-272x204.jpeg 272w\" sizes=\"auto, (max-width: 1600px) 100vw, 1600px\" \/><\/p>\n<p>Con la participaci\u00f3n y an\u00e1lisis sobre las condiciones de este espacio natural, as\u00ed como la lluvia de ideas, se contempla dar rumbo al rescate, recuperaci\u00f3n y cuidados a futuro del h\u00e1bitat natural para fauna y recraecion de la localidad.<\/p>\n<p><img loading=\"lazy\" decoding=\"async\" class=\"aligncenter wp-image-210823 size-full\" src=\"https:\/\/www.elsinodaldetamaulipas.com.mx\/wp-content\/uploads\/2025\/09\/PROYECTO-3.jpeg\" alt=\"\" width=\"1600\" height=\"1200\" srcset=\"https:\/\/www.elsinodaldetamaulipas.com.mx\/wp-content\/uploads\/2025\/09\/PROYECTO-3.jpeg 1600w, https:\/\/www.elsinodaldetamaulipas.com.mx\/wp-content\/uploads\/2025\/09\/PROYECTO-3-300x225.jpeg 300w, https:\/\/www.elsinodaldetamaulipas.com.mx\/wp-content\/uploads\/2025\/09\/PROYECTO-3-1024x768.jpeg 1024w, https:\/\/www.elsinodaldetamaulipas.com.mx\/wp-content\/uploads\/2025\/09\/PROYECTO-3-768x576.jpeg 768w, https:\/\/www.elsinodaldetamaulipas.com.mx\/wp-content\/uploads\/2025\/09\/PROYECTO-3-1536x1152.jpeg 1536w, https:\/\/www.elsinodaldetamaulipas.com.mx\/wp-content\/uploads\/2025\/09\/PROYECTO-3-272x204.jpeg 272w\" sizes=\"auto, (max-width: 1600px) 100vw, 1600px\" \/><\/p>\n<p>\u201cDesde Reynosa, Tamaulipas, participamos en las Mesas de Trabajo para la recuperaci\u00f3n del \u00c1rea Natural Protegida \u201cLaguna La Escondida\u201d. Junto a la sociedad civil, el Gobierno del Estado y el Congreso, seguiremos sumando esfuerzos\u201d, expres\u00f3 Prieto Herrera.<\/p>\n<p><img loading=\"lazy\" decoding=\"async\" class=\"aligncenter wp-image-210824 size-full\" src=\"https:\/\/www.elsinodaldetamaulipas.com.mx\/wp-content\/uploads\/2025\/09\/\u00b4POYECTO-2.jpeg\" alt=\"\" width=\"1200\" height=\"1600\" srcset=\"https:\/\/www.elsinodaldetamaulipas.com.mx\/wp-content\/uploads\/2025\/09\/\u00b4POYECTO-2.jpeg 1200w, https:\/\/www.elsinodaldetamaulipas.com.mx\/wp-content\/uploads\/2025\/09\/\u00b4POYECTO-2-225x300.jpeg 225w, https:\/\/www.elsinodaldetamaulipas.com.mx\/wp-content\/uploads\/2025\/09\/\u00b4POYECTO-2-768x1024.jpeg 768w, https:\/\/www.elsinodaldetamaulipas.com.mx\/wp-content\/uploads\/2025\/09\/\u00b4POYECTO-2-1152x1536.jpeg 1152w\" sizes=\"auto, (max-width: 1200px) 100vw, 1200px\" \/><\/p>\n<p>Junto al presidente de la JUGOB, la diputada Eva Reyes, el diputado Armando Zertuche, el director de Recursos Naturales y Manejo de \u00c1reas Protegidas en representaci\u00f3n de SEDUMA del Gobierno del Estado, Alejandro Pe\u00f1aloza Medell\u00edn, A.C., c\u00e1maras empresariales e instituciones educativas, se refrenda el compromiso del legislativo por atender el llamado de los municipios y los tamaulipecos.<\/p>\n","protected":false},"excerpt":{"rendered":"<p>REL SINODAL DE TAMAULIPAS Reynosa, Tam. Durante esta semana, el presidente de la Junta de Gobierno del Congreso Libre y Soberano, Humberto Prieto Herrera, dentro de sus actividades legislativas, particip\u00f3 en las mesas de trabajo para la recuperaci\u00f3n del \u00c1rea Natural Protegida \u201cLaguna La Escondida\u201d, espacio de los reynosenses. Con la participaci\u00f3n y an\u00e1lisis sobre [&hellip;]<\/p>\n","protected":false},"author":1,"featured_media":210821,"comment_status":"closed","ping_status":"closed","sticky":false,"template":"","format":"standard","meta":{"footnotes":""},"categories":[1,2],"tags":[],"class_list":["post-210820","post","type-post","status-publish","format-standard","has-post-thumbnail","hentry","category-portada","category-reynosa"],"_links":{"self":[{"href":"https:\/\/www.elsinodaldetamaulipas.com.mx\/index.php?rest_route=\/wp\/v2\/posts\/210820","targetHints":{"allow":["GET"]}}],"collection":[{"href":"https:\/\/www.elsinodaldetamaulipas.com.mx\/index.php?rest_route=\/wp\/v2\/posts"}],"about":[{"href":"https:\/\/www.elsinodaldetamaulipas.com.mx\/index.php?rest_route=\/wp\/v2\/types\/post"}],"author":[{"embeddable":true,"href":"https:\/\/www.elsinodaldetamaulipas.com.mx\/index.php?rest_route=\/wp\/v2\/users\/1"}],"replies":[{"embeddable":true,"href":"https:\/\/www.elsinodaldetamaulipas.com.mx\/index.php?rest_route=%2Fwp%2Fv2%2Fcomments&post=210820"}],"version-history":[{"count":1,"href":"https:\/\/www.elsinodaldetamaulipas.com.mx\/index.php?rest_route=\/wp\/v2\/posts\/210820\/revisions"}],"predecessor-version":[{"id":210825,"href":"https:\/\/www.elsinodaldetamaulipas.com.mx\/index.php?rest_route=\/wp\/v2\/posts\/210820\/revisions\/210825"}],"wp:featuredmedia":[{"embeddable":true,"href":"https:\/\/www.elsinodaldetamaulipas.com.mx\/index.php?rest_route=\/wp\/v2\/media\/210821"}],"wp:attachment":[{"href":"https:\/\/www.elsinodaldetamaulipas.com.mx\/index.php?rest_route=%2Fwp%2Fv2%2Fmedia&parent=210820"}],"wp:term":[{"taxonomy":"category","embeddable":true,"href":"https:\/\/www.elsinodaldetamaulipas.com.mx\/index.php?rest_route=%2Fwp%2Fv2%2Fcategories&post=210820"},{"taxonomy":"post_tag","embeddable":true,"href":"https:\/\/www.elsinodaldetamaulipas.com.mx\/index.php?rest_route=%2Fwp%2Fv2%2Ftags&post=210820"}],"curies":[{"name":"wp","href":"https:\/\/api.w.org\/{rel}","templated":true}]}}