{"id":210829,"date":"2025-09-07T17:10:34","date_gmt":"2025-09-07T21:10:34","guid":{"rendered":"https:\/\/www.elsinodaldetamaulipas.com.mx\/?p=210829"},"modified":"2025-09-07T17:10:34","modified_gmt":"2025-09-07T21:10:34","slug":"imprudente-chofer-causa-choque-de-tractocamiones","status":"publish","type":"post","link":"https:\/\/www.elsinodaldetamaulipas.com.mx\/?p=210829","title":{"rendered":"IMPRUDENTE CHOFER CAUSA CHOQUE DE TRACTOCAMIONES"},"content":{"rendered":"<p>EL SINODAL DE TAMAULIPAS<\/p>\n<p>Monterrey, Nuevo Le\u00f3n.- La noche de este viernes, alrededor de las 21:00 horas, se registr\u00f3 un choque frontal entre dos tractocamiones sobre la v\u00eda libre Monterrey-Nuevo Laredo, en el kil\u00f3metro 184+000, presuntamente debido al exceso de velocidad con que se conduc\u00eda una de las unidades y la imprudencia del operador.<\/p>\n<p>&nbsp;<\/p>\n<p>La unidad causante del impacto circulaba por el tramo libre, en sentido de norte a sur, con direcci\u00f3n a Monterrey, cuando intent\u00f3 un rebase indebido en el que no logr\u00f3 reincorporarse a su carril, impactando con otro tractocami\u00f3n que circulaba con direcci\u00f3n hacia Nuevo Laredo. Como resultado del encontronazo, el operador de la unidad que realizaba las maniobras de rebase peligrosas e imprudentes, perdi\u00f3 la vida.<\/p>\n<p>&nbsp;<\/p>\n<p>Tras el impacto, arribaron al lugar elementos de la Guardia Nacional, del H. Cuerpo de Bomberos de Nuevo Laredo y personal de atenci\u00f3n prehospitalaria de la Concesionaria a bordo de ambulancias, para la atenci\u00f3n de los lesionados y por tal motivo se procedi\u00f3 al cierre total de la v\u00eda.<\/p>\n<p><img loading=\"lazy\" decoding=\"async\" class=\"aligncenter wp-image-210831 size-full\" src=\"https:\/\/www.elsinodaldetamaulipas.com.mx\/wp-content\/uploads\/2025\/09\/CHOQUE-1.jpeg\" alt=\"\" width=\"1600\" height=\"1200\" srcset=\"https:\/\/www.elsinodaldetamaulipas.com.mx\/wp-content\/uploads\/2025\/09\/CHOQUE-1.jpeg 1600w, https:\/\/www.elsinodaldetamaulipas.com.mx\/wp-content\/uploads\/2025\/09\/CHOQUE-1-300x225.jpeg 300w, https:\/\/www.elsinodaldetamaulipas.com.mx\/wp-content\/uploads\/2025\/09\/CHOQUE-1-1024x768.jpeg 1024w, https:\/\/www.elsinodaldetamaulipas.com.mx\/wp-content\/uploads\/2025\/09\/CHOQUE-1-768x576.jpeg 768w, https:\/\/www.elsinodaldetamaulipas.com.mx\/wp-content\/uploads\/2025\/09\/CHOQUE-1-1536x1152.jpeg 1536w, https:\/\/www.elsinodaldetamaulipas.com.mx\/wp-content\/uploads\/2025\/09\/CHOQUE-1-272x204.jpeg 272w\" sizes=\"auto, (max-width: 1600px) 100vw, 1600px\" \/><\/p>\n<p>Asimismo, al lugar arribaron elementos de Conservaci\u00f3n de la Concesionaria para el apoyo en labores de bandereo y vialidad en el lugar, para garantizar la seguridad de quienes transitaban por el lugar.<\/p>\n<p>&nbsp;<\/p>\n<p>Adem\u00e1s, como resultado del percance el otro conductor result\u00f3 con lesiones, quien tras haber recibido los primeros auxilios en el lugar, fue canalizado al Hospital para su atenci\u00f3n m\u00e9dica.<\/p>\n<p><img loading=\"lazy\" decoding=\"async\" class=\"aligncenter wp-image-210832 size-full\" src=\"https:\/\/www.elsinodaldetamaulipas.com.mx\/wp-content\/uploads\/2025\/09\/CHPOQUE-3.jpeg\" alt=\"\" width=\"1600\" height=\"1200\" srcset=\"https:\/\/www.elsinodaldetamaulipas.com.mx\/wp-content\/uploads\/2025\/09\/CHPOQUE-3.jpeg 1600w, https:\/\/www.elsinodaldetamaulipas.com.mx\/wp-content\/uploads\/2025\/09\/CHPOQUE-3-300x225.jpeg 300w, https:\/\/www.elsinodaldetamaulipas.com.mx\/wp-content\/uploads\/2025\/09\/CHPOQUE-3-1024x768.jpeg 1024w, https:\/\/www.elsinodaldetamaulipas.com.mx\/wp-content\/uploads\/2025\/09\/CHPOQUE-3-768x576.jpeg 768w, https:\/\/www.elsinodaldetamaulipas.com.mx\/wp-content\/uploads\/2025\/09\/CHPOQUE-3-1536x1152.jpeg 1536w, https:\/\/www.elsinodaldetamaulipas.com.mx\/wp-content\/uploads\/2025\/09\/CHPOQUE-3-272x204.jpeg 272w\" sizes=\"auto, (max-width: 1600px) 100vw, 1600px\" \/><\/p>\n<p>Al sitio arribaron elementos de la Guardia Nacional, a bordo de las unidades 24131, 23115 y 26182, a cargo del SubAgente Aldair Hern\u00e1ndez Pe\u00f1a. Asimismo, tambi\u00e9n llegaron elementos de la polic\u00eda investigadora de la Fiscal\u00eda General de Justicia de Tamaulipas, a cargo del Lic. Eduardo Walle. Y tambi\u00e9n se presentaron al lugar elementos de peritos de la FGJ de Tamaulipas, a cargo de la Lic. Laura Viera D\u00edaz.<\/p>\n<p>&nbsp;<\/p>\n<p>Tras el levantamiento de las informaci\u00f3n para la integraci\u00f3n de las carpetas de investigaci\u00f3n correspondientes, el levantamiento del cuerpo y de los veh\u00edculos siniestrados, la v\u00eda de comunicaci\u00f3n fue abierta pasadas las 22:30 horas.<\/p>\n<p>&nbsp;<\/p>\n","protected":false},"excerpt":{"rendered":"<p>EL SINODAL DE TAMAULIPAS Monterrey, Nuevo Le\u00f3n.- La noche de este viernes, alrededor de las 21:00 horas, se registr\u00f3 un choque frontal entre dos tractocamiones sobre la v\u00eda libre Monterrey-Nuevo Laredo, en el kil\u00f3metro 184+000, presuntamente debido al exceso de velocidad con que se conduc\u00eda una de las unidades y la imprudencia del operador. &nbsp; [&hellip;]<\/p>\n","protected":false},"author":1,"featured_media":210830,"comment_status":"closed","ping_status":"closed","sticky":false,"template":"","format":"standard","meta":{"footnotes":""},"categories":[25],"tags":[],"class_list":["post-210829","post","type-post","status-publish","format-standard","has-post-thumbnail","hentry","category-leyyorden"],"_links":{"self":[{"href":"https:\/\/www.elsinodaldetamaulipas.com.mx\/index.php?rest_route=\/wp\/v2\/posts\/210829","targetHints":{"allow":["GET"]}}],"collection":[{"href":"https:\/\/www.elsinodaldetamaulipas.com.mx\/index.php?rest_route=\/wp\/v2\/posts"}],"about":[{"href":"https:\/\/www.elsinodaldetamaulipas.com.mx\/index.php?rest_route=\/wp\/v2\/types\/post"}],"author":[{"embeddable":true,"href":"https:\/\/www.elsinodaldetamaulipas.com.mx\/index.php?rest_route=\/wp\/v2\/users\/1"}],"replies":[{"embeddable":true,"href":"https:\/\/www.elsinodaldetamaulipas.com.mx\/index.php?rest_route=%2Fwp%2Fv2%2Fcomments&post=210829"}],"version-history":[{"count":1,"href":"https:\/\/www.elsinodaldetamaulipas.com.mx\/index.php?rest_route=\/wp\/v2\/posts\/210829\/revisions"}],"predecessor-version":[{"id":210833,"href":"https:\/\/www.elsinodaldetamaulipas.com.mx\/index.php?rest_route=\/wp\/v2\/posts\/210829\/revisions\/210833"}],"wp:featuredmedia":[{"embeddable":true,"href":"https:\/\/www.elsinodaldetamaulipas.com.mx\/index.php?rest_route=\/wp\/v2\/media\/210830"}],"wp:attachment":[{"href":"https:\/\/www.elsinodaldetamaulipas.com.mx\/index.php?rest_route=%2Fwp%2Fv2%2Fmedia&parent=210829"}],"wp:term":[{"taxonomy":"category","embeddable":true,"href":"https:\/\/www.elsinodaldetamaulipas.com.mx\/index.php?rest_route=%2Fwp%2Fv2%2Fcategories&post=210829"},{"taxonomy":"post_tag","embeddable":true,"href":"https:\/\/www.elsinodaldetamaulipas.com.mx\/index.php?rest_route=%2Fwp%2Fv2%2Ftags&post=210829"}],"curies":[{"name":"wp","href":"https:\/\/api.w.org\/{rel}","templated":true}]}}