{"id":210835,"date":"2025-09-07T17:38:30","date_gmt":"2025-09-07T21:38:30","guid":{"rendered":"https:\/\/www.elsinodaldetamaulipas.com.mx\/?p=210835"},"modified":"2025-09-07T17:38:30","modified_gmt":"2025-09-07T21:38:30","slug":"alcaldes-a-informar","status":"publish","type":"post","link":"https:\/\/www.elsinodaldetamaulipas.com.mx\/?p=210835","title":{"rendered":"ALCALDES A INFORMAR"},"content":{"rendered":"<div class=\"html-div xdj266r x14z9mp xat24cr x1lziwak xexx8yu xyri2b x18d9i69 x1c1uobl\" dir=\"auto\">\n<div class=\"html-div xdj266r x14z9mp xat24cr x1lziwak xexx8yu xyri2b x18d9i69 x1c1uobl\" data-ad-rendering-role=\"story_message\">\n<div id=\"_R_l9bclkqv5klilipamH2_\" class=\"x1l90r2v x1iorvi4 x1g0dm76 xpdmqnj\" data-ad-comet-preview=\"message\" data-ad-preview=\"message\">\n<div class=\"x78zum5 xdt5ytf xz62fqu x16ldp7u\">\n<div class=\"xu06os2 x1ok221b\">\n<div class=\"html-div xdj266r x14z9mp xat24cr x1lziwak xexx8yu xyri2b x18d9i69 x1c1uobl\">\n<div class=\"xdj266r x14z9mp xat24cr x1lziwak x1vvkbs x126k92a\">\n<div dir=\"auto\">SE\u00d1AL POLITICA<\/div>\n<div dir=\"auto\">POR: ANWAR A. VIVIAN PERALTA<\/div>\n<div dir=\"auto\"><\/div>\n<\/div>\n<div class=\"x14z9mp xat24cr x1lziwak x1vvkbs xtlvy1s x126k92a\">\n<div dir=\"auto\"><\/div>\n<\/div>\n<div class=\"x14z9mp xat24cr x1lziwak x1vvkbs xtlvy1s x126k92a\">\n<div dir=\"auto\">NATALY GARCIA APOYA CON PROGRAMA ESPECIAL A ALUMNOS DE PRE ESCOLAR Y PRIMARIA<\/div>\n<\/div>\n<div class=\"x14z9mp xat24cr x1lziwak x1vvkbs xtlvy1s x126k92a\">\n<div dir=\"auto\">La Alcaldesa NATALY GARCIA DIAZ, presidio la entrega del programa municipal \u201cVales por la Educaci\u00f3n\u201d, en beneficio de 300 estudiantes de preescolar y primaria y sus familias.<\/div>\n<\/div>\n<div class=\"x14z9mp xat24cr x1lziwak x1vvkbs xtlvy1s x126k92a\">\n<div dir=\"auto\">La Presidenta del municipio m\u00e1s joven de Tamaulipas, agradeci\u00f3 la aprobaci\u00f3n del H. Cabildo para este programa en el que se entregan dos vales de 500 pesos cada uno, para la compra de uniformes y calzado escolar lo que sin duda alguna representa un gran apoyo para la econom\u00eda familiar de las familias beneficiadas.<\/div>\n<div dir=\"auto\">Agreg\u00f3 sentirse orgullosa de este nuevo logro, gracias a la confianza de los contribuyentes que cumplen con el pago de su impuesto predial, recursos que se aplican de manera transparente en distintos programas municipales y obras de infraestructura para beneficio de todas y todos.<\/div>\n<\/div>\n<div class=\"x14z9mp xat24cr x1lziwak x1vvkbs xtlvy1s x126k92a\">\n<div dir=\"auto\">Las cosas buenas suceden, y sin duda alguna suceden para bien, estoy orgullosa de darles a conocer en que se gastan sus impuestos, que sepan en que se aplican y como en este caso, un gran apoyo para la compra de uniformes y calzado escolar.<\/div>\n<div dir=\"auto\">A ni\u00f1as y ni\u00f1os, les dijo que le echen muchas ganas a la escuela, porque es el camino de la educaci\u00f3n lo que les permitir\u00e1 convertirse en mejores ciudadanos y un orgullo para sus padres.<\/div>\n<\/div>\n<div class=\"x14z9mp xat24cr x1lziwak x1vvkbs xtlvy1s x126k92a\">\n<div dir=\"auto\">PREPARA CARMEN LILIA GRAN FIESTA DE LA INDEPENDENCIA EN NUEVO LAREDO<\/div>\n<\/div>\n<div class=\"x14z9mp xat24cr x1lziwak x1vvkbs xtlvy1s x126k92a\">\n<div dir=\"auto\">MARIA JOSE, INVASORES DE NUEVO LEON ASI Como un ramillete de artistas estar\u00e1n llevando a cabo la diversi\u00f3n de neolaredenses en el pr\u00f3ximo grito de independencia que prepara el gobierno municipal de CARMEN LILIA CANTUROSAS VILLARERAL.<\/div>\n<div dir=\"auto\">El Gobierno Municipal de Nuevo Laredo prepara una gran celebraci\u00f3n para conmemorar el 215 aniversario del inicio de la Independencia de M\u00e9xico, con un espect\u00e1culo art\u00edstico de primer nivel que engalanar\u00e1 la tradicional ceremonia del Grito de Independencia 2025.<\/div>\n<\/div>\n<div class=\"x14z9mp xat24cr x1lziwak x1vvkbs xtlvy1s x126k92a\">\n<div dir=\"auto\">La alcaldesa CARMEN LILIA anunci\u00f3 a trav\u00e9s de sus redes sociales que este a\u00f1o la fiesta mexicana contar\u00e1 con la presentaci\u00f3n estelar de la cantante pop Mar\u00eda Jos\u00e9 y la agrupaci\u00f3n norte\u00f1a Los Invasores de Nuevo Le\u00f3n, quienes prender\u00e1n el ambiente en la Explanada de la Independencia. \u201cSer\u00e1 una noche inolvidable, llena de orgullo, m\u00fasica y tradici\u00f3n.<\/div>\n<\/div>\n<div class=\"x14z9mp xat24cr x1lziwak x1vvkbs xtlvy1s x126k92a\">\n<div dir=\"auto\">Queremos que las familias neolaredenses disfruten de un espect\u00e1culo de calidad, celebrando juntos lo que nos une: ser mexicanos\u201d, expres\u00f3 la presidenta municipal. La ceremonia del Grito se llevar\u00e1 a cabo el lunes 15 de septiembre a partir de las 8:00 de la noche, frente al Palacio Federal, donde miles de asistentes podr\u00e1n disfrutar de m\u00fasica, folclor, antojitos y un ambiente 100% familiar.<\/div>\n<\/div>\n<div class=\"x14z9mp xat24cr x1lziwak x1vvkbs xtlvy1s x126k92a\">\n<div dir=\"auto\">LA PRESIDENTA MUNICIPAL CARMEN LILIA extendi\u00f3 la invitaci\u00f3n a toda la ciudadan\u00eda para que se sume a este evento gratuito y viva la experiencia de la fiesta patria m\u00e1s importante del a\u00f1o, enmarcada por un despliegue de luces, colores y la energ\u00eda de dos grandes figuras de la m\u00fasica en M\u00e9xico.<\/div>\n<\/div>\n<div class=\"x14z9mp xat24cr x1lziwak x1vvkbs xtlvy1s x126k92a\">\n<div dir=\"auto\">FORMA COMISION PARA DAR SEGUIMIENTO A CORRUPCION DE EN EL SECTOR SALUD: LUCECEOR DEOSDADY<\/div>\n<\/div>\n<div class=\"x14z9mp xat24cr x1lziwak x1vvkbs xtlvy1s x126k92a\">\n<div dir=\"auto\">QUEDO conformada en el Congreso del Estado de Tamaulipas qued\u00f3 formalmente instalada la Comisi\u00f3n Especial para el An\u00e1lisis y Seguimiento de las Denuncias por Hechos de Corrupci\u00f3n en la Secretar\u00eda de Salud, correspondientes al periodo 2016\u20132021.<\/div>\n<\/div>\n<div class=\"x14z9mp xat24cr x1lziwak x1vvkbs xtlvy1s x126k92a\">\n<div dir=\"auto\">En dicha comisi\u00f3n participa como vocal la Diputada LUCERO DEOSDADY, quien refrend\u00f3 su compromiso con la rendici\u00f3n de cuentas y con la lucha frontal contra la corrupci\u00f3n que tanto da\u00f1o ha causado a las instituciones p\u00fablicas, en especial al sector salud, afectando la calidad de la atenci\u00f3n y los recursos destinados a la poblaci\u00f3n m\u00e1s vulnerable.<\/div>\n<\/div>\n<div class=\"x14z9mp xat24cr x1lziwak x1vvkbs xtlvy1s x126k92a\">\n<div dir=\"auto\">Con esta comisi\u00f3n, el Congreso del Estado reafirma su voluntad de trabajar en conjunto por la transparencia, la justicia y la reparaci\u00f3n del da\u00f1o, pilares fundamentales para recuperar la confianza ciudadana, garantizar que los recursos de salud se apliquen de manera correcta y fortalecer la vida p\u00fablica en Tamaulipas.<\/div>\n<\/div>\n<div class=\"x14z9mp xat24cr x1lziwak x1vvkbs xtlvy1s x126k92a\">\n<div dir=\"auto\">ENTREGA DIPUTADO SERGIO \u201cCHEKO\u201d OJEDA MATERIAL ESCOLAR<\/div>\n<\/div>\n<div class=\"x14z9mp xat24cr x1lziwak x1vvkbs xtlvy1s x126k92a\">\n<div dir=\"auto\">Impulsar la educaci\u00f3n es prioridad para el diputado local del Distrito 3, SERGIO OJEDA CASTILLO, por tal motivo, hizo entrega de material escolar a los alumnos del Jard\u00edn de Ni\u00f1os H\u00e9roes Insurgentes, de la colonia Insurgentes de Nuevo Laredo.<\/div>\n<div dir=\"auto\">El legislador \u201cCHEKO\u201d OJEDA, destac\u00f3 que contribuir con un granito de arena al desarrollo acad\u00e9mico de los peque\u00f1os es una labor que le llena de satisfacci\u00f3n y reiter\u00f3 su apoyo constante a la ni\u00f1ez de todo Tamaulipas.<\/div>\n<\/div>\n<div class=\"x14z9mp xat24cr x1lziwak x1vvkbs xtlvy1s x126k92a\">\n<div dir=\"auto\">\u201cLa educaci\u00f3n siempre ser\u00e1 la mejor inversi\u00f3n. Estos ni\u00f1os representan el futuro y siempre podr\u00e1n contar conmigo para seguir fortaleciendo su formaci\u00f3n\u201d, expres\u00f3 \u201cCheko\u201d Ojeda.<\/div>\n<\/div>\n<div class=\"x14z9mp xat24cr x1lziwak x1vvkbs xtlvy1s x126k92a\">\n<div dir=\"auto\">Durante la entrega, la directora del plantel, Ury Escobedo, agradeci\u00f3 al diputado \u201cCheko\u201d Ojeda, por su compromiso y liderazgo en apoyo de la educaci\u00f3n, as\u00ed como por el esfuerzo diario que realiza el gobierno de Tamaulipas y local.<\/div>\n<\/div>\n<div class=\"x14z9mp xat24cr x1lziwak x1vvkbs xtlvy1s x126k92a\">\n<div dir=\"auto\">Sergio \u201cCheko\u201d Ojeda, agreg\u00f3 que, su apoyo a la educaci\u00f3n en Tamaulipas es fundamental y base para el crecimiento y desarrollo de todos los estudiantes.<\/div>\n<\/div>\n<div class=\"x14z9mp xat24cr x1lziwak x1vvkbs xtlvy1s x126k92a\">\n<div dir=\"auto\">INVITA GOBIERNO DE MATAMOROS A CALLEJONEADA<\/div>\n<\/div>\n<div class=\"x14z9mp xat24cr x1lziwak x1vvkbs xtlvy1s x126k92a\">\n<div dir=\"auto\">El Gobierno Municipal, encabezado por BETO GRANADOS, hace una cordial invitaci\u00f3n a toda la ciudadan\u00eda a participar en la esperada Callejoneada de La Calle 9, que se llevar\u00e1 a cabo este viernes 5 de septiembre. Este evento busca reunir a las familias de Matamoros en un espacio lleno de m\u00fasica, cultura y tradici\u00f3n, en el coraz\u00f3n de la ciudad.<\/div>\n<\/div>\n<div class=\"x14z9mp xat24cr x1lziwak x1vvkbs xtlvy1s x126k92a\">\n<div dir=\"auto\">Durante la jornada, los asistentes podr\u00e1n disfrutar de m\u00fasica en vivo, la presencia de talentosos artistas locales, una gran variedad de stands y una oferta gastron\u00f3mica que promete deleitar a todos los paladares. Todo esto, en un ambiente festivo dise\u00f1ado para celebrar lo mejor del arte y la identidad matamorense.<\/div>\n<\/div>\n<div class=\"x14z9mp xat24cr x1lziwak x1vvkbs xtlvy1s x126k92a\">\n<div dir=\"auto\">La Callejoneada de La Calle 9 se ha convertido en un punto de encuentro para quienes valoran la cultura popular y el entretenimiento sano. El evento no solo fortalece el tejido social, sino que tambi\u00e9n impulsa el talento local y el turismo urbano. Como expresa con entusiasmo la administraci\u00f3n local.<\/div>\n<\/div>\n<div class=\"x14z9mp xat24cr x1lziwak x1vvkbs xtlvy1s x126k92a\">\n<div dir=\"auto\">ELIPHALET GOMEZ PRESIDIRA COMISION ESPECIAL PARA CORRUPTELAS DEL SECTOR SALUD<\/div>\n<\/div>\n<div class=\"x14z9mp xat24cr x1lziwak x1vvkbs xtlvy1s x126k92a\">\n<div dir=\"auto\">EL DIPUTADO LOCAL por Valle hermoso, eterno aspirante a la candidatura a presidente municipal, ELIPHALET GOMEZ LOZANO.<\/div>\n<div dir=\"auto\">Fue electo presidente de la comisi\u00f3n especial que pondr\u00e1 en orden los desv\u00edos del sector salud del estado de Tamaulipas.<\/div>\n<\/div>\n<div class=\"x14z9mp xat24cr x1lziwak x1vvkbs xtlvy1s x126k92a\">\n<div dir=\"auto\">En la misma figuran como secretario el matamorense ISIDRO VARGAS, quien en su momento aspira a la candidatura a la presidencia municipal por Matamoros en el 2027, forman la comisi\u00f3n tambi\u00e9n KATALINA MENDEZ y ANA LAURA HUERTA, que renuncio a los compromisos con el partido verde y se uni\u00f3 al partido MORENA, nom\u00e1s su juego ella sabe.<\/div>\n<\/div>\n<div class=\"x14z9mp xat24cr x1lziwak x1vvkbs xtlvy1s x126k92a\">\n<div dir=\"auto\">Comisi\u00f3n que dentro del congreso del estado arremeter\u00e1 con todo lo que tiene para que paguen quienes deben hacerlo asi, los desfalcos del sector salud de Tamaulipas del sexenio pasado y bueno ser\u00eda si tambi\u00e9n abarcara los del actual sexenio donde algunos vivillos o vivillas se han pasado de listos al hacer ojo de hormiga situaciones de pagos especiales a empresas.<\/div>\n<\/div>\n<div class=\"x14z9mp xat24cr x1lziwak x1vvkbs xtlvy1s x126k92a\">\n<div dir=\"auto\">ELIPHALET GOMEZ, LUCERO DEOSDADY, VICTOR MANUEL GARCIA FUENTES, este \u00faltimo que conoce el sector salud al rev\u00e9s y al derecho y que no hay que descartarlo como futuro secretario de salud del gabinete, pues su paso por direcciones de hospitales, jefaturas de jurisdicciones asi como cargos dentro del servicio m\u00e9dico, le dan la experiencia necesaria.<\/div>\n<\/div>\n<div class=\"x14z9mp xat24cr x1lziwak x1vvkbs xtlvy1s x126k92a\">\n<div dir=\"auto\">ELIPHALET pues esta que se le cuecen las habas por ser el abanderado para el 2027 como candidato a la presidencia municipal por Valle hermoso, candidatura que le ha quitado la doctora LUCERO GONZALEZ que se anota ahora que buscara una diputaci\u00f3n local por el XIII distrito electoral de Tamaulipas sin ninguna posibilidad.<\/div>\n<\/div>\n<div class=\"x14z9mp xat24cr x1lziwak x1vvkbs xtlvy1s x126k92a\">\n<div dir=\"auto\">RECIBE APOYO PATTY CHIO PARA 12 CENTROS DE ASISTENCIA INFANIL COMUNITARIOS<\/div>\n<\/div>\n<div class=\"x14z9mp xat24cr x1lziwak x1vvkbs xtlvy1s x126k92a\">\n<div dir=\"auto\">Recibe PATTY CHIO donativos de 158 pares de calzado para alumnos de los 12 Centros de Asistencia Infantil Comunitarios.<\/div>\n<div dir=\"auto\">Como aliados de la educaci\u00f3n y el bienestar de la ni\u00f1ez mantense, el Gobierno Municipal de El Mante recibi\u00f3 el donativo de calzado infantil que Fundaci\u00f3n Pantaleon entreg\u00f3 al Sistema DIF El Mante.<\/div>\n<div dir=\"auto\">La Presidenta Municipal PATTY CHIO recibi\u00f3 el donativo consistente en 158 pares de calzado para los alumnos de los Centro de Asistencia Infantil Comunitario que reciben su educaci\u00f3n preescolar en el Sistema para el Desarrollo Integral de la Familia.<\/div>\n<\/div>\n<div class=\"x14z9mp xat24cr x1lziwak x1vvkbs xtlvy1s x126k92a\">\n<div dir=\"auto\">\u00abGracias a Fundaci\u00f3n Pantaleon por ser un gran aliado del Gobierno de El Mante y trabajar siempre con el sistema DIF por el bien del municipio. Este calzado escolar beneficia a 128 alumnos de los 12 CAIC y es de mucha ayuda porque es parte de lo que se necesita para apoyar a los padres de familia en este regreso a clases, sabemos de la importancia de poner su \u00abgranito de az\u00facar\u00bb para que todos podamos estar mejor\u00bb dijo la Presidenta Patty Ch\u00edo.<\/div>\n<\/div>\n<div class=\"x14z9mp xat24cr x1lziwak x1vvkbs xtlvy1s x126k92a\">\n<div dir=\"auto\">Los donativo fueron entregados por MARCELA TREVI\u00d1O gerente de Fundaci\u00f3n Pantale\u00f3n, junto a la Presidenta del Patronato del Sistema DIF Mante Perla Cristina Ch\u00edo de la Garza y la directora general ERIKA TORRES VELAZQUEZ.<\/div>\n<\/div>\n<div class=\"x14z9mp xat24cr x1lziwak x1vvkbs xtlvy1s x126k92a\">\n<div dir=\"auto\">CELEBRAN CON EXPOSICION CENTENARIO DEL EDIFICIO DEL SISTEMA DIF TAMPICO<\/div>\n<\/div>\n<div class=\"x14z9mp xat24cr x1lziwak x1vvkbs xtlvy1s x126k92a\">\n<div dir=\"auto\">En el marco del centenario del edificio del Sistema DIF Tampico y con el prop\u00f3sito de fortalecer el orgullo por la cultura mexicana, la Presidenta Municipal, MONICA VILLARREAL ANAYA, acompa\u00f1ada de la Presidenta del organismo, LUZ ADRIANA VILLARREAL, inaugur\u00f3 la exposici\u00f3n \u201cM\u00e9xico, te llevo en el coraz\u00f3n\u201d.<\/div>\n<\/div>\n<div class=\"x14z9mp xat24cr x1lziwak x1vvkbs xtlvy1s x126k92a\">\n<div dir=\"auto\">La muestra conformada por 32 mu\u00f1ecas artesanales, representan a cada estado de la Rep\u00fablica Mexicana, reflejando la diversidad, riqueza cultural y tradiciones que distinguen a nuestro pa\u00eds.<\/div>\n<\/div>\n<div class=\"x14z9mp xat24cr x1lziwak x1vvkbs xtlvy1s x126k92a\">\n<div dir=\"auto\">En el evento se cont\u00f3 con la presencia de la creadora de la interesante colecci\u00f3n, SARA HERNANDEZ MAR, quien es adem\u00e1s, Directora y core\u00f3grafa de la compa\u00f1\u00eda folkl\u00f3rica de la Universidad Aut\u00f3noma de Tamaulipas; y que tras el distanciamiento social generado por la pandemia de COVID en 2020 se dio la tarea de elaborar las obras en compa\u00f1\u00eda de sus alumnos.<\/div>\n<\/div>\n<div class=\"x14z9mp xat24cr x1lziwak x1vvkbs xtlvy1s x126k92a\">\n<div dir=\"auto\">REALIZAN INFORMES ALCALDES DE TAMAULIPAS<\/div>\n<\/div>\n<div class=\"x14z9mp xat24cr x1lziwak x1vvkbs xtlvy1s x126k92a\">\n<div dir=\"auto\">EL PASADO 3 de septiembre, el alcalde de Ciudad Victoria, EDUARDO GATTAS BAEZ, entreg\u00f3 su informe de labores del primer a\u00f1o de gobierno del segundo periodo al secretario del ayuntamiento, HUGO RESENDEZ SILVA en una ceremonia solemne de los integrantes del honorable cabildo en la sala oficial del ayuntamiento.<\/div>\n<\/div>\n<div class=\"x14z9mp xat24cr x1lziwak x1vvkbs xtlvy1s x126k92a\">\n<div dir=\"auto\">Posteriormente a esto, se realizar\u00e1 otro evento al p\u00fablico al fin del mes de septiembre como asi lo acordaron en este cuerpo edilicio.<\/div>\n<\/div>\n<div class=\"x14z9mp xat24cr x1lziwak x1vvkbs xtlvy1s x126k92a\">\n<div dir=\"auto\">SERA ESTE FIN DE SEMANA ESTARA LA PRESIDENTA municipal de San Fernando, Tamaulipas, VERONICA AGUIRRE DE LOS SANTOS, llevando a cabo su informe de labores este domingo 7 de septiembre en punto de las 11 de la ma\u00f1ana y de ah\u00ed saldr\u00e1 volada para recibir a la presidenta de M\u00e9xico CLAUDIA SHEINBAUM PARDO que estar\u00e1 visitando Tamaulipas en gira de trabajo para destacar los avances de trabajo en su gobierno para con el estado de Tamaulipas.<\/div>\n<div dir=\"auto\">UN CLAMOR fuerte sin duda, ha sido que las familias del campo se han visto afectadas con bajos precios de garant\u00eda en sus producciones y Tamaulipas es uno de ellos e incluso en lugar de apoyo sufrieron la represi\u00f3n en algunos casos por manifestarse como lo marca la carta magna de los mexicanos.<\/div>\n<\/div>\n<div class=\"x14z9mp xat24cr x1lziwak x1vvkbs xtlvy1s x126k92a\">\n<div dir=\"auto\">DE LA MISMA MANERA, ALBERTO GRANADOS rendir\u00e1 su informe en el centro de convenciones Mundo Nuevo en punto de las 11 de la ma\u00f1ana donde se espera un lleno total y con la asistencia de liderazgos sociales y pol\u00edticos de la ciudad fronteriza.<\/div>\n<\/div>\n<div class=\"x14z9mp xat24cr x1lziwak x1vvkbs xtlvy1s x126k92a\">\n<div dir=\"auto\">Ah\u00ed dar\u00e1 a conocer los primeros logros de un a\u00f1o de trabajo fuerte y consumado en torno a mejoramiento de la infraestructura, agua drenaje asi como la atenci\u00f3n ciudadana que siempre ha sido un latente problema de las administraciones y que en su administraci\u00f3n ha sabido llegar mediante las audiencias de los martes a los diferentes rincones de la comunidad.<\/div>\n<\/div>\n<div class=\"x14z9mp xat24cr x1lziwak x1vvkbs xtlvy1s x126k92a\">\n<div dir=\"auto\">RECIBE ROMAN BOCK DE MANOS DE LIDER NACIONAL SU ACREDITACION COMO MILITANTE<\/div>\n<\/div>\n<div class=\"x14z9mp xat24cr x1lziwak x1vvkbs xtlvy1s x126k92a\">\n<div dir=\"auto\">Fue en Morelia, Michoac\u00e1n, donde En una ceremonia de entrega de tarjetas de afiliaci\u00f3n a MORENA, dijo ROMAN BOCK \u00abfue una gran distinci\u00f3n recibir mi tarjeta de afiliaci\u00f3n a mi Movimiento de Regeneraci\u00f3n Nacional Morena de manos de nuestra l\u00edder y Presidenta Nacional Lic. Luisa Alcalde y de nuestro amigo Secretario de Mexicanos y Mexicanas en el Exterior Lic. Alejandro Robles\u00bb.<\/div>\n<\/div>\n<div class=\"x14z9mp xat24cr x1lziwak x1vvkbs xtlvy1s x126k92a\">\n<div dir=\"auto\">Al ser entrevistado v\u00eda telef\u00f3nica el l\u00edder social del altiplano tamaulipeco dijo \u00abCon convicci\u00f3n reafirmo mi compromiso de seguir abonando a la construcci\u00f3n del segundo piso de la cuarta transformaci\u00f3n siguiendo as\u00ed el liderazgo de nuestra Presidenta de M\u00e9xico Dra. Claudia Sheinbaum Pardo\u00bb.<\/div>\n<\/div>\n<div class=\"x14z9mp xat24cr x1lziwak x1vvkbs xtlvy1s x126k92a\">\n<div dir=\"auto\">ENVIO MI FELICITACION ESTE pasado 2 de septiembre a JUDITH RESENDEZ DE VIVIAN, SILVIA VIVIAN, LUIS MIGUEL IGLESIAS ELIZONDO, MAYRA MELHEM DE BENET, ERIKA SALAS DE OLAN, JOSE CARDENAS DEL AVELLANO, JOSE GUADALUPE AVENDA\u00d1O RODRIGUEZ, MARGARITA PEREZ BARRON Y ALEX GARCIA.<\/div>\n<div dir=\"auto\">DE LA MISMA MANERA este 3 de septiembre felicito al p\u00e1rroco ALAN CAMARGO por un aniversario sacerdotal mas; ALFREDO TREVI\u00d1O SALINAS; DR. ANTONIO ALFARO.<\/div>\n<\/div>\n<div class=\"x14z9mp xat24cr x1lziwak x1vvkbs xtlvy1s x126k92a\">\n<div dir=\"auto\">Recuerdo en su natalicio a la lideresa del movimiento ciudadano, NEREYDA BALBOA (+); a mi tia paterna LINDA VIVIAN AVILA (+) en su natalicio; Asi como al DR. ROBERTO GARCIA MARTINEZ (+); Felicito a GUILLERMO GUERRERO, JOSE CARDENAS GARCIA Y ANTONIO DE LA ROSA.<\/div>\n<div dir=\"auto\">TAMBIEN ESTE 4 de septiembre felicito en su cumplea\u00f1os al ING. ENRIQUE CARDENAS DEL AVELLANO, ex l\u00edder del congreso del estado, ex diputado federal, ex dirigente estatal del PRI, Ex alcalde de Ciudad Victoria asi como ex secretario de desarrollo rural del estado de Tamaulipas.<\/div>\n<\/div>\n<div class=\"x14z9mp xat24cr x1lziwak x1vvkbs xtlvy1s x126k92a\">\n<div dir=\"auto\">De igual manera este mismo 4 felicito a ROSALINDA FLORES y MIGUEL VAZQUEZ OLAGUE.<\/div>\n<div dir=\"auto\">ASI COMO ESTE 5 de septiembre felicitaciones para ROSA ICELA RODRIGUEZ, RAMIRO RAMOS SALINAS, NANETTE CEDAS DEL ANGEL, OSCAR TREVI\u00d1O, PEDRO ADRIAN OLIVARES Y HUMBERTO HINOJOSA. Y nos veremos.<\/div>\n<\/div>\n<\/div>\n<\/div>\n<\/div>\n<\/div>\n<\/div>\n<\/div>\n","protected":false},"excerpt":{"rendered":"<p>SE\u00d1AL POLITICA POR: ANWAR A. VIVIAN PERALTA NATALY GARCIA APOYA CON PROGRAMA ESPECIAL A ALUMNOS DE PRE ESCOLAR Y PRIMARIA La Alcaldesa NATALY GARCIA DIAZ, presidio la entrega del programa municipal \u201cVales por la Educaci\u00f3n\u201d, en beneficio de 300 estudiantes de preescolar y primaria y sus familias. La Presidenta del municipio m\u00e1s joven de Tamaulipas, [&hellip;]<\/p>\n","protected":false},"author":1,"featured_media":209541,"comment_status":"closed","ping_status":"closed","sticky":false,"template":"","format":"standard","meta":{"footnotes":""},"categories":[16],"tags":[],"class_list":["post-210835","post","type-post","status-publish","format-standard","has-post-thumbnail","hentry","category-opinion"],"_links":{"self":[{"href":"https:\/\/www.elsinodaldetamaulipas.com.mx\/index.php?rest_route=\/wp\/v2\/posts\/210835","targetHints":{"allow":["GET"]}}],"collection":[{"href":"https:\/\/www.elsinodaldetamaulipas.com.mx\/index.php?rest_route=\/wp\/v2\/posts"}],"about":[{"href":"https:\/\/www.elsinodaldetamaulipas.com.mx\/index.php?rest_route=\/wp\/v2\/types\/post"}],"author":[{"embeddable":true,"href":"https:\/\/www.elsinodaldetamaulipas.com.mx\/index.php?rest_route=\/wp\/v2\/users\/1"}],"replies":[{"embeddable":true,"href":"https:\/\/www.elsinodaldetamaulipas.com.mx\/index.php?rest_route=%2Fwp%2Fv2%2Fcomments&post=210835"}],"version-history":[{"count":1,"href":"https:\/\/www.elsinodaldetamaulipas.com.mx\/index.php?rest_route=\/wp\/v2\/posts\/210835\/revisions"}],"predecessor-version":[{"id":210836,"href":"https:\/\/www.elsinodaldetamaulipas.com.mx\/index.php?rest_route=\/wp\/v2\/posts\/210835\/revisions\/210836"}],"wp:featuredmedia":[{"embeddable":true,"href":"https:\/\/www.elsinodaldetamaulipas.com.mx\/index.php?rest_route=\/wp\/v2\/media\/209541"}],"wp:attachment":[{"href":"https:\/\/www.elsinodaldetamaulipas.com.mx\/index.php?rest_route=%2Fwp%2Fv2%2Fmedia&parent=210835"}],"wp:term":[{"taxonomy":"category","embeddable":true,"href":"https:\/\/www.elsinodaldetamaulipas.com.mx\/index.php?rest_route=%2Fwp%2Fv2%2Fcategories&post=210835"},{"taxonomy":"post_tag","embeddable":true,"href":"https:\/\/www.elsinodaldetamaulipas.com.mx\/index.php?rest_route=%2Fwp%2Fv2%2Ftags&post=210835"}],"curies":[{"name":"wp","href":"https:\/\/api.w.org\/{rel}","templated":true}]}}