{"id":210843,"date":"2025-09-07T18:10:02","date_gmt":"2025-09-07T22:10:02","guid":{"rendered":"https:\/\/www.elsinodaldetamaulipas.com.mx\/?p=210843"},"modified":"2025-09-07T18:10:02","modified_gmt":"2025-09-07T22:10:02","slug":"informan-de-avances-en-la-lucha-contra-la-delincuencia","status":"publish","type":"post","link":"https:\/\/www.elsinodaldetamaulipas.com.mx\/?p=210843","title":{"rendered":"INFORMAN DE AVANCES EN LA LUCHA CONTRA LA DELINCUENCIA"},"content":{"rendered":"<p><em>EL SINODAL DE TAMAULIPAS<\/em><\/p>\n<p>Ciudad Victoria, Tamaulipas.- La Fiscal\u00eda General de Justicia del Estado de Tamaulipas (FGJT) informa que se llev\u00f3 a cabo la Tercera Sesi\u00f3n Ordinaria del Consejo de Participaci\u00f3n Ciudadana de la Fiscal\u00eda General de Justicia del Estado, en la cual se abordaron temas relativos a los Indicadores Delictivos 2025 y la Actuaci\u00f3n Policial 2024-2025.<\/p>\n<p>Aunado a la exposici\u00f3n de la tem\u00e1tica establecida en el Orden del D\u00eda, durante la Sesi\u00f3n se otorg\u00f3 un reconocimiento por parte del Fiscal General a la Presidenta del Consejo, Licenciada Yolanda Barrera Gonz\u00e1lez, quien termina su gesti\u00f3n al frente del Consejo.<\/p>\n<p><img loading=\"lazy\" decoding=\"async\" class=\"aligncenter wp-image-210844 size-full\" src=\"https:\/\/www.elsinodaldetamaulipas.com.mx\/wp-content\/uploads\/2025\/09\/INDICADORES-2.jpeg\" alt=\"\" width=\"1600\" height=\"1066\" srcset=\"https:\/\/www.elsinodaldetamaulipas.com.mx\/wp-content\/uploads\/2025\/09\/INDICADORES-2.jpeg 1600w, https:\/\/www.elsinodaldetamaulipas.com.mx\/wp-content\/uploads\/2025\/09\/INDICADORES-2-300x200.jpeg 300w, https:\/\/www.elsinodaldetamaulipas.com.mx\/wp-content\/uploads\/2025\/09\/INDICADORES-2-1024x682.jpeg 1024w, https:\/\/www.elsinodaldetamaulipas.com.mx\/wp-content\/uploads\/2025\/09\/INDICADORES-2-768x512.jpeg 768w, https:\/\/www.elsinodaldetamaulipas.com.mx\/wp-content\/uploads\/2025\/09\/INDICADORES-2-1536x1023.jpeg 1536w\" sizes=\"auto, (max-width: 1600px) 100vw, 1600px\" \/><\/p>\n<p>Es de se\u00f1alar que, en la Sesi\u00f3n se cont\u00f3 con la presencia del Fiscal General de Justicia del Estado de Tamaulipas, Doctor Irving Barrios Mojica, la Presidenta del Consejo Licenciada Yolanda Barrera Gonz\u00e1lez, los Consejeros Maestro Luis R. Apperti Llovet, Doctor Jaime Square Wilburn, Licenciado C\u00e9sar Am\u00edlcar L\u00f3pez Gonz\u00e1lez y el Maestro Jorge Pensado Robles, adem\u00e1s de la Vicefiscal Ministerial, Licenciada Elizabeth Almanza Avalos,<\/p>\n<p>Tambi\u00e9n asistieron el Vicefiscal de Litigaci\u00f3n, Control de Procesos y Constitucionalidad,. Licenciado Natanael Isa\u00ed Castel\u00e1n It\u00farria, Vicefiscal de los Delitos de Alto Impacto y Violaciones a Derechos Humanos, Maestro. Jes\u00fas Miguel Gracia Riestra, el Comisario de An\u00e1lisis e Inteligencia, Licenciado Dami\u00e1n Salazar Alcal\u00e1 y la Secretaria T\u00e9cnica del Consejo, Licenciada Alejandra Flores Chapa.<\/p>\n<p>Con estas acciones, la Fiscal\u00eda General de Justicia del Estado de Tamaulipas refrenda su compromiso de cumplir con la Ley y rendir cuentas sobre sus actividades a la ciudadan\u00eda.<\/p>\n","protected":false},"excerpt":{"rendered":"<p>EL SINODAL DE TAMAULIPAS Ciudad Victoria, Tamaulipas.- La Fiscal\u00eda General de Justicia del Estado de Tamaulipas (FGJT) informa que se llev\u00f3 a cabo la Tercera Sesi\u00f3n Ordinaria del Consejo de Participaci\u00f3n Ciudadana de la Fiscal\u00eda General de Justicia del Estado, en la cual se abordaron temas relativos a los Indicadores Delictivos 2025 y la Actuaci\u00f3n [&hellip;]<\/p>\n","protected":false},"author":1,"featured_media":210845,"comment_status":"closed","ping_status":"closed","sticky":false,"template":"","format":"standard","meta":{"footnotes":""},"categories":[25],"tags":[],"class_list":["post-210843","post","type-post","status-publish","format-standard","has-post-thumbnail","hentry","category-leyyorden"],"_links":{"self":[{"href":"https:\/\/www.elsinodaldetamaulipas.com.mx\/index.php?rest_route=\/wp\/v2\/posts\/210843","targetHints":{"allow":["GET"]}}],"collection":[{"href":"https:\/\/www.elsinodaldetamaulipas.com.mx\/index.php?rest_route=\/wp\/v2\/posts"}],"about":[{"href":"https:\/\/www.elsinodaldetamaulipas.com.mx\/index.php?rest_route=\/wp\/v2\/types\/post"}],"author":[{"embeddable":true,"href":"https:\/\/www.elsinodaldetamaulipas.com.mx\/index.php?rest_route=\/wp\/v2\/users\/1"}],"replies":[{"embeddable":true,"href":"https:\/\/www.elsinodaldetamaulipas.com.mx\/index.php?rest_route=%2Fwp%2Fv2%2Fcomments&post=210843"}],"version-history":[{"count":1,"href":"https:\/\/www.elsinodaldetamaulipas.com.mx\/index.php?rest_route=\/wp\/v2\/posts\/210843\/revisions"}],"predecessor-version":[{"id":210846,"href":"https:\/\/www.elsinodaldetamaulipas.com.mx\/index.php?rest_route=\/wp\/v2\/posts\/210843\/revisions\/210846"}],"wp:featuredmedia":[{"embeddable":true,"href":"https:\/\/www.elsinodaldetamaulipas.com.mx\/index.php?rest_route=\/wp\/v2\/media\/210845"}],"wp:attachment":[{"href":"https:\/\/www.elsinodaldetamaulipas.com.mx\/index.php?rest_route=%2Fwp%2Fv2%2Fmedia&parent=210843"}],"wp:term":[{"taxonomy":"category","embeddable":true,"href":"https:\/\/www.elsinodaldetamaulipas.com.mx\/index.php?rest_route=%2Fwp%2Fv2%2Fcategories&post=210843"},{"taxonomy":"post_tag","embeddable":true,"href":"https:\/\/www.elsinodaldetamaulipas.com.mx\/index.php?rest_route=%2Fwp%2Fv2%2Ftags&post=210843"}],"curies":[{"name":"wp","href":"https:\/\/api.w.org\/{rel}","templated":true}]}}