{"id":210847,"date":"2025-09-07T18:15:26","date_gmt":"2025-09-07T22:15:26","guid":{"rendered":"https:\/\/www.elsinodaldetamaulipas.com.mx\/?p=210847"},"modified":"2025-09-07T18:15:26","modified_gmt":"2025-09-07T22:15:26","slug":"vinculan-a-proceso-a-autor-de-lesiones-calificadas","status":"publish","type":"post","link":"https:\/\/www.elsinodaldetamaulipas.com.mx\/?p=210847","title":{"rendered":"VINCULAN A PROCESO A AUTOR DE LESIONES CALIFICADAS"},"content":{"rendered":"<p><em>EL SINODAL DE TAMAULIPAS<\/em><\/p>\n<p>Ciudad Victoria, Tamaulipas.- La Fiscal\u00eda General de Justicia del Estado de Tamaulipas informa que el Agente del Ministerio P\u00fablico obtuvo auto de vinculaci\u00f3n a proceso en contra de Eduardo \u201cG\u201d, por el delito de Lesiones Calificadas.<\/p>\n<p>Un Juez de Control emiti\u00f3 la resoluci\u00f3n despu\u00e9s de que el Representante Social presentara datos de prueba que acreditaron la probable participaci\u00f3n del imputado en los hechos registrados el 10 de marzo de 2024, en el Ejido L\u00e1zaro C\u00e1rdenas, municipio de Tula, donde la v\u00edctima, result\u00f3 lesionado por arma blanca.<\/p>\n<p>La autoridad judicial, a solicitud del Agente del Ministerio P\u00fablico, impuso la medida cautelar de Prisi\u00f3n Preventiva Justificada. Asimismo, concedi\u00f3 un plazo de cuatro meses para el cierre de la investigaci\u00f3n complementaria.<\/p>\n<p>Con este tipo de acciones, la Fiscal\u00eda General de Justicia del Estado de Tamaulipas refrenda su compromiso de trabajar para no dejar impunes los delitos que atentan contra la vida e integridad de los tamaulipecos.<\/p>\n","protected":false},"excerpt":{"rendered":"<p>EL SINODAL DE TAMAULIPAS Ciudad Victoria, Tamaulipas.- La Fiscal\u00eda General de Justicia del Estado de Tamaulipas informa que el Agente del Ministerio P\u00fablico obtuvo auto de vinculaci\u00f3n a proceso en contra de Eduardo \u201cG\u201d, por el delito de Lesiones Calificadas. Un Juez de Control emiti\u00f3 la resoluci\u00f3n despu\u00e9s de que el Representante Social presentara datos [&hellip;]<\/p>\n","protected":false},"author":1,"featured_media":210848,"comment_status":"closed","ping_status":"closed","sticky":false,"template":"","format":"standard","meta":{"footnotes":""},"categories":[25],"tags":[],"class_list":["post-210847","post","type-post","status-publish","format-standard","has-post-thumbnail","hentry","category-leyyorden"],"_links":{"self":[{"href":"https:\/\/www.elsinodaldetamaulipas.com.mx\/index.php?rest_route=\/wp\/v2\/posts\/210847","targetHints":{"allow":["GET"]}}],"collection":[{"href":"https:\/\/www.elsinodaldetamaulipas.com.mx\/index.php?rest_route=\/wp\/v2\/posts"}],"about":[{"href":"https:\/\/www.elsinodaldetamaulipas.com.mx\/index.php?rest_route=\/wp\/v2\/types\/post"}],"author":[{"embeddable":true,"href":"https:\/\/www.elsinodaldetamaulipas.com.mx\/index.php?rest_route=\/wp\/v2\/users\/1"}],"replies":[{"embeddable":true,"href":"https:\/\/www.elsinodaldetamaulipas.com.mx\/index.php?rest_route=%2Fwp%2Fv2%2Fcomments&post=210847"}],"version-history":[{"count":1,"href":"https:\/\/www.elsinodaldetamaulipas.com.mx\/index.php?rest_route=\/wp\/v2\/posts\/210847\/revisions"}],"predecessor-version":[{"id":210849,"href":"https:\/\/www.elsinodaldetamaulipas.com.mx\/index.php?rest_route=\/wp\/v2\/posts\/210847\/revisions\/210849"}],"wp:featuredmedia":[{"embeddable":true,"href":"https:\/\/www.elsinodaldetamaulipas.com.mx\/index.php?rest_route=\/wp\/v2\/media\/210848"}],"wp:attachment":[{"href":"https:\/\/www.elsinodaldetamaulipas.com.mx\/index.php?rest_route=%2Fwp%2Fv2%2Fmedia&parent=210847"}],"wp:term":[{"taxonomy":"category","embeddable":true,"href":"https:\/\/www.elsinodaldetamaulipas.com.mx\/index.php?rest_route=%2Fwp%2Fv2%2Fcategories&post=210847"},{"taxonomy":"post_tag","embeddable":true,"href":"https:\/\/www.elsinodaldetamaulipas.com.mx\/index.php?rest_route=%2Fwp%2Fv2%2Ftags&post=210847"}],"curies":[{"name":"wp","href":"https:\/\/api.w.org\/{rel}","templated":true}]}}