{"id":210867,"date":"2025-09-07T22:18:37","date_gmt":"2025-09-08T02:18:37","guid":{"rendered":"https:\/\/www.elsinodaldetamaulipas.com.mx\/?p=210867"},"modified":"2025-09-07T22:18:37","modified_gmt":"2025-09-08T02:18:37","slug":"errores-del-pasado-y-el-presente-pasaran-factura-a-maki-ortiz","status":"publish","type":"post","link":"https:\/\/www.elsinodaldetamaulipas.com.mx\/?p=210867","title":{"rendered":"ERRORES DEL PASADO Y EL PRESENTE PASAR\u00c1N FACTURA A MAKI ORTIZ"},"content":{"rendered":"<p>Los \u00faltimos acontecimientos en torno a la sucesi\u00f3n del Poder ejecutivo que tendr\u00e1 lugar en 2028 en Tamaulipas, han sacado a la luz varios temas, el primero de ellos con el \u201cdestape\u201d de la Dra. Maki Ortiz Dom\u00ednguez por el PVEM. Esta iniciativa, algunos la ven desde ahora como la separaci\u00f3n de \u201clos verdes\u201d con Morena.<\/p>\n<p>La cuesti\u00f3n es que la susodicha en 2022, impugn\u00f3 la precandidatura del Dr. Am\u00e9rico Villarreal Anaya ante el Tribunal Electoral del Poder Judicial de la Federaci\u00f3n, al ser designado candidato de Morena tras resultar el mejor posicionado en las encuestas, esa postura tuvo dos vertientes negativas para la doctora.<\/p>\n<p>Por una parte, Maki descalific\u00f3 al hoy gobernador Villarreal Anaya, y por otro lado a Morena. Esa es la factura que hoy paga, porque en otro escenario, hoy ser\u00eda la candidata de la corriente guinda, sin ning\u00fan problema, y adem\u00e1s, una buena carta, hay que reconocerlo.<\/p>\n<p>Las circunstancias actuales son, que el Partido Verde tiene mucho por ganar llevando como candidata a la doctora Ortiz, porque puede mejorar su captaci\u00f3n de votos; en un juego de palabras, podemos decir que hay mucha candidata y poco partido en esta primera visi\u00f3n, porque es posible que otros partidos pueden sumarse a la alianza.<\/p>\n<p>Es obvio que esta iniciativa de Maki, se dio, porque no se ve realizable un acercamiento con el partido en el poder, tampoco con el PAN partido con el que inici\u00f3 su carrera pol\u00edtica.<\/p>\n<p>Al respecto debemos recordar que las alianzas de los partidos, sobre todo en el caso de las candidaturas a gubernaturas son acuerdos de los comit\u00e9s ejecutivos nacionales y no de los estatales, y en el caso del partido gobernante, son el conducto para canalizar el \u201cdedazo\u201d de quien ostenta en ese momento la presidencia de la Rep\u00fablica.<\/p>\n<p>Por otra parte, todas las coaliciones electorales tienen caducidad, y concluyen con la calificaci\u00f3n del proceso, se puede mantener una relaci\u00f3n cordial a distancia o en cercan\u00eda dependiendo de los l\u00edderes de los partidos.<\/p>\n<p>Es el presidente(a) de M\u00e9xico, a quien le corresponde \u201cdedear\u201d a los candidatos a gobernador, diputados federales y senadores. Algunos mandatarios tienen sus propias cartas, algunos del poder central, piden propuestas a los gobernadores o bien a los allegados al c\u00edrculo presidencial, cuando procedan de alguna entidad en particular.<\/p>\n<p>Morena, siendo el partido que gobierna en Tamaulipas, tendr\u00e1 mano en esa propuesta el gobernador Am\u00e9rico Villarreal Anaya.<\/p>\n<p>El coordinador nacional del Partido Verde Ecologista de M\u00e9xico, Arturo Escobar, en su reciente visita a Reynosa, declar\u00f3 que, \u201csi las elecciones fueran ma\u00f1ana, su partido est\u00e1 preparado para competir solo\u201d, y en esa tesitura se dio el destape de Maki.<\/p>\n<p>Esto fue interpretado como un divorcio entre Morena y el Verde.\u00a0<a>La realidad es que todas las coaliciones electorales tienen caducidad, y concluyen con la calificaci\u00f3n del proceso, se puede mantener una relaci\u00f3n cordial a distancia o en cercan\u00eda dependiendo de los l\u00edderes de uno y otro partido.<\/a><\/p>\n<p>La circunstancia es que el Verde tiene definida su candidatura con Maki para la gubernatura de Tamaulipas. Y a partir de aqu\u00ed, aunque no son tiempos de campa\u00f1a, la doctora tendr\u00e1 oportunidad de hacer acercamientos y alianzas personales, con los diferentes liderazgos del estado, sectores empresariales, obreros, organizaciones civiles y todos aquellos que tienen alguna representaci\u00f3n social, para darse a conocer y ventilar su actividad con medios de comunicaci\u00f3n.<\/p>\n<p>Por otra parte, est\u00e1 probado que una candidatura a gobernador se debe empezar a construir desde el primer d\u00eda en que se inicia la gesti\u00f3n del mandatario estatal en turno. Quien est\u00e1 en el poder, debe sacar a correr a sus caballos y yeguas, para confirmar sus capacidades y grado de aceptaci\u00f3n, y de ah\u00ed reorientar a su favorito(a), instalarlo en una posici\u00f3n que le permita proyectarse e ir construyendo la candidatura.<\/p>\n<p><strong>SHEINBAUM RECONOCE TRABAJO DE AM\u00c9RICO EN TAMAULIPAS<\/strong>. \u2013 En su visita a Tamaulipas la presidenta de M\u00e9xico, Claudia Sheinbaum, confirm\u00f3 la continuidad de obras que est\u00e1n en proceso y la aprobaci\u00f3n de otras que ya son conocidas como la segunda l\u00ednea del acueducto Victoria, la construcci\u00f3n de 2 hospitales y la rehabilitaci\u00f3n de otro, los 3 en la zona sur. Lo trascendente, dada la situaci\u00f3n econ\u00f3mica dif\u00edcil que vive el pa\u00eds, es la ratificaci\u00f3n de esas inversiones, que aseguran el avance en lo proyectado y aprobado para el presente a\u00f1o.<\/p>\n<p>Claro que las malas noticias no se dan en esta clase de giras, pero tenemos confianza de que, a 5 meses por concluir el a\u00f1o, las obras federales continuar\u00e1n su marcha, y que en 2026 cuando se esperan recortes en todas las \u00e1reas del servicio p\u00fablico federal, estos no sean de gran impacto para Tamaulipas.<\/p>\n<p>En la parte pol\u00edtica, la presidenta Sheinbaum reconoci\u00f3 el trabajo que viene realizando el gobernador Am\u00e9rico Villarreal Anaya, y en ese marco, reafirm\u00f3 el respaldo de su gobierno para consolidar la transformaci\u00f3n del estado en educaci\u00f3n, infraestructura y bienestar social.<\/p>\n<p>Sheinbaum ratific\u00f3 la construcci\u00f3n del tren de pasajeros Saltillo-Nuevo Laredo, el nuevo puente internacional en Nuevo Laredo, la carretera Ciudad Valles-Tampico y el sistema de transporte p\u00fablico Tampico-Altamira. Asimismo, la segunda l\u00ednea del acueducto Victoria, que vendr\u00e1 a beneficiar a 350 mil habitantes, tambi\u00e9n confirm\u00f3 la tecnificaci\u00f3n de los distritos de riego 025 y 026 para optimizar la producci\u00f3n agr\u00edcola. Todas son obras, bien planeadas, que vienen a satisfacer las demandas de los tamaulipecos.<\/p>\n<p>El sector salud uno de los m\u00e1s beneficiados con la construcci\u00f3n del Hospital General del IMSS-Bienestar en Madero, del ISSSTE en Tampico, la rehabilitaci\u00f3n del Hospital General de Altamira. Estas ob<\/p>\n","protected":false},"excerpt":{"rendered":"<p>Los \u00faltimos acontecimientos en torno a la sucesi\u00f3n del Poder ejecutivo que tendr\u00e1 lugar en 2028 en Tamaulipas, han sacado a la luz varios temas, el primero de ellos con el \u201cdestape\u201d de la Dra. Maki Ortiz Dom\u00ednguez por el PVEM. Esta iniciativa, algunos la ven desde ahora como la separaci\u00f3n de \u201clos verdes\u201d con [&hellip;]<\/p>\n","protected":false},"author":1,"featured_media":209127,"comment_status":"closed","ping_status":"closed","sticky":false,"template":"","format":"standard","meta":{"footnotes":""},"categories":[16],"tags":[],"class_list":["post-210867","post","type-post","status-publish","format-standard","has-post-thumbnail","hentry","category-opinion"],"_links":{"self":[{"href":"https:\/\/www.elsinodaldetamaulipas.com.mx\/index.php?rest_route=\/wp\/v2\/posts\/210867","targetHints":{"allow":["GET"]}}],"collection":[{"href":"https:\/\/www.elsinodaldetamaulipas.com.mx\/index.php?rest_route=\/wp\/v2\/posts"}],"about":[{"href":"https:\/\/www.elsinodaldetamaulipas.com.mx\/index.php?rest_route=\/wp\/v2\/types\/post"}],"author":[{"embeddable":true,"href":"https:\/\/www.elsinodaldetamaulipas.com.mx\/index.php?rest_route=\/wp\/v2\/users\/1"}],"replies":[{"embeddable":true,"href":"https:\/\/www.elsinodaldetamaulipas.com.mx\/index.php?rest_route=%2Fwp%2Fv2%2Fcomments&post=210867"}],"version-history":[{"count":1,"href":"https:\/\/www.elsinodaldetamaulipas.com.mx\/index.php?rest_route=\/wp\/v2\/posts\/210867\/revisions"}],"predecessor-version":[{"id":210868,"href":"https:\/\/www.elsinodaldetamaulipas.com.mx\/index.php?rest_route=\/wp\/v2\/posts\/210867\/revisions\/210868"}],"wp:featuredmedia":[{"embeddable":true,"href":"https:\/\/www.elsinodaldetamaulipas.com.mx\/index.php?rest_route=\/wp\/v2\/media\/209127"}],"wp:attachment":[{"href":"https:\/\/www.elsinodaldetamaulipas.com.mx\/index.php?rest_route=%2Fwp%2Fv2%2Fmedia&parent=210867"}],"wp:term":[{"taxonomy":"category","embeddable":true,"href":"https:\/\/www.elsinodaldetamaulipas.com.mx\/index.php?rest_route=%2Fwp%2Fv2%2Fcategories&post=210867"},{"taxonomy":"post_tag","embeddable":true,"href":"https:\/\/www.elsinodaldetamaulipas.com.mx\/index.php?rest_route=%2Fwp%2Fv2%2Ftags&post=210867"}],"curies":[{"name":"wp","href":"https:\/\/api.w.org\/{rel}","templated":true}]}}