{"id":210869,"date":"2025-09-07T22:22:27","date_gmt":"2025-09-08T02:22:27","guid":{"rendered":"https:\/\/www.elsinodaldetamaulipas.com.mx\/?p=210869"},"modified":"2025-09-07T22:22:27","modified_gmt":"2025-09-08T02:22:27","slug":"super-sheinbaum-arropa-americo","status":"publish","type":"post","link":"https:\/\/www.elsinodaldetamaulipas.com.mx\/?p=210869","title":{"rendered":"S\u00daPER-SHEINBAUM ARROPA AM\u00c9RICO"},"content":{"rendered":"<div class=\"post-content\">\nComo analistas pol\u00edticos, estamos asistiendo al inicio de un sexenio presidencial, que justamente\u00a0 con la presente gira de la doctora Claudia Sheinbaum por todo el pa\u00eds, \u00a0est\u00e1 remarcando en primer lugar quien es la que ejerce el poder a plenitud en M\u00e9xico.<\/p>\n<p>La pol\u00edtica que se vive ahora y que rompe con el formato de gobiernos \u00a0anteriores, incluyendo el sexenio de AMLO, es indudablemente un sello propio. \u00a0Este deslinde de formas, implica tambi\u00e9n, una visi\u00f3n \u00fanica, como una especie de huella digital, en el estilo de gobernar.<\/p>\n<p>\u2014\u2013No nos impuso nadie, nos puso el pueblo, y a el nos debemos, nos debemos al pueblo de M\u00e9xico, dijo Sheinbaum Pardo, en lo que parece ser, m\u00e1s que una confesi\u00f3n, una advertencia hacia el interior de su partido, hacia la debilucha oposici\u00f3n. Y hacia el \u00a0mundo.<\/p>\n<p>Para quienes se preguntaban cuando \u00edbamos a ver a la actual Presidenta de la rep\u00fablica, manejar las riendas pol\u00edticas del pa\u00eds, y manifestarse en su liderazgo social, hoy \u00a0ha llegado ese momento. Claudia gobernar\u00e1 con mucho m\u00e1s poder que su antecesor, pues ha logrado la democratizaci\u00f3n del Poder Judicial. Los tres poderes de la rep\u00fablica, son 4T.<\/p>\n<p>Esta mujer de apariencia delgada, pero con una personalidad fuerte, y una convicci\u00f3n como pocas, inici\u00f3 su mensaje al pueblo tamaulipeco, reconociendo \u201cel trabajo incansable del gobernador Am\u00e9rico Villarreal\u201d.<\/p>\n<p>\u2014Muchas gracias Am\u00e9rico por tu entrega, tu consistencia, tu convicci\u00f3n y tu amor por el pueblo de Tamaulipas.<\/p>\n<p>Inicia as\u00ed la segunda etapa de una corriente pol\u00edtica que a estas alturas ya ha sepultado a la corriente \u00a0neoliberal y sus salinatos. Se\u00f1ales contundentes de esta nueva realidad social y sist\u00e9mica son el digno salario m\u00ednimo, los programas \u00a0de bienestar social y el haber sacado de la pobreza extrema a 13.5 millones de personas.<\/p>\n<p>\u2014 En el pasado neoliberal, llegamos a ser el pa\u00eds m\u00e1s desigual del mundo.\u00a0 Hoy somos la naci\u00f3n con menos desigualdad en el continente, solo por debajo de Canad\u00e1, dijo Claudia. Hemos avanzado, porque, cuando se apoya quienes menos tienen, a todos nos va bien.<\/p>\n<p>\u00bfEl bagaje ideol\u00f3gico, sobre el que descansa este rumbo y orientaci\u00f3n del Estado mexicano?<\/p>\n<p>\u201cNo puede haber gobierno rico, con pueblo pobre; los gobernantes no deben de andar en la opulencia; con el pueblo todo, sin el pueblo nada; y el \u00a0nuevo Poder Judicial, debe de responderle al pueblo de M\u00e9xico\u201d.<\/p>\n<p>Claudia enumer\u00f3 \u00a0de manera detallada, los beneficios que actualmente recibe el pueblo de Tamaulipas: una poderosa bater\u00eda asistencialista que, en los hechos convierten a MORENA, en un partido invencible. Y eso seguramente se reflejar\u00e1 en 2027 y 2028, en nuestro estado.<\/p>\n<p>Pensi\u00f3n de 6 mil 299 pesos bimestrales, \u00a0402 mil 52 adultos mayores reciben actualmente la pensi\u00f3n; 28 mil 187 discapacitados son beneficiados con apoyos econ\u00f3micos, una parte gobierno federal y la otra parte gobierno del estatal; \u00a0 4 mil 869 becas para los j\u00f3venes universitarios reciben la beca, \u00a0\u201cJ\u00f3venes \u00a0escribiendo el futuro\u201d; \u00a0103 mil 478 adolescentes j\u00f3venes que van a preparatoria, reciben su beca para estudiantes de bachillerato; 36mil 547 becas de primaria; 11 mil 900 pescadores reciben el apoyo de BIENPESCA; 27 mil 552 peque\u00f1os productores\u00a0 reciben el apoyo de Producci\u00f3n para el bienestar;\u00a0 24 mil 328 fertilizantes gratuitos; escuelas primarias y secundarias, mil 120 reciben este a\u00f1o, el apoyo\u00a0 del programa La Escuela es Nuestra, para que padres \u00a0y madres de familia, ayuden con el mantenimiento. En Media superior, por primera \u00a0vez se otorg\u00f3 el programa a 81 preparatorias. Leche para el bienestar, \u00a0110 mil 237 beneficiarios.<\/p>\n<p>\u2013Este a\u00f1o, dijo, iniciamos tres nuevos programas: el primero, es el apoyo a todas las mujeres de 60 a 64 a\u00f1os de edad;\u00a0 en octubre empezamos a distribuir las tarjetas de bienestar y antes de que acabe el a\u00f1o 92 mil 323 mujeres estar\u00e1n recibiendo el apoyo, \u00a0Pensi\u00f3n Mujeres Bienestar en Tamaulipas.<\/p>\n<p>\u2014Desde los 60 a\u00f1os de edad, pensi\u00f3n mujeres bienestar, y al llegar a los 65, pase autom\u00e1tico, para la pensi\u00f3n adulto mayor. Todo esto es para las mujeres. Llegamos todas las mujeres mexicanas a la Presidencia de la rep\u00fablica.<\/p>\n<p>\u2014Las mujeres podemos ser, lo que queramos ser; podemos ser doctoras, maestras; podemos ser, enfermeras, bomberas, polic\u00edas, soldadas, presidentas municipales, gobernadoras y presidentas de la rep\u00fablica.<\/p>\n<p>Otro de los programas es a favor de las ni\u00f1as, ni\u00f1os y adolescentes. \u00a0Aqu\u00ed\u00a0 en Tamaulipas son 127 mil 702 alumnas y alumnos de secundaria, reciben su beca Rita Cetina.\u00a0 Y todas y todos los adultos mayores con discapacidad, se ven beneficiados con el programa Salud Casa por Casa.<\/p>\n<p>\u2013_Saben cuantos beneficiarias y beneficiarios de programas de bienestar hay en Tamaulipas?, pregunt\u00f3 Sheinbaum\u00a0 ante aproximadamente 10 mil asistentes a la magna concentraci\u00f3n.<\/p>\n<p>\u2014 Al cerrar este 2025,dijo, van a ser un mill\u00f3n, 161 mil 351 personas.\u00a0 La inversi\u00f3n este a\u00f1o de programas de bienestar, es decir apoyos directos del gobierno federal\u00a0 para las y los tamaulipecos y sus familias, sin intermediarios, sin preguntar\u00a0 a que partido pertenecen. Sin condicionarles el apoyo, son 22 mil 771 millones de pesos, directamente para el estado de Tamaulipas.<\/p>\n<p>\u2014Que m\u00e1s estamos haciendo en Tamaulipas?<\/p>\n<p>\u201cNo se si est\u00e9n enterados, pero esta semana vamos a dar el banderazo \u00a0de salida, del tren Saltillo-Nuevo Laredo. Ese tren va a venir desde la ciudad de M\u00e9xico. Estamos recuperando los trenes de pasajeros. \u00a0Recuperamos los trenes que el pasado neoliberal privatiz\u00f3.<\/p>\n<p>Se va a construir otro puente internacional en Nuevo Laredo.\u00a0 Y este mes inauguramos lo que pr\u00e1cticamente es una nueva ciudad en Nuevo Laredo, que es la Agencia Nacional de Aduanas, que ya\u00a0 est\u00e1 lista y ya la vamos a inaugurar.<\/p>\n<p>En el sur vamos a hacer la carretera \u00a0Ciudad Valles- Tampico,\u00a0 esa es una de las carreteras que vamos a mejorar.<\/p>\n<p>\u2014Nos comprometimos con el gobernador, y ya se est\u00e1n haciendo los estudios de un sistema de trasporte p\u00fablico, de Tampico a Altamira.\u00a0 Acabamos de pararnos en donde estar\u00e1 el acueducto II, vamos a traer agua \u00a0a ciudad Victoria, para beneficio de 350 mil habitantes. Me contaba Am\u00e9rico, que su padre que fue uno de los mejores gobernadores de Tamaulipas, hizo el, primer acueducto. Aunque Am\u00e9rico ya le est\u00e1 ganando a su propio padre, como el mejor gobernador de Tamaulipas. Desde que estaba en campa\u00f1a me dijo: tienes que ayudarnos a hacer el segundo acueducto. \u00a0Y estamos cumpliendo, ya se licit\u00f3, ya se est\u00e1 construyendo el acueducto Guadalupe Victoria. Y adem\u00e1s estamos tecnificando dos distritos de riego, el 025 y el 026.<\/p>\n<p>En total ser\u00e1 una inversi\u00f3n en agua, de m\u00e1s de nueve mil millones de pesos, durante este sexenio, en favor de Tamaulipas. Este a\u00f1o concluiremos el hospital general de ciudad \u00a0Madero, IMSS Bienestar;\u00a0 la sustituci\u00f3n del hospital general Tampico del ISSSTE, la rehabilitaci\u00f3n del hospital general de Altamira del IMSS, la ampliaci\u00f3n y remodelaci\u00f3n de la unidad de medicina familiar n\u00famero 17 y la construcci\u00f3n de 36 centros de educaci\u00f3n y cuidado infantil . Ya no ser\u00e1n guarder\u00edas, ahora \u00a0las concebimos como unidades de cuidado y educaci\u00f3n infantil.<\/p>\n<p>Adem\u00e1s vamos a construir 22 mil viviendas para familias que ganan menos de dos salarios m\u00ednimos, 55 mil viviendas del Infonavit.\u00a0 Sheinbaum \u00a0habl\u00f3 tambi\u00e9n del puerto de Matamoros, y de algunas otras obras m\u00e1s que beneficiar\u00e1n a nuestro estado.<\/p>\n<p>En su momento, el gobernador AVA le expres\u00f3 a la Presidenta lo siguiente:<\/p>\n<p>\u2014\u2014-Su presencia nos da esperanza. Gracias por cada programa y por cada obra en Tamaulipas. Viene usted de un movimiento social de ra\u00edces profundas\u00a0 y da continuidad a la esperanza , con los principios\u00a0 del humanismo. Hemos visto reunidos a los tres poderes de la uni\u00f3n por primera vez. En educaci\u00f3n hoy tenemos mejores espacios y entornos, en salud, mayor infraestructura y mejores condiciones para las y los trabajadores de \u00a0la salud. En el tema de los j\u00f3venes, somos tierra de campeones. Hemos reducido la pobreza extrema. El pueblo de Tamaulipas quiso venir a su encuentro. Sus grandes obras hoy transforman nuestro estado.\u00a0 Que viva la Presidenta de M\u00e9xico, que viva Claudia Sheinbaum \u00a0Pardo. Que viva Tamaulipas, que viva M\u00e9xico.<\/p>\n<p>POSDATA:\u00a0 \u00a0No tocaron directamente el tema\u00a0 Verde y la opci\u00f3n de irse por la libre. Pero les\u00a0 bast\u00f3 con enumerar toda la enorme maquinaria de programas y beneficios sociales, para darnos cuenta que, los esmeraldas se est\u00e1n poniendo con Sans\u00f3n a las patadas.<\/p>\n<\/div>\n","protected":false},"excerpt":{"rendered":"<p>Como analistas pol\u00edticos, estamos asistiendo al inicio de un sexenio presidencial, que justamente\u00a0 con la presente gira de la doctora Claudia Sheinbaum por todo el pa\u00eds, \u00a0est\u00e1 remarcando en primer lugar quien es la que ejerce el poder a plenitud en M\u00e9xico. La pol\u00edtica que se vive ahora y que rompe con el formato de [&hellip;]<\/p>\n","protected":false},"author":1,"featured_media":207767,"comment_status":"closed","ping_status":"closed","sticky":false,"template":"","format":"standard","meta":{"footnotes":""},"categories":[16],"tags":[],"class_list":["post-210869","post","type-post","status-publish","format-standard","has-post-thumbnail","hentry","category-opinion"],"_links":{"self":[{"href":"https:\/\/www.elsinodaldetamaulipas.com.mx\/index.php?rest_route=\/wp\/v2\/posts\/210869","targetHints":{"allow":["GET"]}}],"collection":[{"href":"https:\/\/www.elsinodaldetamaulipas.com.mx\/index.php?rest_route=\/wp\/v2\/posts"}],"about":[{"href":"https:\/\/www.elsinodaldetamaulipas.com.mx\/index.php?rest_route=\/wp\/v2\/types\/post"}],"author":[{"embeddable":true,"href":"https:\/\/www.elsinodaldetamaulipas.com.mx\/index.php?rest_route=\/wp\/v2\/users\/1"}],"replies":[{"embeddable":true,"href":"https:\/\/www.elsinodaldetamaulipas.com.mx\/index.php?rest_route=%2Fwp%2Fv2%2Fcomments&post=210869"}],"version-history":[{"count":1,"href":"https:\/\/www.elsinodaldetamaulipas.com.mx\/index.php?rest_route=\/wp\/v2\/posts\/210869\/revisions"}],"predecessor-version":[{"id":210870,"href":"https:\/\/www.elsinodaldetamaulipas.com.mx\/index.php?rest_route=\/wp\/v2\/posts\/210869\/revisions\/210870"}],"wp:featuredmedia":[{"embeddable":true,"href":"https:\/\/www.elsinodaldetamaulipas.com.mx\/index.php?rest_route=\/wp\/v2\/media\/207767"}],"wp:attachment":[{"href":"https:\/\/www.elsinodaldetamaulipas.com.mx\/index.php?rest_route=%2Fwp%2Fv2%2Fmedia&parent=210869"}],"wp:term":[{"taxonomy":"category","embeddable":true,"href":"https:\/\/www.elsinodaldetamaulipas.com.mx\/index.php?rest_route=%2Fwp%2Fv2%2Fcategories&post=210869"},{"taxonomy":"post_tag","embeddable":true,"href":"https:\/\/www.elsinodaldetamaulipas.com.mx\/index.php?rest_route=%2Fwp%2Fv2%2Ftags&post=210869"}],"curies":[{"name":"wp","href":"https:\/\/api.w.org\/{rel}","templated":true}]}}