{"id":210871,"date":"2025-09-07T22:27:15","date_gmt":"2025-09-08T02:27:15","guid":{"rendered":"https:\/\/www.elsinodaldetamaulipas.com.mx\/?p=210871"},"modified":"2025-09-07T22:27:15","modified_gmt":"2025-09-08T02:27:15","slug":"desde-tres-horas-antes-aguardaban-a-la-presidenta","status":"publish","type":"post","link":"https:\/\/www.elsinodaldetamaulipas.com.mx\/?p=210871","title":{"rendered":"DESDE TRES HORAS ANTES AGUARDABAN A LA PRESIDENTA"},"content":{"rendered":"<p><strong>EXPEDIENTE<\/strong><\/p>\n<p><strong>AZAHEL JARAMILLO<\/strong><\/p>\n<p><strong>\u00a0 \u00a0 \u00a0 \u00a0 \u00a0 \u00a0 \u00a0 \u00a0 \u00a0 \u00a0 Domingo 7. Justo a las 11 de la ma\u00f1ana, cuando a\u00fan\u00a0 faltaban tres horas para la anunciada llegada a las 2 dela tarde de la Presidenta Claudia Sheinbaum Pardo al Poliforum \u00abDr. Rodolfo Torre\u00bb, llegu\u00e9 en mi carro al estacionamiento de la unidad gubernamental.<\/strong><\/p>\n<p><strong>\u00a0 \u00a0 \u00a0 \u00a0 \u00a0 \u00a0 \u00a0 \u00a0 \u00a0 Aquello era una romer\u00eda de gente.\u00a0 Ya muchos, \u00bfunos 250? sonrientes y ordenados ya hacen fila, \u00abcola\u00bb,\u00a0 para ingresar del referido Poliforum. Otros 300 est\u00e1n ya en el lugar pero no est\u00e1n haciendo fila. Un buen de ellos \u2013mujeres y hombres\u2013 visten ropa color magenta, color guindo, con el que todos identificamos al partido Movimiento de Regeneraci\u00f3n Nacional (MORENA). Destaca una jovencita que lleva una foto a colores \u2013de unos 40 cent\u00edmenteros por 90 cent\u00edmetros\u2013 de la Dra. Claudia Sheinbaum, luciendo la banda presidencial.<\/strong><\/p>\n<p><strong>Pegados al estacionamiento, justo frente a la entrada del Poliforum, hay nueve puestos que venden aguas frascas, frutas rebanadas. Destacan dos letreros escritos a mano. Uno dice \u00abTortas $25\u00bb, y un segundo letrero dice \u00abSe vende Zacahuil\u00bb.\u00a0<\/strong><\/p>\n<p><strong>En la izquierda frontal del Poliforum cuatro veintea\u00f1eros atisban y charlan entre ellos, luciendo el uniforme de la Guardia Nacional.\u00a0<\/strong><\/p>\n<p><strong>\u00a0Ah\u00ed, junto a los puestos\u00a0 de tortas, bolsas de papitas y vasos de aguas frescas, dos personas, con su mercanc\u00eda en el piso, en el suelo, ofertan sus art\u00edculos del partido en el poder, MORENA. Son gorras, camisetas, chalecos color guinda. Es obvio que a estos oferentes, \u00bfo empleados de MORENA? no les alcanz\u00f3 para unas mesas donde ofertar estos productos que identifican al ahora partido en el poder. Claramente MORENA es gobierno en M\u00e9xico, en Tamaulipas y en Ciudad Victoria. \u00bfQu\u00e9 no?<\/strong><\/p>\n<p><strong>Sigue llegando gente a la parte frontal del Poliforum. Un buen porta ropa color magenta y otro m\u00e1 alto n\u00famero viste ropa color blanca.\u00a0<\/strong><\/p>\n<p><strong>Justo en el lugar, esta ma\u00f1ana de d\u00eda domingo, de d\u00eda de descanso laboral, vemos camnar a un veintia\u00f1ero que luce una camisa bordadas las letras \u00abSecretaria de Finazas\u00bb y bordado el escudo de Tamaulipas.\u00a0<\/strong><\/p>\n<p><strong>Minutos antes, al llegar a las inmediaciones de esta Unidad Gubernamental, bajo el sem\u00e1foro reci\u00e9n reparado del Bulevar \u00abPraxedis Balboa\u00bb esta debidamente estacionada la patrulla 76 de Transito Cd. Victoria, con el parabrisas no estrellado\u2026 lo que sigue. En contraste bajo el monumento al \u00ab\u00c1guila\u00bb del Bicentenario y en la llamada \u00ab\u00e1rea verde\u00bb se encuentra estacionada una lujosa camionetona de \u00abTransito Estatal\u00bb.\u00a0<\/strong><\/p>\n<p><strong>Justo enfrente de la entrada al Recinto Ferial hay un bachezote de cuidado. En la banqueta del Recinto un grupo de unas 25 personas permanece en el sitio. Faltan tres horas de la llegada de la primera mujer presidenta de M\u00e9xico, Dra. Sheinbaum, al Poliforum.\u00a0<\/strong><\/p>\n<p><strong>Luego, ya en su Informe de trabajo, la Presidenta Sheinbaum, al hablar del segundo acueducto dijo: \u00abMe contaba Am\u00e9rico que su padre, que ha sido uno de los mejores gobernadores de Tamaulipas, hizo el primer Acueducto. Pero Am\u00e9rico ya le est\u00e1 ganando, la verdad, a su propio padre como el mejor gobernador de Tamaulipas\u00bb\u00a0 \u00a0 \u00a0<\/strong><\/p>\n<p><strong>FORTALECE LA UAT DESARROLLO ENERGETICO\u00a0<\/strong><\/p>\n<p><strong>Pues ah\u00ed tienen que en el marco del Encuentro Nacional Biocombustibles y sus mezclas 2025, que se realiz\u00f3 en el Campus Tampico de la Universidad Aut\u00f3noma de Tamaulipas, el rector D\u00e1maso Leonardo Anaya Alvarado firm\u00f3 un convenio con la directora general del Instituto Mexicano del Petr\u00f3leo, Elizabeth Mar Ju\u00e1rez, lo que va a permitir a estudiantes y maestros colaborar en proyectos de innovaci\u00f3n en materia energ\u00e9tica.<\/strong><\/p>\n<p><strong>\u00a0 \u00a0 En su intervenci\u00f3n al micr\u00f3fono el rector D\u00e1maso Anaya expres\u00f3 que la firma de estos acuerdos tiene como meta principalmente, buscar mejores oportunidades para los estudiantes, dot\u00e1ndolos de experiencias que puedan\u00a0 contribuir con su desarrollo profesional.<\/strong><\/p>\n<p><strong>\u00a0El rector D\u00e1maso Anaya dijo que la Universidad trabaja desde la academia, la ciencia y la tecnolog\u00eda para ser un referente en el crecimiento social y econ\u00f3mico de las diferentes regiones del estado de Tamaulipas.\u00a0 \u00a0 \u00a0 \u00a0 \u00a0 \u00a0 \u00a0<\/strong><\/p>\n<p><strong>\u00a0NOS VEMOS.\u00a0 \u00a0 \u00a0 \u00a0 \u00a0 \u00a0 \u00a0 \u00a0 \u00a0 \u00a0 \u00a0 \u00a0 \u00a0 \u00a0\u00a0<\/strong><\/p>\n<p><a href=\"mailto:azahel_jaramillo@hotmail.com\" target=\"_blank\" rel=\"noreferrer noopener\">azahel_jaramillo@hotmail.com<\/a><\/p>\n","protected":false},"excerpt":{"rendered":"<p>EXPEDIENTE AZAHEL JARAMILLO \u00a0 \u00a0 \u00a0 \u00a0 \u00a0 \u00a0 \u00a0 \u00a0 \u00a0 \u00a0 Domingo 7. Justo a las 11 de la ma\u00f1ana, cuando a\u00fan\u00a0 faltaban tres horas para la anunciada llegada a las 2 dela tarde de la Presidenta Claudia Sheinbaum Pardo al Poliforum \u00abDr. Rodolfo Torre\u00bb, llegu\u00e9 en mi carro al estacionamiento de la [&hellip;]<\/p>\n","protected":false},"author":1,"featured_media":208823,"comment_status":"closed","ping_status":"closed","sticky":false,"template":"","format":"standard","meta":{"footnotes":""},"categories":[16],"tags":[],"class_list":["post-210871","post","type-post","status-publish","format-standard","has-post-thumbnail","hentry","category-opinion"],"_links":{"self":[{"href":"https:\/\/www.elsinodaldetamaulipas.com.mx\/index.php?rest_route=\/wp\/v2\/posts\/210871","targetHints":{"allow":["GET"]}}],"collection":[{"href":"https:\/\/www.elsinodaldetamaulipas.com.mx\/index.php?rest_route=\/wp\/v2\/posts"}],"about":[{"href":"https:\/\/www.elsinodaldetamaulipas.com.mx\/index.php?rest_route=\/wp\/v2\/types\/post"}],"author":[{"embeddable":true,"href":"https:\/\/www.elsinodaldetamaulipas.com.mx\/index.php?rest_route=\/wp\/v2\/users\/1"}],"replies":[{"embeddable":true,"href":"https:\/\/www.elsinodaldetamaulipas.com.mx\/index.php?rest_route=%2Fwp%2Fv2%2Fcomments&post=210871"}],"version-history":[{"count":1,"href":"https:\/\/www.elsinodaldetamaulipas.com.mx\/index.php?rest_route=\/wp\/v2\/posts\/210871\/revisions"}],"predecessor-version":[{"id":210872,"href":"https:\/\/www.elsinodaldetamaulipas.com.mx\/index.php?rest_route=\/wp\/v2\/posts\/210871\/revisions\/210872"}],"wp:featuredmedia":[{"embeddable":true,"href":"https:\/\/www.elsinodaldetamaulipas.com.mx\/index.php?rest_route=\/wp\/v2\/media\/208823"}],"wp:attachment":[{"href":"https:\/\/www.elsinodaldetamaulipas.com.mx\/index.php?rest_route=%2Fwp%2Fv2%2Fmedia&parent=210871"}],"wp:term":[{"taxonomy":"category","embeddable":true,"href":"https:\/\/www.elsinodaldetamaulipas.com.mx\/index.php?rest_route=%2Fwp%2Fv2%2Fcategories&post=210871"},{"taxonomy":"post_tag","embeddable":true,"href":"https:\/\/www.elsinodaldetamaulipas.com.mx\/index.php?rest_route=%2Fwp%2Fv2%2Ftags&post=210871"}],"curies":[{"name":"wp","href":"https:\/\/api.w.org\/{rel}","templated":true}]}}