{"id":210873,"date":"2025-09-07T22:30:53","date_gmt":"2025-09-08T02:30:53","guid":{"rendered":"https:\/\/www.elsinodaldetamaulipas.com.mx\/?p=210873"},"modified":"2025-09-07T22:30:53","modified_gmt":"2025-09-08T02:30:53","slug":"el-rey-del-photoshop","status":"publish","type":"post","link":"https:\/\/www.elsinodaldetamaulipas.com.mx\/?p=210873","title":{"rendered":"EL REY DEL PHOTOSHOP"},"content":{"rendered":"<header class=\"clearfix active\">\n<nav class=\"navbar navbar-default navbar-static-top\" role=\"navigation\">\n<div class=\"nav-list-container\">\n<div class=\"container\">\n<div class=\"row\">\n<div class=\"col-sm-10\">\n<div id=\"bs-example-navbar-collapse-1\" class=\"collapse navbar-collapse\"><\/div>\n<\/div>\n<\/div>\n<\/div>\n<\/div>\n<\/nav>\n<\/header>\n<section class=\"block-wrapper\">\n<div class=\"container\">\n<div class=\"row\">\n<div class=\"col-sm-8 sticky\">\n<div class=\"theiaStickySidebar\">\n<div id=\"single\" class=\"block-content\">\n<article class=\"single-post-box\">\n<div class=\"title-post\">\n<div class=\"post-views content-post post-228450 entry-meta load-static\">En su mensaje desde el Polyforum de Ciudad Victoria, la presidenta Claudia Sheinbaum hizo un reconocimiento al gobernador Am\u00e9rico Villarreal quien-dijo- se perfila a ser el mejor gobernador de Tamaulipas, superando incluso a su padre.<\/div>\n<\/div>\n<div class=\"post-content\">\n<p>La doctora estuvo este domingo en la capital del Estado como parte de su gira nacional de rendici\u00f3n de cuentas, en un ejercicio denominado \u201cla Cuarta Transformaci\u00f3n Avanza\u201d.<\/p>\n<p>Sheinbaum detall\u00f3 una por una las obras para Tamaulipas confirmando que esta semana pondr\u00e1 en marcha el tren de pasajeros Saltillo a Nuevo Laredo.<\/p>\n<p>Anunci\u00f3 la construcci\u00f3n de otro puente internacional para Nuevo Laredo y la inauguraci\u00f3n, este mes, de la Agencia Nacional de Aduanas en ese municipio.<\/p>\n<p>Se construir\u00e1 una carretera para conectar al Puerto de Tampico con Ciudad Valles, San Luis Potos\u00ed y se mantiene en estudio la activaci\u00f3n de un sistema de transporte p\u00fablico de Tampico a Altamira.<\/p>\n<p>Una de las obras federales m\u00e1s importantes para Tamaulipas y que ya est\u00e1 en marcha es el acueducto \u201cGuadalupe Victoria\u201d que garantizar\u00e1 agua a 350 mil habitantes de la capital.<\/p>\n<p>A la par se trabaja en la tecnificacion de los Sistema de Riego, una acci\u00f3n que permita aumentar la productividad del campo y ahorrar agua.<\/p>\n<p>La inversi\u00f3n en obras hidr\u00e1ulicas en Tamaulipas, dijo la presidenta, es por nueve mil millones de pesos.<\/p>\n<p>En Salud, est\u00e1 la conclusi\u00f3n del hospital de Ciudad Madero, el hospital del ISSSTE en Tampico, una Unidad de Medica Familiar en Altamira y la construcci\u00f3n de 33 Centros de Educaci\u00f3n y Cuidados Infantiles para brindar el servicio de guarder\u00edas a madres trabajadoras.<\/p>\n<p>La clase pol\u00edtica de Tamaulipas asisti\u00f3 al Polyforum. Secretarios del Gabinete, senadores, alcaldes, diputados locales y federales escucharon la exposici\u00f3n de la presidenta.<\/p>\n<p>De Matamoros, estuvo presente el alcalde Beto Granados que este s\u00e1bado tambi\u00e9n rindi\u00f3 cuentas a los matamorense.<\/p>\n<p>En entrevista con algunos medios, -a su salida del evento-, el alcalde confirm\u00f3 que despu\u00e9s de siete a\u00f1os una nueva maquiladora llega a Matamoros para generar 3 mil 500 nuevos empleos.<\/p>\n<p>Recordemos que en la gesti\u00f3n de Mario L\u00f3pez no hubo promoci\u00f3n, es m\u00e1s, ni siquiera hab\u00eda relaci\u00f3n con los grupos empresariales. La puerta siempre estuvo cerrada.<\/p>\n<p>Pero, ahora fue a \u00e9l a quien le cerraron la puerta del Polyforum. La Borrega no fue requerido y como no estaba en la lista de invitados especiales tuvo que retirarse del lugar.<\/p>\n<p>En un intento por desacreditar la versi\u00f3n de los periodistas, el diputado federal public\u00f3 una imagen extra\u00f1a en la que se aprecia al interior del recinto y a sus espaldas una gran asistencia.<\/p>\n<p>La Borrega quiso sorprender pero, el Photoshop era evidente.<\/p>\n<p>maribelvillarreal@hotmail.es<\/p>\n<\/div>\n<\/article>\n<\/div>\n<\/div>\n<\/div>\n<\/div>\n<\/div>\n<\/section>\n","protected":false},"excerpt":{"rendered":"<p>En su mensaje desde el Polyforum de Ciudad Victoria, la presidenta Claudia Sheinbaum hizo un reconocimiento al gobernador Am\u00e9rico Villarreal quien-dijo- se perfila a ser el mejor gobernador de Tamaulipas, superando incluso a su padre. La doctora estuvo este domingo en la capital del Estado como parte de su gira nacional de rendici\u00f3n de cuentas, [&hellip;]<\/p>\n","protected":false},"author":1,"featured_media":209235,"comment_status":"closed","ping_status":"closed","sticky":false,"template":"","format":"standard","meta":{"footnotes":""},"categories":[16],"tags":[],"class_list":["post-210873","post","type-post","status-publish","format-standard","has-post-thumbnail","hentry","category-opinion"],"_links":{"self":[{"href":"https:\/\/www.elsinodaldetamaulipas.com.mx\/index.php?rest_route=\/wp\/v2\/posts\/210873","targetHints":{"allow":["GET"]}}],"collection":[{"href":"https:\/\/www.elsinodaldetamaulipas.com.mx\/index.php?rest_route=\/wp\/v2\/posts"}],"about":[{"href":"https:\/\/www.elsinodaldetamaulipas.com.mx\/index.php?rest_route=\/wp\/v2\/types\/post"}],"author":[{"embeddable":true,"href":"https:\/\/www.elsinodaldetamaulipas.com.mx\/index.php?rest_route=\/wp\/v2\/users\/1"}],"replies":[{"embeddable":true,"href":"https:\/\/www.elsinodaldetamaulipas.com.mx\/index.php?rest_route=%2Fwp%2Fv2%2Fcomments&post=210873"}],"version-history":[{"count":1,"href":"https:\/\/www.elsinodaldetamaulipas.com.mx\/index.php?rest_route=\/wp\/v2\/posts\/210873\/revisions"}],"predecessor-version":[{"id":210874,"href":"https:\/\/www.elsinodaldetamaulipas.com.mx\/index.php?rest_route=\/wp\/v2\/posts\/210873\/revisions\/210874"}],"wp:featuredmedia":[{"embeddable":true,"href":"https:\/\/www.elsinodaldetamaulipas.com.mx\/index.php?rest_route=\/wp\/v2\/media\/209235"}],"wp:attachment":[{"href":"https:\/\/www.elsinodaldetamaulipas.com.mx\/index.php?rest_route=%2Fwp%2Fv2%2Fmedia&parent=210873"}],"wp:term":[{"taxonomy":"category","embeddable":true,"href":"https:\/\/www.elsinodaldetamaulipas.com.mx\/index.php?rest_route=%2Fwp%2Fv2%2Fcategories&post=210873"},{"taxonomy":"post_tag","embeddable":true,"href":"https:\/\/www.elsinodaldetamaulipas.com.mx\/index.php?rest_route=%2Fwp%2Fv2%2Ftags&post=210873"}],"curies":[{"name":"wp","href":"https:\/\/api.w.org\/{rel}","templated":true}]}}