{"id":211064,"date":"2025-09-10T21:48:46","date_gmt":"2025-09-11T01:48:46","guid":{"rendered":"https:\/\/www.elsinodaldetamaulipas.com.mx\/?p=211064"},"modified":"2025-09-10T21:48:46","modified_gmt":"2025-09-11T01:48:46","slug":"denuncia-nacional-contra-cabeza","status":"publish","type":"post","link":"https:\/\/www.elsinodaldetamaulipas.com.mx\/?p=211064","title":{"rendered":"DENUNCIA NACIONAL CONTRA CABEZA"},"content":{"rendered":"<p>C R O N I C A S\u00a0\u00a0\u00a0 P O L I T I C A S<\/p>\n<p><strong>Por Alberto Guerra Salazar<\/strong><\/p>\n<p>&nbsp;<\/p>\n<p><strong>CIUDAD VICTORIA, (ASI).\u2014 Desde la llamada tribuna m\u00e1s alta de la patria, el Congreso de la Uni\u00f3n, un bloque de legisladores tamaulipecos denunci\u00f3 actos de corrupci\u00f3n de Cabeza de Vaca, llamando la atenci\u00f3n sobre maniobras urdidas por el panista para que no se ocupen de su fina persona.<\/strong><\/p>\n<p><strong>Cabeza de Vaca tiene cada d\u00eda m\u00e1s cercano el fuego y trata desesperadamente desde el extranjero, de victimizarse para que le tengan l\u00e1stima y lo dejen en paz.<\/strong><\/p>\n<p><strong>Pero el desastre pol\u00edtico y financiero que provoc\u00f3 el hoy pr\u00f3fugo de la justicia cuando tuvo el poder en las manos, no es f\u00e1cil de olvidar y por eso est\u00e1 convertido en un ente errante.<\/strong><\/p>\n<p><strong>Francisco no consigue convencer a nadie de que es una blanca palomita pues desde que era imberbe cometi\u00f3 actos re\u00f1idos con la ley, por lo que inclusive estuvo detenido y encarcelado en Texas.<\/strong><\/p>\n<p><strong>Aprovechando su doble nacionalidad, el panista realiza peri\u00f3dicas pero relampagueantes visitas a ciudades tamaulipecas, nom\u00e1s para tomarse la foto y re\u00edrse de la persecuci\u00f3n desatada en su contra.<\/strong><\/p>\n<p><strong>En Nuevo Laredo se llev\u00f3 a cabo la firma del contrato de Mandato con el Instituto Nacional del Suelo Sustentable, INSUS, (antes ITAVU), lo que permitir\u00e1 a las familias acceder a una vivienda digna.<\/strong><\/p>\n<p><strong>A trav\u00e9s de este Contrato, se regularizar\u00e1 el predio denominado \u201cLas Torres\u201d etapa II y fue formalizado por la presidenta municipal Carmen Lilia Cant\u00farosas Villarreal, representando al Ayuntamiento, y por parte de la dependencia estatal, el maestro Yeraldo Emanuel Torres Flores, representante regional.<\/strong><\/p>\n<p><strong>Carmen Lilia destac\u00f3 la importancia de esta acci\u00f3n para brindar certeza jur\u00eddica a las familias y puedan escriturar sus viviendas a bajo costo.<\/strong><\/p>\n<p><strong>\u201cHoy damos un paso firme para que las familias de la colonia Las Torres, Segunda Secci\u00f3n, tengan la tranquilidad de contar con un patrimonio seguro y legal, porque nuestra prioridad es transformar la vida de la gente a trav\u00e9s de la vivienda digna\u201d.<\/strong><\/p>\n<p><strong>Este acuerdo, aprobado previamente en la quincuag\u00e9sima cuarta sesi\u00f3n ordinaria del Consejo de Administraci\u00f3n del IMVISU, tiene como objetivo facultar al INSUS para realizar actos de gesti\u00f3n, coordinaci\u00f3n y representaci\u00f3n con la regularizaci\u00f3n de la colonia Las Torres, siempre en el marco de los programas que se desarrollen conjuntamente entre ambas instituciones.<\/strong><\/p>\n<p><strong>Po el rumbo de Reynosa, el Sub-secretario de Electricidad y Energ\u00eda Renovables de la SEDENER Roberto Manuel Rend\u00f3n, realiz\u00f3 un recorrido por esa ciudad fronteriza junto con personal de proyectos de la Comisi\u00f3n Federal de Electricidad en los puntos estrat\u00e9gicos para la instalaci\u00f3n de nuevos parques e\u00f3licos.<\/strong><\/p>\n<p><strong>Explic\u00f3 que la visita tuvo como prop\u00f3sito evaluar la factibilidad y mediar la fuerza del viento en pol\u00edgonos delimitados para la instalaci\u00f3n de nuevos parques e\u00f3licos en la zona norte del Estado, consolidando a Tamaulipas como l\u00edder en energ\u00eda renovable a nivel nacional.<\/strong><\/p>\n<p><strong>En representaci\u00f3n del Secretario estatal de Desarrollo Energ\u00e9tico, Walter Juli\u00e1n Angel Jim\u00e9nez, el Sub-secretario Rend\u00f3n sostuvo una reuni\u00f3n con autoridades de la CFE en las instalaciones de la sub-estaci\u00f3n Aeropuerto de Reynosa.<\/strong><\/p>\n<p><strong>El objetivo fue identificar \u00e1reas potenciales de desarrollo y conocer las capacidades el\u00e9ctricas y t\u00e9cnicas para futuras conexiones o ampliaciones.<\/strong><\/p>\n<p><strong>\u201cBajo la encomienda del Secretario Walter Juli\u00e1n Angel, en Tamaulipas nos sumamos a la transici\u00f3n energ\u00e9tica de nuestro pa\u00eds, impulsando proyectos que fortalezcan la generaci\u00f3n de energ\u00edas limpias y garanticen un futuro sostenible\u201d, destac\u00f3 Rend\u00f3n durante la gira de trabajo.<\/strong><\/p>\n<p><strong>En otros temas, se integr\u00f3 en Ciudad Victoria la Cooperativa Ecoturismo Puerto Para\u00edso, para generar empleos, fortalecer la econom\u00eda local, preservar el medio ambiente y potenciar el desarrollo tur\u00edstico sustentable.<\/strong><\/p>\n<p><strong>El Secretario de Turismo en Tamaulipas Benjam\u00edn Hern\u00e1ndez Rodr\u00edguez inform\u00f3 que todo ello est\u00e1 encaminado a facilitar, coordinar, impulsar, certificar y proyectar el turismo del Estado.<\/strong><\/p>\n<p><strong>Explic\u00f3 que con la constituci\u00f3n de la Cooperativa Ecoturismo Puerto Para\u00edso de Ciudad Victoria, \u201cavanzamos en la transformaci\u00f3n del Estado que impulsa el Gobernador Am\u00e9rico Villarreal Anaya en pro de la sociedad\u201d.<\/strong><\/p>\n<p><strong>Destac\u00f3 el funcionario que el turismo en la entidad se est\u00e1 fortaleciendo, atendiendo a todos los sectores.<\/strong><\/p>\n<p><strong>\u201cPor medio de acciones y estrategias se est\u00e1n obteniendo resultados que generan un impacto positivo en el bienestar de nuestra gente, la regi\u00f3n, Tamaulipas y M\u00e9xico\u201d, afirm\u00f3 el funcionario,<\/strong><\/p>\n<p><strong>Correo electr\u00f3nico: a<\/strong><a href=\"mailto:lbertoguerra65@hotmail.com\" target=\"_blank\" rel=\"noreferrer noopener\">lbertoguerra65@hotmail.com<\/a><\/p>\n","protected":false},"excerpt":{"rendered":"<p>C R O N I C A S\u00a0\u00a0\u00a0 P O L I T I C A S Por Alberto Guerra Salazar &nbsp; CIUDAD VICTORIA, (ASI).\u2014 Desde la llamada tribuna m\u00e1s alta de la patria, el Congreso de la Uni\u00f3n, un bloque de legisladores tamaulipecos denunci\u00f3 actos de corrupci\u00f3n de Cabeza de Vaca, llamando la atenci\u00f3n [&hellip;]<\/p>\n","protected":false},"author":1,"featured_media":210128,"comment_status":"closed","ping_status":"closed","sticky":false,"template":"","format":"standard","meta":{"footnotes":""},"categories":[16],"tags":[],"class_list":["post-211064","post","type-post","status-publish","format-standard","has-post-thumbnail","hentry","category-opinion"],"_links":{"self":[{"href":"https:\/\/www.elsinodaldetamaulipas.com.mx\/index.php?rest_route=\/wp\/v2\/posts\/211064","targetHints":{"allow":["GET"]}}],"collection":[{"href":"https:\/\/www.elsinodaldetamaulipas.com.mx\/index.php?rest_route=\/wp\/v2\/posts"}],"about":[{"href":"https:\/\/www.elsinodaldetamaulipas.com.mx\/index.php?rest_route=\/wp\/v2\/types\/post"}],"author":[{"embeddable":true,"href":"https:\/\/www.elsinodaldetamaulipas.com.mx\/index.php?rest_route=\/wp\/v2\/users\/1"}],"replies":[{"embeddable":true,"href":"https:\/\/www.elsinodaldetamaulipas.com.mx\/index.php?rest_route=%2Fwp%2Fv2%2Fcomments&post=211064"}],"version-history":[{"count":1,"href":"https:\/\/www.elsinodaldetamaulipas.com.mx\/index.php?rest_route=\/wp\/v2\/posts\/211064\/revisions"}],"predecessor-version":[{"id":211065,"href":"https:\/\/www.elsinodaldetamaulipas.com.mx\/index.php?rest_route=\/wp\/v2\/posts\/211064\/revisions\/211065"}],"wp:featuredmedia":[{"embeddable":true,"href":"https:\/\/www.elsinodaldetamaulipas.com.mx\/index.php?rest_route=\/wp\/v2\/media\/210128"}],"wp:attachment":[{"href":"https:\/\/www.elsinodaldetamaulipas.com.mx\/index.php?rest_route=%2Fwp%2Fv2%2Fmedia&parent=211064"}],"wp:term":[{"taxonomy":"category","embeddable":true,"href":"https:\/\/www.elsinodaldetamaulipas.com.mx\/index.php?rest_route=%2Fwp%2Fv2%2Fcategories&post=211064"},{"taxonomy":"post_tag","embeddable":true,"href":"https:\/\/www.elsinodaldetamaulipas.com.mx\/index.php?rest_route=%2Fwp%2Fv2%2Ftags&post=211064"}],"curies":[{"name":"wp","href":"https:\/\/api.w.org\/{rel}","templated":true}]}}