{"id":212998,"date":"2025-10-15T13:30:02","date_gmt":"2025-10-15T17:30:02","guid":{"rendered":"https:\/\/www.elsinodaldetamaulipas.com.mx\/?p=212998"},"modified":"2025-10-15T13:30:02","modified_gmt":"2025-10-15T17:30:02","slug":"pedro-salmeron-en-reynosa","status":"publish","type":"post","link":"https:\/\/www.elsinodaldetamaulipas.com.mx\/?p=212998","title":{"rendered":"PEDRO SALMER\u00d3N EN REYNOSA"},"content":{"rendered":"<p><em><strong>Por Oscar D\u00edaz Salazar<\/strong><\/em><\/p>\n<p>A pesar de que no se cumpli\u00f3 a cabalidad el prop\u00f3sito de la presentaci\u00f3n en Reynosa del libro \u201cDiez Batallas que cambiaron a M\u00e9xico\u201d, del historiador Pedro Salmer\u00f3n, por tratarse de \u201cuna presentaci\u00f3n de un libro, sin tener los libros para su venta\u201d, para decirlo en las palabras del propio autor, creo que la presentaci\u00f3n celebrada el pasado viernes 10 de octubre tuvo \u00e9xito, desde varias perspectivas.<\/p>\n<p>Que hubi\u00e9ramos tenido la visita de un historiador del nivel e importancia de Salmer\u00f3n en Reynosa, para hacer la presentaci\u00f3n de un libro de su autor\u00eda, es una noticia extraordinaria, y utiliz\u00f3 la palabra en dos sentidos, uno por la val\u00eda del personaje y dos por tratarse de un suceso que es extra ordinario, porque no es ordinario, si me permiten usar una verdad de Perogrullo, un argumento basado en la sem\u00e1ntica.<\/p>\n<p>En cuanto al p\u00fablico que asisti\u00f3 al acto de presentaci\u00f3n del texto, fue muy bueno desde el punto de vista cualitativo, aunque desde la perspectiva cuantitativa debo decir que fue la esperada en una ciudad de pocos lectores.<img loading=\"lazy\" decoding=\"async\" class=\"aligncenter wp-image-213000 size-full\" src=\"https:\/\/www.elsinodaldetamaulipas.com.mx\/wp-content\/uploads\/2025\/10\/SALMERON-2.jpeg\" alt=\"\" width=\"1600\" height=\"1068\" srcset=\"https:\/\/www.elsinodaldetamaulipas.com.mx\/wp-content\/uploads\/2025\/10\/SALMERON-2.jpeg 1600w, https:\/\/www.elsinodaldetamaulipas.com.mx\/wp-content\/uploads\/2025\/10\/SALMERON-2-300x200.jpeg 300w, https:\/\/www.elsinodaldetamaulipas.com.mx\/wp-content\/uploads\/2025\/10\/SALMERON-2-1024x684.jpeg 1024w, https:\/\/www.elsinodaldetamaulipas.com.mx\/wp-content\/uploads\/2025\/10\/SALMERON-2-768x513.jpeg 768w, https:\/\/www.elsinodaldetamaulipas.com.mx\/wp-content\/uploads\/2025\/10\/SALMERON-2-1536x1025.jpeg 1536w\" sizes=\"auto, (max-width: 1600px) 100vw, 1600px\" \/><\/p>\n<p>La anfitriona estuvo a cargo del presidente municipal, que tuvo el acierto de permanecer en el Museo del Ferrocarril, sede del evento, durante todo el acto, escuchando con atenci\u00f3n al autor y participando brevemente para dar la bienvenida a Salmer\u00f3n. El alcalde de Reynosa cont\u00f3 con el apoyo de Mauricio Trevi\u00f1o, secretario de Desarrollo Econ\u00f3mico, para la coordinaci\u00f3n de esta actividad, en la que tuvo una participaci\u00f3n destacada el Lic. Rodolfo Santos D\u00e1vila, encargado de comentar el texto y presentar a su autor.<\/p>\n<p>En la visita a Reynosa del pol\u00e9mico historiador y articulista de medios nacionales, Pedro Salmer\u00f3n, estuvo acompa\u00f1ado por uno de sus disc\u00edpulos en el doctorado en historia de la UNAM, y hoy amigo entra\u00f1able, Jos\u00e9 \u00c1ngel Solorio.<\/p>\n<p>Solorio, que ha sido uno de los cr\u00edticos m\u00e1s incisivos del presidente municipal, me coment\u00f3 en cortito su satisfacci\u00f3n por el \u00e9xito del evento, y la grata sorpresa que se llev\u00f3 al conocer el Museo del Ferrocarril, un recinto cuya construcci\u00f3n fue motivo de muchas cr\u00edticas, pero que hoy es un espacio para presumir y para utilizar al m\u00e1ximo sus posibilidades.<\/p>\n<p>Concluyo con una felicitaci\u00f3n a las autoridades municipales por organizar actividades que est\u00e1n muy acordes con la 4T, con un movimiento que valora nuestra historia, nuestra literatura, el sentido de pertenencia y el nacionalismo, un movimiento en el que Pedro Salmer\u00f3n ha participado por muchos a\u00f1os. Felicito de manera especial al licenciado Mauricio Trevi\u00f1o por cumplir con mucha eficacia y discreci\u00f3n la tarea de organizar el evento.<\/p>\n","protected":false},"excerpt":{"rendered":"<p>Por Oscar D\u00edaz Salazar A pesar de que no se cumpli\u00f3 a cabalidad el prop\u00f3sito de la presentaci\u00f3n en Reynosa del libro \u201cDiez Batallas que cambiaron a M\u00e9xico\u201d, del historiador Pedro Salmer\u00f3n, por tratarse de \u201cuna presentaci\u00f3n de un libro, sin tener los libros para su venta\u201d, para decirlo en las palabras del propio autor, [&hellip;]<\/p>\n","protected":false},"author":1,"featured_media":212999,"comment_status":"closed","ping_status":"closed","sticky":false,"template":"","format":"standard","meta":{"footnotes":""},"categories":[16,1],"tags":[],"class_list":["post-212998","post","type-post","status-publish","format-standard","has-post-thumbnail","hentry","category-opinion","category-portada"],"_links":{"self":[{"href":"https:\/\/www.elsinodaldetamaulipas.com.mx\/index.php?rest_route=\/wp\/v2\/posts\/212998","targetHints":{"allow":["GET"]}}],"collection":[{"href":"https:\/\/www.elsinodaldetamaulipas.com.mx\/index.php?rest_route=\/wp\/v2\/posts"}],"about":[{"href":"https:\/\/www.elsinodaldetamaulipas.com.mx\/index.php?rest_route=\/wp\/v2\/types\/post"}],"author":[{"embeddable":true,"href":"https:\/\/www.elsinodaldetamaulipas.com.mx\/index.php?rest_route=\/wp\/v2\/users\/1"}],"replies":[{"embeddable":true,"href":"https:\/\/www.elsinodaldetamaulipas.com.mx\/index.php?rest_route=%2Fwp%2Fv2%2Fcomments&post=212998"}],"version-history":[{"count":1,"href":"https:\/\/www.elsinodaldetamaulipas.com.mx\/index.php?rest_route=\/wp\/v2\/posts\/212998\/revisions"}],"predecessor-version":[{"id":213001,"href":"https:\/\/www.elsinodaldetamaulipas.com.mx\/index.php?rest_route=\/wp\/v2\/posts\/212998\/revisions\/213001"}],"wp:featuredmedia":[{"embeddable":true,"href":"https:\/\/www.elsinodaldetamaulipas.com.mx\/index.php?rest_route=\/wp\/v2\/media\/212999"}],"wp:attachment":[{"href":"https:\/\/www.elsinodaldetamaulipas.com.mx\/index.php?rest_route=%2Fwp%2Fv2%2Fmedia&parent=212998"}],"wp:term":[{"taxonomy":"category","embeddable":true,"href":"https:\/\/www.elsinodaldetamaulipas.com.mx\/index.php?rest_route=%2Fwp%2Fv2%2Fcategories&post=212998"},{"taxonomy":"post_tag","embeddable":true,"href":"https:\/\/www.elsinodaldetamaulipas.com.mx\/index.php?rest_route=%2Fwp%2Fv2%2Ftags&post=212998"}],"curies":[{"name":"wp","href":"https:\/\/api.w.org\/{rel}","templated":true}]}}