{"id":213004,"date":"2025-10-15T13:38:52","date_gmt":"2025-10-15T17:38:52","guid":{"rendered":"https:\/\/www.elsinodaldetamaulipas.com.mx\/?p=213004"},"modified":"2025-10-15T13:38:52","modified_gmt":"2025-10-15T17:38:52","slug":"guerra-sucia-no-empana-la-tarea-universitaria","status":"publish","type":"post","link":"https:\/\/www.elsinodaldetamaulipas.com.mx\/?p=213004","title":{"rendered":"GUERRA SUCIA NO EMPA\u00d1A LA TAREA UNIVERSITARIA"},"content":{"rendered":"<p>Mientras la guerra sucia arrecia en contra del rector D\u00e1maso Anaya<br \/>\nAlvarado, \u00e9ste sigue trabajando en diferentes frentes y en estos momentos, junto<br \/>\ncon sus colaboradores est\u00e1 enfocado en la situaci\u00f3n cr\u00edtica que viven las familias<br \/>\nde los estudiantes del sur de Tamaulipas, donde se requiere el apoyo de toda la<br \/>\nsociedad sin distingos de partidos pol\u00edticos.<br \/>\nQuienes conocen al rector del Alma Mater tamaulipeca, saben que es un<br \/>\nhombre de trabajo, terco en sacar adelante la chamba que tiene como rector,<br \/>\nporque el estado requiere de avances en la educaci\u00f3n superior, como en su caso<br \/>\ny que lo ha demostrado en su corto periodo rectoral al poner en marcha una serie<br \/>\nde acciones como preparatorias y carreras nuevas, entre ellas la de medicina en la<br \/>\ncapital del estado.<br \/>\nLo que no se vale es que gente sin escr\u00fapulos traten de desestabilizar a<br \/>\nuna comunidad universitaria como lo de la UAT, persiguiendo fines pol\u00edticos-<br \/>\nelectorales, aunque creemos que por m\u00e1s calumnias que le inventen no<br \/>\nprosperar\u00e1n, porque no hay pruebas en contra de D\u00e1maso Anaya.<br \/>\nM\u00e1s temprano que tarde habr\u00e1 de conocerse qui\u00e9n o qui\u00e9nes son los<br \/>\nencargados de esta serie de calumnias que han dispersado en muchos medios de<br \/>\ncomunicaci\u00f3n a nivel local y hasta nacional. Al tiempo.<br \/>\nPor cierto, esos detractores panistas, camuflados y que todav\u00eda est\u00e1n por<br \/>\nah\u00ed incrustados en una \u00e1rea de gobierno no conciben que D\u00e1maso Anaya<br \/>\nAlvarado, haya sido reconocido como uno de los rectores mejor calificados del<br \/>\npa\u00eds en una encuesta reciente.\u00a0Y no se trata de competir, sino que su trabajo, su<br \/>\ngesti\u00f3n y desempe\u00f1o son bien evaluados por la comunidad acad\u00e9mica y otros<br \/>\nactores ajenos a la instituci\u00f3n.<\/p>\n<p>NOTAS CORTAS<\/p>\n<p>1.- Por cierto, la que lleva record como la alcaldesa mejor evaluada del<br \/>\npa\u00eds, es Carmen Lilia Cant\u00farosas Villarreal de Nuevo Laredo. Y esto se constata<br \/>\nde acuerdo a la m\u00e1s reciente encuesta nacional de Mitofsky y El Economista. As\u00ed<br \/>\nse consolida en el primer lugar nacional en desempe\u00f1o, gracias a un<br \/>\ngobierno\u00a0cercano, humanista y de trabajo permanente en \u00e1reas clave como<br \/>\nseguridad, salud, educaci\u00f3n y servicios p\u00fablicos.<\/p>\n<p>Carmen Lilia atribuy\u00f3 estos resultados al trabajo constante de su<br \/>\nadministraci\u00f3n desde su primera gesti\u00f3n. Se\u00f1al\u00f3 que continuar\u00e1 fortaleciendo los<br \/>\nprogramas que mantienen una\u00a0comunicaci\u00f3n directa con la ciudadan\u00eda.\u00a0Y aun<br \/>\ndice, lo mejor est\u00e1 por venir y vamos por m\u00e1s.<br \/>\n2.- Por cierto, al que hemos visto muy activo \u00faltimamente es al Secretario<br \/>\nde Salud de Tamaulipas, Vicente Joel Hern\u00e1ndez Navarro, quien recorre la<br \/>\nentidad entregando ambulancias a nombre del gobernador Am\u00e9rico Villarreal<br \/>\nAnaya, para fortalecer el Centro Regulador de Urgencias M\u00e9dicas (CRUM),<br \/>\nmejorar la atenci\u00f3n prehospitalaria y garantizar servicios de salud en comunidades<br \/>\nvulnerables. As\u00ed ya estuvo en Jim\u00e9nez, Soto La Marina, Aldama, Jaumave y<br \/>\nPalmillas; destacando que las unidades fortalecer\u00e1n la Red de Atenci\u00f3n<br \/>\nInterhospitalaria y permitir\u00e1n traslados m\u00e1s seguros y oportunos para salvar vidas.<br \/>\nEste programa busca reducir tiempos de respuesta en emergencias y<br \/>\nreforzar la capacidad operativa del sistema de salud. Con estas acciones,<br \/>\nseguimos trabajando incansablemente por la salud, la seguridad y el bienestar de<br \/>\nlas y los tamaulipecos, dijo. Es una estrategia del gobernador Am\u00e9rico Villarreal de<br \/>\nacercar la atenci\u00f3n m\u00e9dica y mejorar la calidad de los servicios de salud en<br \/>\nsituaciones de emergencia, agreg\u00f3.<br \/>\n3.- Desde la C\u00e1mara de diputados all\u00e1 en el Congreso de la Uni\u00f3n de San<br \/>\nL\u00e1zaro en la Ciudad de M\u00e9xico, se report\u00f3 ayer martes por la ma\u00f1ana el diputado<br \/>\nfederal neolaredense Carlos Enrique Cant\u00farosas Villarreal y se dijo listo para<br \/>\nconstruir acuerdos con todos los Grupos Parlamentarios. Que habr\u00eda debates a<br \/>\nfavor y en contra en cuanto a tratar sobre la ley de amparo, pero que todo<br \/>\nseguramente saldr\u00eda bien, pues le apuesta al dialogo y a la concordia en bien de<br \/>\ntodo Tamaulipas y M\u00e9xico. Que tendr\u00eda agenda llena de legislar este mi\u00e9rcoles y<br \/>\njueves, dijo. Suerte mi diputado, eres un legislador muy movido, pero sobretodo<br \/>\nproductivo en la C\u00e1mara de Diputados y traes la camiseta bien puesta de la 4T.<br \/>\nPor hoy es todo, en la pr\u00f3xima seguiremos dialogando del acontecer<br \/>\npol\u00edtico tamaulipeco.<\/p>\n","protected":false},"excerpt":{"rendered":"<p>Mientras la guerra sucia arrecia en contra del rector D\u00e1maso Anaya Alvarado, \u00e9ste sigue trabajando en diferentes frentes y en estos momentos, junto con sus colaboradores est\u00e1 enfocado en la situaci\u00f3n cr\u00edtica que viven las familias de los estudiantes del sur de Tamaulipas, donde se requiere el apoyo de toda la sociedad sin distingos de [&hellip;]<\/p>\n","protected":false},"author":1,"featured_media":212132,"comment_status":"closed","ping_status":"closed","sticky":false,"template":"","format":"standard","meta":{"footnotes":""},"categories":[16],"tags":[],"class_list":["post-213004","post","type-post","status-publish","format-standard","has-post-thumbnail","hentry","category-opinion"],"_links":{"self":[{"href":"https:\/\/www.elsinodaldetamaulipas.com.mx\/index.php?rest_route=\/wp\/v2\/posts\/213004","targetHints":{"allow":["GET"]}}],"collection":[{"href":"https:\/\/www.elsinodaldetamaulipas.com.mx\/index.php?rest_route=\/wp\/v2\/posts"}],"about":[{"href":"https:\/\/www.elsinodaldetamaulipas.com.mx\/index.php?rest_route=\/wp\/v2\/types\/post"}],"author":[{"embeddable":true,"href":"https:\/\/www.elsinodaldetamaulipas.com.mx\/index.php?rest_route=\/wp\/v2\/users\/1"}],"replies":[{"embeddable":true,"href":"https:\/\/www.elsinodaldetamaulipas.com.mx\/index.php?rest_route=%2Fwp%2Fv2%2Fcomments&post=213004"}],"version-history":[{"count":1,"href":"https:\/\/www.elsinodaldetamaulipas.com.mx\/index.php?rest_route=\/wp\/v2\/posts\/213004\/revisions"}],"predecessor-version":[{"id":213005,"href":"https:\/\/www.elsinodaldetamaulipas.com.mx\/index.php?rest_route=\/wp\/v2\/posts\/213004\/revisions\/213005"}],"wp:featuredmedia":[{"embeddable":true,"href":"https:\/\/www.elsinodaldetamaulipas.com.mx\/index.php?rest_route=\/wp\/v2\/media\/212132"}],"wp:attachment":[{"href":"https:\/\/www.elsinodaldetamaulipas.com.mx\/index.php?rest_route=%2Fwp%2Fv2%2Fmedia&parent=213004"}],"wp:term":[{"taxonomy":"category","embeddable":true,"href":"https:\/\/www.elsinodaldetamaulipas.com.mx\/index.php?rest_route=%2Fwp%2Fv2%2Fcategories&post=213004"},{"taxonomy":"post_tag","embeddable":true,"href":"https:\/\/www.elsinodaldetamaulipas.com.mx\/index.php?rest_route=%2Fwp%2Fv2%2Ftags&post=213004"}],"curies":[{"name":"wp","href":"https:\/\/api.w.org\/{rel}","templated":true}]}}