{"id":213006,"date":"2025-10-15T13:41:13","date_gmt":"2025-10-15T17:41:13","guid":{"rendered":"https:\/\/www.elsinodaldetamaulipas.com.mx\/?p=213006"},"modified":"2025-10-15T13:41:13","modified_gmt":"2025-10-15T17:41:13","slug":"en-la-polotica-actual-no-existen-ni-derechas-ni-izquierdas","status":"publish","type":"post","link":"https:\/\/www.elsinodaldetamaulipas.com.mx\/?p=213006","title":{"rendered":"EN LA POL\u00d3TICA ACTUAL NO EXISTEN NI DERECHAS, NI IZQUIERDAS"},"content":{"rendered":"<p>Dr. Ad\u00e1n W. Echeverr\u00eda-Garc\u00eda<\/p>\n<p>Existen pol\u00edticos y fuerzas pol\u00edticas Pro Derechos y pol\u00edticos y fuerzas pol\u00edticas Anti Derechos.<\/p>\n<p>Los t\u00e9rminos Derecha e Izquierda se remontan a los siglos XVII, XVIII y XIX, pero desde el siglo XX estas figuras fueron perdi\u00e9ndose. Pol\u00edticos y vividores de la pol\u00edtica fueron falseando los t\u00e9rminos a\u00f1adiendo conceptos como Centro Derecha, Centro Izquierda, Ultra Derechas, lo cual no tiene m\u00e1s que ver con la hipocres\u00eda de no querer definirse como Anti Derechos.<\/p>\n<p>Y esos discursos han ido escalando, primero de forma peyorativa como \u201cchairos\u201d, que viene de \u201cchaira\u201d la herramienta que sirve a los carniceros a los chefs, en las cocinas, para afilar los cuchillos, en la clara expresi\u00f3n de quienes tienen un pensamiento \u201cpro derechos\u201d no son m\u00e1s que personas que \u201cafilan y afilan y afilan\u201d. Desde luego el conocimiento de la palabra \u201cchairo\u201d la mayor\u00eda de las personas que la utiliza peyorativamente para insultar desconocen de donde viene el t\u00e9rmino. Para pasar al t\u00e9rmino \u201cwok\u201d o \u201cwoke\u201d, que viene de la castellanizaci\u00f3n de \u201cwake up\u201d que se traduce como \u201cdespertar\u201d de nuevo para insultar a todas las personas, grupos y pol\u00edticos \u201cpro derechos\u201d.<\/p>\n<p>Y en los \u00faltimos dos a\u00f1os, con la aparici\u00f3n de Javier Milei en la escena argentina y luego a escala mundial al ganar las elecciones presidenciales de su pa\u00eds, llega a nuestros o\u00eddos el \u201czurdo de mierda\u201d, para acusar a los \u201ccomunistas, socialistas, populistas, izquierdosos\u201d. Expresiones todas desde los grupos y personas Anti Derechos. Si darse siquiera cuenta de que al decir \u201czurdos\u201d de pronto meten en ese t\u00e9rmino insultante a todas las personas zurdas, los que manejan m\u00e1s su perfil izquierdo, englob\u00e1ndolos en el insulto.<\/p>\n<p>Milei es justo uno de esos personajes que han hecho del insulto al oponente su forma de escalar: fuera hipocres\u00eda, fuera m\u00e1scaras, de afanarse en demostrar que odian a quien no piense como ellos, y todos los Pro Derechos se vuelve personajes que hay que insultar, escupir, derrotar, acabar, terminar y sobre todo odiar con toda la energ\u00eda posible. Una de sus frases m\u00e1s aclamadas de Javier Milei es: \u201cNo odiamos lo suficiente a los periodistas\u201d; frase que ha escalado en la mente, la forma de expresarse de quienes ven en este enano mental una forma de atacar a sus oponentes.<\/p>\n<p>Personajes y pol\u00edticos que quieren limitar a la mujer o la libertad sexual, o el libre tr\u00e1nsito o la libertad de expresi\u00f3n o la libertad de cultos o incluso limitar la autodeterminaci\u00f3n de los pueblos, como Ricardo Salinas Pliego, en M\u00e9xico. Grupos fehacientemente en contra de los migrantes, contra cualquier profesi\u00f3n de fe que no sea la propia, en la que no creen, sino que utilizan como aparador; grupos que se re\u00fanen contra la ideolog\u00eda del feminismo al que declaran incluso \u00abuna dictadura perversa que busca eliminar a los varones de la sociedad\u00bb. Grupos que buscan impulsar leyes contra el lenguaje.<\/p>\n<p>Seguir usando t\u00e9rminos como derechas e izquierdas tiene dos vertientes: 1. la ignorancia de los t\u00e9rminos, el repetir lo que otros dicen y 2. el cinismo de no querer definirse como un anti derechos, prefiriendo llamarse de derecha.<\/p>\n<p>Anti Derechos vs Pro Derechos, eso es lo que hoy vemos a nivel mundial.<\/p>\n<p>T\u00fa, tu ideolog\u00eda, \u00bfd\u00f3nde se ubica? Resp\u00f3ndete analiz\u00e1ndote.<\/p>\n","protected":false},"excerpt":{"rendered":"<p>Dr. Ad\u00e1n W. Echeverr\u00eda-Garc\u00eda Existen pol\u00edticos y fuerzas pol\u00edticas Pro Derechos y pol\u00edticos y fuerzas pol\u00edticas Anti Derechos. Los t\u00e9rminos Derecha e Izquierda se remontan a los siglos XVII, XVIII y XIX, pero desde el siglo XX estas figuras fueron perdi\u00e9ndose. Pol\u00edticos y vividores de la pol\u00edtica fueron falseando los t\u00e9rminos a\u00f1adiendo conceptos como Centro [&hellip;]<\/p>\n","protected":false},"author":1,"featured_media":211915,"comment_status":"closed","ping_status":"closed","sticky":false,"template":"","format":"standard","meta":{"footnotes":""},"categories":[16],"tags":[],"class_list":["post-213006","post","type-post","status-publish","format-standard","has-post-thumbnail","hentry","category-opinion"],"_links":{"self":[{"href":"https:\/\/www.elsinodaldetamaulipas.com.mx\/index.php?rest_route=\/wp\/v2\/posts\/213006","targetHints":{"allow":["GET"]}}],"collection":[{"href":"https:\/\/www.elsinodaldetamaulipas.com.mx\/index.php?rest_route=\/wp\/v2\/posts"}],"about":[{"href":"https:\/\/www.elsinodaldetamaulipas.com.mx\/index.php?rest_route=\/wp\/v2\/types\/post"}],"author":[{"embeddable":true,"href":"https:\/\/www.elsinodaldetamaulipas.com.mx\/index.php?rest_route=\/wp\/v2\/users\/1"}],"replies":[{"embeddable":true,"href":"https:\/\/www.elsinodaldetamaulipas.com.mx\/index.php?rest_route=%2Fwp%2Fv2%2Fcomments&post=213006"}],"version-history":[{"count":1,"href":"https:\/\/www.elsinodaldetamaulipas.com.mx\/index.php?rest_route=\/wp\/v2\/posts\/213006\/revisions"}],"predecessor-version":[{"id":213007,"href":"https:\/\/www.elsinodaldetamaulipas.com.mx\/index.php?rest_route=\/wp\/v2\/posts\/213006\/revisions\/213007"}],"wp:featuredmedia":[{"embeddable":true,"href":"https:\/\/www.elsinodaldetamaulipas.com.mx\/index.php?rest_route=\/wp\/v2\/media\/211915"}],"wp:attachment":[{"href":"https:\/\/www.elsinodaldetamaulipas.com.mx\/index.php?rest_route=%2Fwp%2Fv2%2Fmedia&parent=213006"}],"wp:term":[{"taxonomy":"category","embeddable":true,"href":"https:\/\/www.elsinodaldetamaulipas.com.mx\/index.php?rest_route=%2Fwp%2Fv2%2Fcategories&post=213006"},{"taxonomy":"post_tag","embeddable":true,"href":"https:\/\/www.elsinodaldetamaulipas.com.mx\/index.php?rest_route=%2Fwp%2Fv2%2Ftags&post=213006"}],"curies":[{"name":"wp","href":"https:\/\/api.w.org\/{rel}","templated":true}]}}