{"id":213013,"date":"2025-10-15T14:47:34","date_gmt":"2025-10-15T18:47:34","guid":{"rendered":"https:\/\/www.elsinodaldetamaulipas.com.mx\/?p=213013"},"modified":"2025-10-15T21:15:45","modified_gmt":"2025-10-16T01:15:45","slug":"proponen-elevar-proyectos-a-rango-constitucional","status":"publish","type":"post","link":"https:\/\/www.elsinodaldetamaulipas.com.mx\/?p=213013","title":{"rendered":"PROPONEN ELEVAR PROYECTOS A RANGO CONSTITUCIONAL"},"content":{"rendered":"<p><em><strong>Por Julio Manuel Loya Guzm\u00e1n\/EL SINODAL DE TAMAULIPAS<\/strong><\/em><\/p>\n<p>Cd. Victoria, Tamaulipas.\u2013 La diputada local Katalyna M\u00e9ndez reconoci\u00f3 que Ciudad Victoria enfrenta un rezago hist\u00f3rico en materia de infraestructura, particularmente en su red hidr\u00e1ulica, y urgi\u00f3 a establecer pol\u00edticas p\u00fablicas que garanticen la continuidad de los proyectos municipales, sin importar los cambios de administraci\u00f3n.<\/p>\n<p>Durante una entrevista, la legisladora se\u00f1al\u00f3 que cada administraci\u00f3n llega y dice que no cuenta con los diagn\u00f3sticos ni con los estudios de la anterior. Se van y se llevan todo. Eso afecta directamente el patrimonio de las familias victorenses\u201d, lament\u00f3.<\/p>\n<p>M\u00e9ndez subray\u00f3 que, si bien los gobiernos municipales invierten recursos en proyectos de mejora, el problema radica en la falta de planeaci\u00f3n a largo plazo y la ausencia de continuidad institucional.<\/p>\n<p>\u201cNo podemos seguir restaurando calles si no cambiamos las redes hidr\u00e1ulicas. Las tuber\u00edas tienen m\u00e1s de 60 o 70 a\u00f1os, y por eso las calles se rompen una y otra vez para reparar fugas\u201d, afirm\u00f3.<\/p>\n<p>La diputada plante\u00f3 que los proyectos de infraestructura deber\u00edan elevarse a rango constitucional como parte del patrimonio ciudadano, de modo que los pr\u00f3ximos alcaldes est\u00e9n obligados a darles seguimiento.<\/p>\n<p>\u201cHay que regular esto junto con las y los alcaldes, no solo en Victoria, sino en todo el estado. Reynosa, Matamoros y otros municipios tambi\u00e9n padecen los mismos rezagos\u201d, apunt\u00f3.<\/p>\n<p>En cuanto al problema de los basureros irregulares, M\u00e9ndez explic\u00f3 que se trata de una responsabilidad compartida entre la Procuradur\u00eda Ambiental y los municipios, pero que los esfuerzos de limpieza suelen ser temporales.<\/p>\n<p>Finalmente, reiter\u00f3 su compromiso de impulsar desde el Congreso iniciativas que fortalezcan la planeaci\u00f3n y la inversi\u00f3n sostenida en infraestructura b\u00e1sica, con el objetivo de que Victoria deje de ser una capital rezagada y recupere su potencial como centro pol\u00edtico y social de Tamaulipas.<\/p>\n<p>&nbsp;<\/p>\n","protected":false},"excerpt":{"rendered":"<p>Por Julio Manuel Loya Guzm\u00e1n\/EL SINODAL DE TAMAULIPAS Cd. Victoria, Tamaulipas.\u2013 La diputada local Katalyna M\u00e9ndez reconoci\u00f3 que Ciudad Victoria enfrenta un rezago hist\u00f3rico en materia de infraestructura, particularmente en su red hidr\u00e1ulica, y urgi\u00f3 a establecer pol\u00edticas p\u00fablicas que garanticen la continuidad de los proyectos municipales, sin importar los cambios de administraci\u00f3n. Durante una [&hellip;]<\/p>\n","protected":false},"author":1,"featured_media":213014,"comment_status":"closed","ping_status":"closed","sticky":false,"template":"","format":"standard","meta":{"footnotes":""},"categories":[1,3],"tags":[],"class_list":["post-213013","post","type-post","status-publish","format-standard","has-post-thumbnail","hentry","category-portada","category-tamaulipas"],"_links":{"self":[{"href":"https:\/\/www.elsinodaldetamaulipas.com.mx\/index.php?rest_route=\/wp\/v2\/posts\/213013","targetHints":{"allow":["GET"]}}],"collection":[{"href":"https:\/\/www.elsinodaldetamaulipas.com.mx\/index.php?rest_route=\/wp\/v2\/posts"}],"about":[{"href":"https:\/\/www.elsinodaldetamaulipas.com.mx\/index.php?rest_route=\/wp\/v2\/types\/post"}],"author":[{"embeddable":true,"href":"https:\/\/www.elsinodaldetamaulipas.com.mx\/index.php?rest_route=\/wp\/v2\/users\/1"}],"replies":[{"embeddable":true,"href":"https:\/\/www.elsinodaldetamaulipas.com.mx\/index.php?rest_route=%2Fwp%2Fv2%2Fcomments&post=213013"}],"version-history":[{"count":3,"href":"https:\/\/www.elsinodaldetamaulipas.com.mx\/index.php?rest_route=\/wp\/v2\/posts\/213013\/revisions"}],"predecessor-version":[{"id":213064,"href":"https:\/\/www.elsinodaldetamaulipas.com.mx\/index.php?rest_route=\/wp\/v2\/posts\/213013\/revisions\/213064"}],"wp:featuredmedia":[{"embeddable":true,"href":"https:\/\/www.elsinodaldetamaulipas.com.mx\/index.php?rest_route=\/wp\/v2\/media\/213014"}],"wp:attachment":[{"href":"https:\/\/www.elsinodaldetamaulipas.com.mx\/index.php?rest_route=%2Fwp%2Fv2%2Fmedia&parent=213013"}],"wp:term":[{"taxonomy":"category","embeddable":true,"href":"https:\/\/www.elsinodaldetamaulipas.com.mx\/index.php?rest_route=%2Fwp%2Fv2%2Fcategories&post=213013"},{"taxonomy":"post_tag","embeddable":true,"href":"https:\/\/www.elsinodaldetamaulipas.com.mx\/index.php?rest_route=%2Fwp%2Fv2%2Ftags&post=213013"}],"curies":[{"name":"wp","href":"https:\/\/api.w.org\/{rel}","templated":true}]}}