{"id":213016,"date":"2025-10-15T15:24:16","date_gmt":"2025-10-15T19:24:16","guid":{"rendered":"https:\/\/www.elsinodaldetamaulipas.com.mx\/?p=213016"},"modified":"2025-10-15T15:24:16","modified_gmt":"2025-10-15T19:24:16","slug":"congreso-respalda-a-pacientes-con-cancer-de-mama","status":"publish","type":"post","link":"https:\/\/www.elsinodaldetamaulipas.com.mx\/?p=213016","title":{"rendered":"CONGRESO RESPALDA A PACIENTES CON C\u00c1NCER DE MAMA"},"content":{"rendered":"<p><em><strong>EL SINODAL DE TAMAULIPAS<\/strong><\/em><\/p>\n<p>Victoria, Tam.- En el marco del Mes Rosa, dedicado a la concientizaci\u00f3n sobre el c\u00e1ncer de mama, el Congreso del Estado realiz\u00f3 la entrega de taparroscas a la asociaci\u00f3n civil Cachito de Luz, que brinda apoyo a personas en tratamiento de quimioterapia.<\/p>\n<p>&nbsp;<\/p>\n<p>Durante el acto, el presidente de la Junta de Gobierno del Congreso, diputado Humberto Prieto Herrera, destac\u00f3 que se super\u00f3 la meta propuesta al recolectar m\u00e1s taparroscas que el a\u00f1o anterior, y expres\u00f3 su esperanza de que la cifra sea a\u00fan mayor en 2026, reafirmando as\u00ed el compromiso del Poder Legislativo de continuar trabajando en esta causa solidaria.<\/p>\n<p>&nbsp;<\/p>\n<p>Por su parte, la presidenta de Cachito de Luz A.C., Mar\u00eda Magdalena P\u00e9rez Ju\u00e1rez, agradeci\u00f3 el esfuerzo y la participaci\u00f3n de las diputadas, diputados y el personal del Congreso en la recolecci\u00f3n.<\/p>\n<p><img loading=\"lazy\" decoding=\"async\" class=\"aligncenter wp-image-213018 size-full\" src=\"https:\/\/www.elsinodaldetamaulipas.com.mx\/wp-content\/uploads\/2025\/10\/QUIMIOTERAPIAS-2.jpg\" alt=\"\" width=\"894\" height=\"487\" srcset=\"https:\/\/www.elsinodaldetamaulipas.com.mx\/wp-content\/uploads\/2025\/10\/QUIMIOTERAPIAS-2.jpg 894w, https:\/\/www.elsinodaldetamaulipas.com.mx\/wp-content\/uploads\/2025\/10\/QUIMIOTERAPIAS-2-300x163.jpg 300w, https:\/\/www.elsinodaldetamaulipas.com.mx\/wp-content\/uploads\/2025\/10\/QUIMIOTERAPIAS-2-768x418.jpg 768w\" sizes=\"auto, (max-width: 894px) 100vw, 894px\" \/><\/p>\n<p>Asi mismo, invit\u00f3 a la ciudadan\u00eda a sumarse desde casa, involucrando a ni\u00f1as y ni\u00f1os en esta acci\u00f3n altruista, y destac\u00f3:\u201cCon una sola tapa, sin necesidad de dinero, estamos brindando apoyo indispensable a nuestros pacientes. Lo que para muchos es basura, para nosotros es esperanza de vida. Recibo este apoyo con mucho amor y prometo que se transformar\u00e1 en tratamientos de quimioterapia. Gracias de todo coraz\u00f3n\u201d.<\/p>\n<p>&nbsp;<\/p>\n<p>Esta campa\u00f1a, organizada por la Unidad de G\u00e9nero del Congreso y coordinada por la Mtra. Mariangela Richo Ortiz, refleja el compromiso institucional con la salud y el bienestar de la poblaci\u00f3n tamaulipeca.<\/p>\n","protected":false},"excerpt":{"rendered":"<p>EL SINODAL DE TAMAULIPAS Victoria, Tam.- En el marco del Mes Rosa, dedicado a la concientizaci\u00f3n sobre el c\u00e1ncer de mama, el Congreso del Estado realiz\u00f3 la entrega de taparroscas a la asociaci\u00f3n civil Cachito de Luz, que brinda apoyo a personas en tratamiento de quimioterapia. &nbsp; Durante el acto, el presidente de la Junta [&hellip;]<\/p>\n","protected":false},"author":1,"featured_media":213017,"comment_status":"closed","ping_status":"closed","sticky":false,"template":"","format":"standard","meta":{"footnotes":""},"categories":[1,2],"tags":[],"class_list":["post-213016","post","type-post","status-publish","format-standard","has-post-thumbnail","hentry","category-portada","category-reynosa"],"_links":{"self":[{"href":"https:\/\/www.elsinodaldetamaulipas.com.mx\/index.php?rest_route=\/wp\/v2\/posts\/213016","targetHints":{"allow":["GET"]}}],"collection":[{"href":"https:\/\/www.elsinodaldetamaulipas.com.mx\/index.php?rest_route=\/wp\/v2\/posts"}],"about":[{"href":"https:\/\/www.elsinodaldetamaulipas.com.mx\/index.php?rest_route=\/wp\/v2\/types\/post"}],"author":[{"embeddable":true,"href":"https:\/\/www.elsinodaldetamaulipas.com.mx\/index.php?rest_route=\/wp\/v2\/users\/1"}],"replies":[{"embeddable":true,"href":"https:\/\/www.elsinodaldetamaulipas.com.mx\/index.php?rest_route=%2Fwp%2Fv2%2Fcomments&post=213016"}],"version-history":[{"count":1,"href":"https:\/\/www.elsinodaldetamaulipas.com.mx\/index.php?rest_route=\/wp\/v2\/posts\/213016\/revisions"}],"predecessor-version":[{"id":213019,"href":"https:\/\/www.elsinodaldetamaulipas.com.mx\/index.php?rest_route=\/wp\/v2\/posts\/213016\/revisions\/213019"}],"wp:featuredmedia":[{"embeddable":true,"href":"https:\/\/www.elsinodaldetamaulipas.com.mx\/index.php?rest_route=\/wp\/v2\/media\/213017"}],"wp:attachment":[{"href":"https:\/\/www.elsinodaldetamaulipas.com.mx\/index.php?rest_route=%2Fwp%2Fv2%2Fmedia&parent=213016"}],"wp:term":[{"taxonomy":"category","embeddable":true,"href":"https:\/\/www.elsinodaldetamaulipas.com.mx\/index.php?rest_route=%2Fwp%2Fv2%2Fcategories&post=213016"},{"taxonomy":"post_tag","embeddable":true,"href":"https:\/\/www.elsinodaldetamaulipas.com.mx\/index.php?rest_route=%2Fwp%2Fv2%2Ftags&post=213016"}],"curies":[{"name":"wp","href":"https:\/\/api.w.org\/{rel}","templated":true}]}}