{"id":213020,"date":"2025-10-15T17:13:26","date_gmt":"2025-10-15T21:13:26","guid":{"rendered":"https:\/\/www.elsinodaldetamaulipas.com.mx\/?p=213020"},"modified":"2025-10-15T17:13:26","modified_gmt":"2025-10-15T21:13:26","slug":"abandono-del-campo-causa-movilizaciones-marina-ramirez","status":"publish","type":"post","link":"https:\/\/www.elsinodaldetamaulipas.com.mx\/?p=213020","title":{"rendered":"ABANDONO DEL CAMPO CAUSA MOVILIZACIONES: MARINA RAM\u00cdREZ"},"content":{"rendered":"<h5><em>Por Julio Manuel Loya Guzm\u00e1n\/EL SINODAL DE TAMAULIPAS\u00a0<\/em><\/h5>\n<p>Cd. Victoria, Tamaulipas.\u2013\u00a0La diputada local Marina Ram\u00edrez Andrade lament\u00f3 el regreso de los bloqueos carreteros en Tamaulipas y otras entidades del pa\u00eds, luego de que productores agr\u00edcolas reanudaran sus manifestaciones ante la falta de apoyos y la insensibilidad del Gobierno Federal hacia el sector.<\/p>\n<p>&nbsp;<\/p>\n<p>\u201cEs muy dif\u00edcil la situaci\u00f3n con todos los agricultores de M\u00e9xico. M\u00e1s de 20 estados realizaron manifestaciones por los mismos motivos: el abandono al campo y la falta de defensa de los precios\u201d, declar\u00f3 la legisladora.<\/p>\n<p>&nbsp;<\/p>\n<p>Ram\u00edrez Andrade se\u00f1al\u00f3 que los productores est\u00e1n siendo desplazados por la pol\u00edtica de apertura indiscriminada de fronteras, que da preferencia a granos extranjeros sobre los nacionales.<\/p>\n<p>&nbsp;<\/p>\n<p>\u201cNuestros agricultores se quedan al final de la fila y les pagan los precios como quieren. Eso ha provocado una ca\u00edda tremenda en los ingresos y que muchos hayan tenido que abandonar sus tierras o sembrar solo la mitad por falta de recursos\u201d, advirti\u00f3.<\/p>\n<p>&nbsp;<\/p>\n<p>La diputada subray\u00f3 que esta crisis ha llevado a un punto cr\u00edtico al campo tamaulipeco y nacional. \u201cSi seguimos abandonando el campo, vamos a depender del extranjero, y eso no le conviene a ning\u00fan pa\u00eds\u201d, enfatiz\u00f3.<\/p>\n<p>&nbsp;<\/p>\n<p>Sobre las recientes movilizaciones, mencion\u00f3 que aunque los productores mantienen su disposici\u00f3n al di\u00e1logo, no han recibido respuesta del Gobierno Federal.<\/p>\n<p>&nbsp;<\/p>\n<p>\u201cEllos siempre han buscado el di\u00e1logo; han viajado a la Ciudad de M\u00e9xico, pero no se les escucha y no se llega a nada. El resultado es que el campo sigue en picada\u201d, afirm\u00f3.<\/p>\n<p>&nbsp;<\/p>\n<p>Cuestionada sobre la posibilidad de nuevas detenciones como las ocurridas en protestas anteriores, Ram\u00edrez reconoci\u00f3 que existe temor entre los agricultores. \u201cClaro que lo tienen. Uno se pone en sus zapatos y entiende su desesperaci\u00f3n\u201d, coment\u00f3.<\/p>\n<p>&nbsp;<\/p>\n<p>Indic\u00f3 que hasta el momento en Tamaulipas las carreteras se encuentran libres, aunque en entidades como Jalisco a\u00fan persisten algunos bloqueos. \u201cAqu\u00ed ya hay paso en la \u00abY\u00bb, pero en otros estados siguen manifest\u00e1ndose\u201d, precis\u00f3.<\/p>\n<p>&nbsp;<\/p>\n<p>Finalmente, hizo un llamado urgente a las autoridades federales para revisar la pol\u00edtica agr\u00edcola nacional y establecer precios de garant\u00eda justos que permitan a los productores recuperar sus inversiones y continuar trabajando la tierra<\/p>\n","protected":false},"excerpt":{"rendered":"<p>Por Julio Manuel Loya Guzm\u00e1n\/EL SINODAL DE TAMAULIPAS\u00a0 Cd. Victoria, Tamaulipas.\u2013\u00a0La diputada local Marina Ram\u00edrez Andrade lament\u00f3 el regreso de los bloqueos carreteros en Tamaulipas y otras entidades del pa\u00eds, luego de que productores agr\u00edcolas reanudaran sus manifestaciones ante la falta de apoyos y la insensibilidad del Gobierno Federal hacia el sector. &nbsp; \u201cEs muy [&hellip;]<\/p>\n","protected":false},"author":1,"featured_media":213021,"comment_status":"closed","ping_status":"closed","sticky":false,"template":"","format":"standard","meta":{"footnotes":""},"categories":[1,2],"tags":[],"class_list":["post-213020","post","type-post","status-publish","format-standard","has-post-thumbnail","hentry","category-portada","category-reynosa"],"_links":{"self":[{"href":"https:\/\/www.elsinodaldetamaulipas.com.mx\/index.php?rest_route=\/wp\/v2\/posts\/213020","targetHints":{"allow":["GET"]}}],"collection":[{"href":"https:\/\/www.elsinodaldetamaulipas.com.mx\/index.php?rest_route=\/wp\/v2\/posts"}],"about":[{"href":"https:\/\/www.elsinodaldetamaulipas.com.mx\/index.php?rest_route=\/wp\/v2\/types\/post"}],"author":[{"embeddable":true,"href":"https:\/\/www.elsinodaldetamaulipas.com.mx\/index.php?rest_route=\/wp\/v2\/users\/1"}],"replies":[{"embeddable":true,"href":"https:\/\/www.elsinodaldetamaulipas.com.mx\/index.php?rest_route=%2Fwp%2Fv2%2Fcomments&post=213020"}],"version-history":[{"count":1,"href":"https:\/\/www.elsinodaldetamaulipas.com.mx\/index.php?rest_route=\/wp\/v2\/posts\/213020\/revisions"}],"predecessor-version":[{"id":213022,"href":"https:\/\/www.elsinodaldetamaulipas.com.mx\/index.php?rest_route=\/wp\/v2\/posts\/213020\/revisions\/213022"}],"wp:featuredmedia":[{"embeddable":true,"href":"https:\/\/www.elsinodaldetamaulipas.com.mx\/index.php?rest_route=\/wp\/v2\/media\/213021"}],"wp:attachment":[{"href":"https:\/\/www.elsinodaldetamaulipas.com.mx\/index.php?rest_route=%2Fwp%2Fv2%2Fmedia&parent=213020"}],"wp:term":[{"taxonomy":"category","embeddable":true,"href":"https:\/\/www.elsinodaldetamaulipas.com.mx\/index.php?rest_route=%2Fwp%2Fv2%2Fcategories&post=213020"},{"taxonomy":"post_tag","embeddable":true,"href":"https:\/\/www.elsinodaldetamaulipas.com.mx\/index.php?rest_route=%2Fwp%2Fv2%2Ftags&post=213020"}],"curies":[{"name":"wp","href":"https:\/\/api.w.org\/{rel}","templated":true}]}}