{"id":213023,"date":"2025-10-15T18:00:42","date_gmt":"2025-10-15T22:00:42","guid":{"rendered":"https:\/\/www.elsinodaldetamaulipas.com.mx\/?p=213023"},"modified":"2025-10-15T18:10:29","modified_gmt":"2025-10-15T22:10:29","slug":"realizan-preparativos-para-festejo-de-la-secundaria-4","status":"publish","type":"post","link":"https:\/\/www.elsinodaldetamaulipas.com.mx\/?p=213023","title":{"rendered":"REALIZAN PREPARATIVOS PARA FESTEJO DE LA SECUNDARIA 4"},"content":{"rendered":"<h5><em>Por Gil Vicente Galindo\/EL SINODAL DE TAMAULIPAS<\/em><\/h5>\n<p>Reynosa, Tam.- Ma\u00f1ana 16 de octubre es una fecha que quedar\u00e1 escrita con letras de oro en la historia de la escuela secundaria No 4, \u201cInge Marte R. G\u00f3mez\u201d, que dirige el maestro Fernando Gallardo Guerrero.<\/p>\n<p>\u201cEstamos muy contentos de encabezar la ceremonia del L aniversario junto con mis compa\u00f1eros maestros y maestras, directivos, administrativos y personal de apoyo\u201d, comento el director de la SQ 4.<\/p>\n<h5><em><img loading=\"lazy\" decoding=\"async\" class=\"aligncenter wp-image-213033 size-full\" src=\"https:\/\/www.elsinodaldetamaulipas.com.mx\/wp-content\/uploads\/2025\/10\/ANIVERSARIO.jpeg\" alt=\"\" width=\"1135\" height=\"1600\" srcset=\"https:\/\/www.elsinodaldetamaulipas.com.mx\/wp-content\/uploads\/2025\/10\/ANIVERSARIO.jpeg 1135w, https:\/\/www.elsinodaldetamaulipas.com.mx\/wp-content\/uploads\/2025\/10\/ANIVERSARIO-213x300.jpeg 213w, https:\/\/www.elsinodaldetamaulipas.com.mx\/wp-content\/uploads\/2025\/10\/ANIVERSARIO-726x1024.jpeg 726w, https:\/\/www.elsinodaldetamaulipas.com.mx\/wp-content\/uploads\/2025\/10\/ANIVERSARIO-768x1083.jpeg 768w, https:\/\/www.elsinodaldetamaulipas.com.mx\/wp-content\/uploads\/2025\/10\/ANIVERSARIO-1090x1536.jpeg 1090w\" sizes=\"auto, (max-width: 1135px) 100vw, 1135px\" \/><\/em><\/h5>\n<p>Ser\u00e1 una sencilla pero muy significativa ceremonia, donde tendremos invitados especiales, entre ellos ex maestros y directores y claro, el alma de la escuela, alumnos y exalumnos de nuestra secundaria cuatro, agrego el maestro Gallardo Guerrero.<\/p>\n<p>-Hemos invitado a nuestras autoridades educativas, civiles y militares, as\u00ed como a compa\u00f1eros directores de otras secundarias de la localidad, iniciaremos con honores a nuestra ense\u00f1a nacional, rese\u00f1a del plantel y exhibici\u00f3n de recuerdos de 50 a\u00f1os de trabajo y prestigio-, dijo el maestro Fernando Gallardo Guerrero.<\/p>\n","protected":false},"excerpt":{"rendered":"<p>Por Gil Vicente Galindo\/EL SINODAL DE TAMAULIPAS Reynosa, Tam.- Ma\u00f1ana 16 de octubre es una fecha que quedar\u00e1 escrita con letras de oro en la historia de la escuela secundaria No 4, \u201cInge Marte R. G\u00f3mez\u201d, que dirige el maestro Fernando Gallardo Guerrero. \u201cEstamos muy contentos de encabezar la ceremonia del L aniversario junto con [&hellip;]<\/p>\n","protected":false},"author":1,"featured_media":213024,"comment_status":"closed","ping_status":"closed","sticky":false,"template":"","format":"standard","meta":{"footnotes":""},"categories":[1,2],"tags":[],"class_list":["post-213023","post","type-post","status-publish","format-standard","has-post-thumbnail","hentry","category-portada","category-reynosa"],"_links":{"self":[{"href":"https:\/\/www.elsinodaldetamaulipas.com.mx\/index.php?rest_route=\/wp\/v2\/posts\/213023","targetHints":{"allow":["GET"]}}],"collection":[{"href":"https:\/\/www.elsinodaldetamaulipas.com.mx\/index.php?rest_route=\/wp\/v2\/posts"}],"about":[{"href":"https:\/\/www.elsinodaldetamaulipas.com.mx\/index.php?rest_route=\/wp\/v2\/types\/post"}],"author":[{"embeddable":true,"href":"https:\/\/www.elsinodaldetamaulipas.com.mx\/index.php?rest_route=\/wp\/v2\/users\/1"}],"replies":[{"embeddable":true,"href":"https:\/\/www.elsinodaldetamaulipas.com.mx\/index.php?rest_route=%2Fwp%2Fv2%2Fcomments&post=213023"}],"version-history":[{"count":3,"href":"https:\/\/www.elsinodaldetamaulipas.com.mx\/index.php?rest_route=\/wp\/v2\/posts\/213023\/revisions"}],"predecessor-version":[{"id":213035,"href":"https:\/\/www.elsinodaldetamaulipas.com.mx\/index.php?rest_route=\/wp\/v2\/posts\/213023\/revisions\/213035"}],"wp:featuredmedia":[{"embeddable":true,"href":"https:\/\/www.elsinodaldetamaulipas.com.mx\/index.php?rest_route=\/wp\/v2\/media\/213024"}],"wp:attachment":[{"href":"https:\/\/www.elsinodaldetamaulipas.com.mx\/index.php?rest_route=%2Fwp%2Fv2%2Fmedia&parent=213023"}],"wp:term":[{"taxonomy":"category","embeddable":true,"href":"https:\/\/www.elsinodaldetamaulipas.com.mx\/index.php?rest_route=%2Fwp%2Fv2%2Fcategories&post=213023"},{"taxonomy":"post_tag","embeddable":true,"href":"https:\/\/www.elsinodaldetamaulipas.com.mx\/index.php?rest_route=%2Fwp%2Fv2%2Ftags&post=213023"}],"curies":[{"name":"wp","href":"https:\/\/api.w.org\/{rel}","templated":true}]}}