{"id":213028,"date":"2025-10-15T18:06:48","date_gmt":"2025-10-15T22:06:48","guid":{"rendered":"https:\/\/www.elsinodaldetamaulipas.com.mx\/?p=213028"},"modified":"2025-10-15T18:06:48","modified_gmt":"2025-10-15T22:06:48","slug":"y-donde-estara-la-senadora-sosa-con-a","status":"publish","type":"post","link":"https:\/\/www.elsinodaldetamaulipas.com.mx\/?p=213028","title":{"rendered":"\u00bfY D\u00d3NDE ESTAR\u00c1 LA SENADORA SOSA CON \u00abA\u00bb?"},"content":{"rendered":"<p><em><strong>Mart\u00edn D\u00edaz \/ La Nube<\/strong><\/em><br \/>\nEl nombramiento de Olga Sosa Ru\u00edz como presidenta de la Comisi\u00f3n de Agricultura es el ejemplo perfecto de la repartici\u00f3n de cargos en Morena: sin m\u00e9rito, sin conocimiento del tema y sin una pizca de empat\u00eda.<\/p>\n<p>La senadora \u201cSOSA\u201d acapara sistem\u00e1ticamente cualquier evento c\u00edvico o social en el estado, buscando protagonismo y publicidad en redes sociales. Esta sobreexposici\u00f3n tiene un claro objetivo: abonar a sus aspiraciones de gobernar Tamaulipas.<\/p>\n<p>Sin embargo, mientras los agricultores de su propio estado, Tamaulipas, bloquean desesperadamente las carreteras exigiendo precios justos para el sorgo, la flamante presidenta de la Comisi\u00f3n en este caso brilla por su ausencia, en los lugares donde se est\u00e1n manifestando.<\/p>\n<p>A la senadora le hubiera dado lo mismo presidir la Comisi\u00f3n de Agricultura que la de Dinero Il\u00edcito, Trasiego de Hidrocarburos o Herencias Sospechosas. En cualquiera de esas, si existieran al menos, podr\u00eda haber tenido mayor conocimiento de esos temas por su experiencia de vida.<\/p>\n","protected":false},"excerpt":{"rendered":"<p>Mart\u00edn D\u00edaz \/ La Nube El nombramiento de Olga Sosa Ru\u00edz como presidenta de la Comisi\u00f3n de Agricultura es el ejemplo perfecto de la repartici\u00f3n de cargos en Morena: sin m\u00e9rito, sin conocimiento del tema y sin una pizca de empat\u00eda. La senadora \u201cSOSA\u201d acapara sistem\u00e1ticamente cualquier evento c\u00edvico o social en el estado, buscando [&hellip;]<\/p>\n","protected":false},"author":1,"featured_media":213029,"comment_status":"closed","ping_status":"closed","sticky":false,"template":"","format":"standard","meta":{"footnotes":""},"categories":[16],"tags":[],"class_list":["post-213028","post","type-post","status-publish","format-standard","has-post-thumbnail","hentry","category-opinion"],"_links":{"self":[{"href":"https:\/\/www.elsinodaldetamaulipas.com.mx\/index.php?rest_route=\/wp\/v2\/posts\/213028","targetHints":{"allow":["GET"]}}],"collection":[{"href":"https:\/\/www.elsinodaldetamaulipas.com.mx\/index.php?rest_route=\/wp\/v2\/posts"}],"about":[{"href":"https:\/\/www.elsinodaldetamaulipas.com.mx\/index.php?rest_route=\/wp\/v2\/types\/post"}],"author":[{"embeddable":true,"href":"https:\/\/www.elsinodaldetamaulipas.com.mx\/index.php?rest_route=\/wp\/v2\/users\/1"}],"replies":[{"embeddable":true,"href":"https:\/\/www.elsinodaldetamaulipas.com.mx\/index.php?rest_route=%2Fwp%2Fv2%2Fcomments&post=213028"}],"version-history":[{"count":1,"href":"https:\/\/www.elsinodaldetamaulipas.com.mx\/index.php?rest_route=\/wp\/v2\/posts\/213028\/revisions"}],"predecessor-version":[{"id":213030,"href":"https:\/\/www.elsinodaldetamaulipas.com.mx\/index.php?rest_route=\/wp\/v2\/posts\/213028\/revisions\/213030"}],"wp:featuredmedia":[{"embeddable":true,"href":"https:\/\/www.elsinodaldetamaulipas.com.mx\/index.php?rest_route=\/wp\/v2\/media\/213029"}],"wp:attachment":[{"href":"https:\/\/www.elsinodaldetamaulipas.com.mx\/index.php?rest_route=%2Fwp%2Fv2%2Fmedia&parent=213028"}],"wp:term":[{"taxonomy":"category","embeddable":true,"href":"https:\/\/www.elsinodaldetamaulipas.com.mx\/index.php?rest_route=%2Fwp%2Fv2%2Fcategories&post=213028"},{"taxonomy":"post_tag","embeddable":true,"href":"https:\/\/www.elsinodaldetamaulipas.com.mx\/index.php?rest_route=%2Fwp%2Fv2%2Ftags&post=213028"}],"curies":[{"name":"wp","href":"https:\/\/api.w.org\/{rel}","templated":true}]}}