{"id":213032,"date":"2025-10-15T18:56:56","date_gmt":"2025-10-15T22:56:56","guid":{"rendered":"https:\/\/www.elsinodaldetamaulipas.com.mx\/?p=213032"},"modified":"2025-10-15T18:56:56","modified_gmt":"2025-10-15T22:56:56","slug":"malvivientes-se-escudan-en-los-medios","status":"publish","type":"post","link":"https:\/\/www.elsinodaldetamaulipas.com.mx\/?p=213032","title":{"rendered":"MALVIVIENTES SE ESCUDAN EN LOS MEDIOS"},"content":{"rendered":"<div class=\"post-content\">\n<p>Como partidos pol\u00edticos se dicen propulsores de la democracia, las libertades y los derechos<br \/>\nhumanos; como individuos se proclaman difusores de la verdad y los derechos ciudadanos,<br \/>\npero del dicho al hecho, hay mucho trecho.<br \/>\nAnte la falta de talentos, capacidades, esfuerzos, se ha desarrollado un grupo de sujetos<br \/>\nanodinos que han asaltado la opini\u00f3n p\u00fablica, procurando llenar la tripa de mal a\u00f1o a base de<br \/>\ndestruir famas, personalidades, familias, carreras, proyectos de vida personales, insultando y<br \/>\ndenostando sin el menor rubor o escr\u00fapulo.<br \/>\nDesde el presunto anonimato de las redes sociales, o en la plataforma del cinismo, pseudo<br \/>\nperiodistas, \u201cinfluencers\u201d, \u201cgranjas\u201d o generadores de contenido, han ido subiendo el tono de<br \/>\nsus publicaciones sin sustento, con la idea de extorsionar a sus pretendidas v\u00edctimas o<br \/>\ncausarles da\u00f1o, al servicio de terceros.<br \/>\nEl recurso de las notas falsas para la descalificaci\u00f3n pol\u00edtica, ya sabe, fue un invento de los<br \/>\nconservadores, que tuvo su m\u00e1xima expresi\u00f3n en Tamaulipas con el PAN y el exgobernador<br \/>\npr\u00f3fugo, misma que siguen usando de cuando en cuando, aunque hasta ahora no les ha<br \/>\nfuncionado.<br \/>\nDe entre los extorsionadores incrustados en el amplio espectro medi\u00e1tico, de un tiempo ac\u00e1 se<br \/>\nha vuelto lugar com\u00fan el amagar a sus objetivos, con publicaciones de hechos escandalosos,<br \/>\nde intimidad, que afecten a los miembros de su familia y el desempe\u00f1o laboral.<br \/>\nNo son pocas las denuncias que andan las rutas jurisdiccionales, de pol\u00edticos y servidores<br \/>\np\u00fablicos, contra los difamadores, que quieren hacer negocio destruyendo honras y vidas de las<br \/>\nparejas e hijos de quien se les atraves\u00f3 en sus apetitos insatisfechos.<br \/>\nAhora es el caso del Rector de la Universidad Aut\u00f3noma de Tamaulipas, D\u00c1MASO ANAYA, un<br \/>\nhombre de ciencia y academia, de trabajo, familia, sencillez en el trato y humildad, a quien los<br \/>\nperversos y cobardes atacaron, sin pensar en su familia y dem\u00e1s aludidos y aludidas, sin<br \/>\ndeberla ni temerla.<br \/>\nLos intereses pol\u00edticos y econ\u00f3micos que puedan moverse, en la intentona por lastimar la<br \/>\nbuena imagen y el trabajo del Rector ANAYA, no van a alterar el curso de la historia que se<br \/>\nest\u00e1 construyendo en la UAT y en Tamaulipas.<br \/>\nNo obstante, por ese y otros casos, se ha llegado el tiempo de poner un alto a esa pr\u00e1ctica<br \/>\ndenigrante que, mientras llegan las aclaraciones, no deja de producir v\u00edctimas inocentes, que<br \/>\nsufren en sus respectivos entornos y eventualmente, conservan cicatrices perennes.<br \/>\nEs la hora de que los equipos especializados y las polic\u00edas cibern\u00e9ticas hagan su trabajo de<br \/>\nmanera exhaustiva y profesional, para identificar y poner ante las autoridades jurisdiccionales a<br \/>\nlos responsables de estas acciones, a los responsables materiales, a quienes pagan y cobran<br \/>\npor tan nefastos servicios.<br \/>\nAunque, en general, la sociedad tamaulipeca ha sabido identificar y separar los dichos de los<br \/>\nhechos, especialmente en las redes sociales, no se puede seguir permitiendo la impunidad con<br \/>\nque se atacan honras y vidas personales.<br \/>\nEn el nuevo orden del humanismo, la legalidad , el estado de derecho y la opci\u00f3n por los m\u00e1s<br \/>\nvulnerables no cabe m\u00e1s esas formas delictivas de hacer negocio o trascender agrediendo.<\/p>\n<p>Quienes no han entendido el significado y los alcances de la transformaci\u00f3n verdadera m\u00e1s<br \/>\ntemprano que tarde aprender\u00e1n en carne propia. Veremos y Diremos<\/p>\n<\/div>\n<div class=\"post-tags-box\">\n<ul class=\"tags-box\">\n<li><i class=\"fa fa-tags\"><\/i>Etiquetas:<\/li>\n<\/ul>\n<\/div>\n","protected":false},"excerpt":{"rendered":"<p>Como partidos pol\u00edticos se dicen propulsores de la democracia, las libertades y los derechos humanos; como individuos se proclaman difusores de la verdad y los derechos ciudadanos, pero del dicho al hecho, hay mucho trecho. Ante la falta de talentos, capacidades, esfuerzos, se ha desarrollado un grupo de sujetos anodinos que han asaltado la opini\u00f3n [&hellip;]<\/p>\n","protected":false},"author":1,"featured_media":212000,"comment_status":"closed","ping_status":"closed","sticky":false,"template":"","format":"standard","meta":{"footnotes":""},"categories":[16],"tags":[],"class_list":["post-213032","post","type-post","status-publish","format-standard","has-post-thumbnail","hentry","category-opinion"],"_links":{"self":[{"href":"https:\/\/www.elsinodaldetamaulipas.com.mx\/index.php?rest_route=\/wp\/v2\/posts\/213032","targetHints":{"allow":["GET"]}}],"collection":[{"href":"https:\/\/www.elsinodaldetamaulipas.com.mx\/index.php?rest_route=\/wp\/v2\/posts"}],"about":[{"href":"https:\/\/www.elsinodaldetamaulipas.com.mx\/index.php?rest_route=\/wp\/v2\/types\/post"}],"author":[{"embeddable":true,"href":"https:\/\/www.elsinodaldetamaulipas.com.mx\/index.php?rest_route=\/wp\/v2\/users\/1"}],"replies":[{"embeddable":true,"href":"https:\/\/www.elsinodaldetamaulipas.com.mx\/index.php?rest_route=%2Fwp%2Fv2%2Fcomments&post=213032"}],"version-history":[{"count":1,"href":"https:\/\/www.elsinodaldetamaulipas.com.mx\/index.php?rest_route=\/wp\/v2\/posts\/213032\/revisions"}],"predecessor-version":[{"id":213042,"href":"https:\/\/www.elsinodaldetamaulipas.com.mx\/index.php?rest_route=\/wp\/v2\/posts\/213032\/revisions\/213042"}],"wp:featuredmedia":[{"embeddable":true,"href":"https:\/\/www.elsinodaldetamaulipas.com.mx\/index.php?rest_route=\/wp\/v2\/media\/212000"}],"wp:attachment":[{"href":"https:\/\/www.elsinodaldetamaulipas.com.mx\/index.php?rest_route=%2Fwp%2Fv2%2Fmedia&parent=213032"}],"wp:term":[{"taxonomy":"category","embeddable":true,"href":"https:\/\/www.elsinodaldetamaulipas.com.mx\/index.php?rest_route=%2Fwp%2Fv2%2Fcategories&post=213032"},{"taxonomy":"post_tag","embeddable":true,"href":"https:\/\/www.elsinodaldetamaulipas.com.mx\/index.php?rest_route=%2Fwp%2Fv2%2Ftags&post=213032"}],"curies":[{"name":"wp","href":"https:\/\/api.w.org\/{rel}","templated":true}]}}