{"id":213037,"date":"2025-10-15T18:46:44","date_gmt":"2025-10-15T22:46:44","guid":{"rendered":"https:\/\/www.elsinodaldetamaulipas.com.mx\/?p=213037"},"modified":"2025-10-15T18:51:14","modified_gmt":"2025-10-15T22:51:14","slug":"quietos-barbajanes","status":"publish","type":"post","link":"https:\/\/www.elsinodaldetamaulipas.com.mx\/?p=213037","title":{"rendered":"QUIETOS BARBAJANES"},"content":{"rendered":"<p>ANECDOTARIO.<br \/>\nPOR JAVIER ROSALES ORTIZ.<br \/>\nAunque parezca tedioso va de nuevo y, porque no, si se sigue lastimando la labor de funcionarios, pol\u00edticos y hasta periodistas, quienes hace algunos a\u00f1os se enfrentaron con decoro a fuere\u00f1os<br \/>\nque se cre\u00edan importados, como si fueran necesarios en ciudad Victoria, capital de Tamaulipas.<br \/>\nSi hablamos de comunicadores, yo fui uno de ellos, porque un sujeto public\u00f3 mi nombre y el de varios periodistas m\u00e1s, quienes seg\u00fan \u00e9l cobr\u00e1bamos cerca de 100 mil pesos mensuales en un<br \/>\nayuntamiento, lo que provoco el recelo entre los compa\u00f1eros, problemas familiares y la lluvia de cobros de deudas principalmente en muebler\u00edas.<br \/>\nEn aquel entonces, hace muchos a\u00f1os, se checaron los antecedentes de ese individuo que se dec\u00eda periodista del mont\u00f3n y su vida era por dem\u00e1s contaminada porque era un vividor de partidos pol\u00edticos y de quien se dejara atrapar en las oficinas o en las calles.<br \/>\nEn aquellos tiempos no hab\u00eda un internet y redes avanzadas como en la actualidad, pero \u00e9l se las ingeniaba para sobrevivir y, bien, denigrando la labor periodista de aquellos que solo por fotograf\u00eda,<br \/>\nconoc\u00eda.<br \/>\nEl enojo de los afectados fue evidente y un periodista que supuestamente cobraba no solo 100, sino 150 mil pesos mensuales, lo responsabilizo de que si algo le pasaba, como un asalto para despojarlo de esa fantasiosa cantidad por parte de quienes a eso se dedican, lo iba a pagar con creces, porque lo que escribi\u00f3 era mentira.<br \/>\nY yo lo vi con c\u00e1mara en mano en el Gimnasio de la UAT y me tomo una fotograf\u00eda a lo lejos, por lo que descend\u00ed r\u00e1pido por las escaleras para alcanzarlo, pero corri\u00f3 y, desapareci\u00f3.<br \/>\nMeses despu\u00e9s alguien me cont\u00f3 que se le vio en un bar de tercera, un lugar donde asesinaron a una persona en plena puerta de entrada.<br \/>\nLo \u00faltimo que se supo de \u00e9l es que enfrentaba seguido problemas con los agentes de tr\u00e1nsito y que a su familia le agradaba agredir a turistas en los lugares bonitos de Tamaulipas, al fin y al cabo que<br \/>\nno era nativo de esta capital.<br \/>\nY esto va porque ahora con el avance tecnol\u00f3gico el rector de la Universidad Aut\u00f3noma de Tamaulipas, D\u00e1maso Anaya Alvarado, enfrenta una situaci\u00f3n similar, ya que en las redes no se agotan de exhibirlo de mala manera, por lo que ya anunci\u00f3 que va a interponer una demanda aqu\u00ed y en el Distrito Federal, para que se localice a los agresores.<br \/>\nSe basa el rector en que esta situaci\u00f3n, esos ataques en su contra y de su familia, ya alcanzaron resonancia a nivel nacional, por eso pedir\u00e1 que se d\u00e9 con quienes a toda costa quieren manchar su<br \/>\nvida y el trabajo que realiza en bien de la comunidad universitaria.<br \/>\nCreo que el rector se demor\u00f3 un poco en reaccionar, porque los ataques no cesan y ahora van en contra de sus colaboradores con asuntos verdaderamente penosos.<br \/>\nY hay m\u00e1s, porque en ocasiones las redes tambi\u00e9n atacan a personajes como el alcalde de Ciudad Victoria, Eduardo Gattas B\u00e1ez, con caricaturas, fotos familiares y acomodadas algunas con la inteligencia artificial, con la que se hace y deshace lo que se quiera.<br \/>\nAmbos se desgastan por cumplir con su trabajo, pero como se dice en el periodismo, una nota o imagen en contra, borra las mil que se publicaron a su favor.<br \/>\nIgual que ellos, otros sufren del mismo dolor, por eso una demanda que va en serio.<br \/>\nInmovilizara a, los barbajanes.<\/p>\n<p>Correo electr\u00f3nico: t\u00e9cnico.lobo1 gmail.com<\/p>\n","protected":false},"excerpt":{"rendered":"<p>ANECDOTARIO. POR JAVIER ROSALES ORTIZ. Aunque parezca tedioso va de nuevo y, porque no, si se sigue lastimando la labor de funcionarios, pol\u00edticos y hasta periodistas, quienes hace algunos a\u00f1os se enfrentaron con decoro a fuere\u00f1os que se cre\u00edan importados, como si fueran necesarios en ciudad Victoria, capital de Tamaulipas. Si hablamos de comunicadores, yo [&hellip;]<\/p>\n","protected":false},"author":1,"featured_media":213038,"comment_status":"closed","ping_status":"closed","sticky":false,"template":"","format":"standard","meta":{"footnotes":""},"categories":[16],"tags":[],"class_list":["post-213037","post","type-post","status-publish","format-standard","has-post-thumbnail","hentry","category-opinion"],"_links":{"self":[{"href":"https:\/\/www.elsinodaldetamaulipas.com.mx\/index.php?rest_route=\/wp\/v2\/posts\/213037","targetHints":{"allow":["GET"]}}],"collection":[{"href":"https:\/\/www.elsinodaldetamaulipas.com.mx\/index.php?rest_route=\/wp\/v2\/posts"}],"about":[{"href":"https:\/\/www.elsinodaldetamaulipas.com.mx\/index.php?rest_route=\/wp\/v2\/types\/post"}],"author":[{"embeddable":true,"href":"https:\/\/www.elsinodaldetamaulipas.com.mx\/index.php?rest_route=\/wp\/v2\/users\/1"}],"replies":[{"embeddable":true,"href":"https:\/\/www.elsinodaldetamaulipas.com.mx\/index.php?rest_route=%2Fwp%2Fv2%2Fcomments&post=213037"}],"version-history":[{"count":3,"href":"https:\/\/www.elsinodaldetamaulipas.com.mx\/index.php?rest_route=\/wp\/v2\/posts\/213037\/revisions"}],"predecessor-version":[{"id":213041,"href":"https:\/\/www.elsinodaldetamaulipas.com.mx\/index.php?rest_route=\/wp\/v2\/posts\/213037\/revisions\/213041"}],"wp:featuredmedia":[{"embeddable":true,"href":"https:\/\/www.elsinodaldetamaulipas.com.mx\/index.php?rest_route=\/wp\/v2\/media\/213038"}],"wp:attachment":[{"href":"https:\/\/www.elsinodaldetamaulipas.com.mx\/index.php?rest_route=%2Fwp%2Fv2%2Fmedia&parent=213037"}],"wp:term":[{"taxonomy":"category","embeddable":true,"href":"https:\/\/www.elsinodaldetamaulipas.com.mx\/index.php?rest_route=%2Fwp%2Fv2%2Fcategories&post=213037"},{"taxonomy":"post_tag","embeddable":true,"href":"https:\/\/www.elsinodaldetamaulipas.com.mx\/index.php?rest_route=%2Fwp%2Fv2%2Ftags&post=213037"}],"curies":[{"name":"wp","href":"https:\/\/api.w.org\/{rel}","templated":true}]}}