{"id":213043,"date":"2025-10-15T19:00:33","date_gmt":"2025-10-15T23:00:33","guid":{"rendered":"https:\/\/www.elsinodaldetamaulipas.com.mx\/?p=213043"},"modified":"2025-10-15T19:00:33","modified_gmt":"2025-10-15T23:00:33","slug":"scjn-ya-conoce-todo-el-corrido-de-cabeza-de-vaca","status":"publish","type":"post","link":"https:\/\/www.elsinodaldetamaulipas.com.mx\/?p=213043","title":{"rendered":"SCJN YA CONOCE TODO EL CORRIDO DE CABEZA DE VACA"},"content":{"rendered":"<p><strong>-La atracci\u00f3n del m\u00e1ximo tribunal ser\u00eda indicio de revivir la orden de arresto<\/strong><\/p>\n<p><strong>-L\u00f3pez Obrador no pudo encarcelar al ex mandatario; \u00bflo har\u00e1 Sheinbaum?<\/strong><\/p>\n<p><strong>-Cabeza de Vaca \u201colvida\u201d los cobros que hac\u00eda por permitir el paso de huachicol<\/strong><\/p>\n<p>H. Matamoros, Tamaulipas.-El simple hecho de que con votaci\u00f3n mayoritaria el pleno de la Suprema Corte de Justicia de la Naci\u00f3n (SCJN) aprobara la atracci\u00f3n del Amparo en Revisi\u00f3n en favor del ex gobernador de Tamaulipas, FRANCISCO JAVIER GARC\u00cdA CABEZA DE VACA, ser\u00eda un indicio de que el gobierno de la Cuarta Transformaci\u00f3n pretende revivir la orden de aprehensi\u00f3n que pesa en su contra.<\/p>\n<p>GARC\u00cdA CABEZA DE VACA es acusado por la Fiscal\u00eda General de la Rep\u00fablica (FGR) por los presuntos delitos de delincuencia organizada y operaciones con recursos de procedencia il\u00edcita, denunciados en su momento por la Unidad de Inteligencia Financiera (UIF).<\/p>\n<p>Sin embargo, bien sea por complicidad, comisi\u00f3n u omisi\u00f3n de jueces y magistrados o bien por irregular integraci\u00f3n de la carpeta de investigaci\u00f3n por parte del Ministerio P\u00fablico de la Federaci\u00f3n, hasta el momento el ex mandatario estatal panista se escuda en una suspensi\u00f3n provisional que mantiene sin efecto la orden de aprehensi\u00f3n.<\/p>\n<p>Tras la Solicitud de Ejercicio de Facultad de Atracci\u00f3n (SEFA) por parte del m\u00e1ximo tribunal en el pa\u00eds, ser\u00e1n los nueve ministros quienes analicen, deliberen y decidan si contin\u00faa o no el ejercicio de acci\u00f3n penal en contra del presunto culpable.<\/p>\n<p>Obviamente, por tratarse de un caso jur\u00eddico matizado con pol\u00edtica han surgido un par de posturas diametralmente opuestas: la oficial que sugiere la acci\u00f3n del reformado Poder Judicial sin vicios ni compromisos, y la persecuci\u00f3n pol\u00edtica que jura y perjura de que es objeto quien encabez\u00f3 los \u201cvientos del cambio\u201d en Tamaulipas durante el pasado sexenio.<\/p>\n<p>Como es del dominio p\u00fablico, FRANCISCO JAVIER GARC\u00cdA CABEZA DE VACA, amparado por el fuero local, decidi\u00f3 autoexiliarse en los Estados Unidos desde d\u00edas antes de que concluyera su mandato constitucional, aprovechando las ventajas de su doble nacionalidad.<\/p>\n<p>Desde entonces, el gobernador panista que se confront\u00f3 con el poder presidencial del anterior sexenio asegura que \u201csoy un perseguido pol\u00edtico de Morena y L\u00f3pez Obrador por no haberme sometido a su pol\u00edtica autoritaria y por haber destapado la cloaca de la red criminal, corrupci\u00f3n y complicidad pol\u00edtica m\u00e1s grande en la historia de M\u00e9xico: el huachicol fiscal.<\/p>\n<p>Asimismo, cabe se\u00f1alar que el panista sali\u00f3 bien librado del embate del ex presidente ANDR\u00c9S MANUEL L\u00d3PEZ OBRADOR y su deseo de encarcelarlo, mediante una serie de gestiones jur\u00eddicas que, incluso, hicieron ver mal al Poder Judicial de la Federaci\u00f3n ante las discrepancias de criterios de jueces y magistrados que otorgaban y suspend\u00edan la orden de aprehensi\u00f3n girada en su contra, lo que podr\u00eda equipararse a un laberinto de resoluciones contradictorias.<\/p>\n<p>Veamos:<\/p>\n<p>El 4 de octubre de 2022 un juez federal con residencia en Almoloya de Ju\u00e1rez, estado de M\u00e9xico, libr\u00f3 una orden de aprehensi\u00f3n en contra de GARC\u00cdA CABEZA DE VACA solicitada por la Fiscal\u00eda General de la Rep\u00fablica ante la presunci\u00f3n de delitos de delincuencia organizada y operaci\u00f3n con recursos de procedencia il\u00edcita.<\/p>\n<p>El 11 de octubre del mismo a\u00f1o, el entonces gobernador de Tamaulipas promovi\u00f3 un amparo indirecto en los juzgados de distrito en esa entidad federativa ante la supuesta ilegalidad de la orden de arresto.<\/p>\n<p>El 27 de febrero de 2023, el Juzgado Octavo de Distrito concedi\u00f3 la protecci\u00f3n de la justicia federal contra la orden de aprehensi\u00f3n en una primera sentencia de ese \u00f3rgano jurisdiccional, lo cual inconform\u00f3 y motiv\u00f3 el recurso de revisi\u00f3n por parte del Ministerio P\u00fablico Federal.<\/p>\n<p>El 17 de agosto de 2023, el Primer Tribunal Colegiado del Decimonoveno Circuito revoc\u00f3 la resoluci\u00f3n e instruy\u00f3 al titular del Juzgado Octavo de Distrito a reponer el procedimiento.<\/p>\n<p>El 30 de noviembre de 2023, en acato a la instrucci\u00f3n del Primer Tribunal Colegiado el Juzgado Octavo de Distrito con sede en Tamaulipas, dict\u00f3 una nueva sentencia que concedi\u00f3 el amparo y protecci\u00f3n de la justicia federal al ex mandatario tamaulipeco.<\/p>\n<p>El juzgador consider\u00f3 que el Ministerio P\u00fablico de la Federaci\u00f3n no aport\u00f3 las pruebas suficientes que acreditaran la existencia del delito ni la probable responsabilidad y, adem\u00e1s, que se actu\u00f3 con insuficiencia probatoria.<\/p>\n<p>En consecuencia, se solicit\u00f3 al Juez de Distrito Especializado en el Sistema Penal Acusatorio con residencia en Almoloya de Ju\u00e1rez, estado de M\u00e9xico, que dejara insubsistente la orden de aprehensi\u00f3n en contra de FRANCISCO JAVIER GARC\u00cdA CABEZA DE VACA.<\/p>\n<p>Como es evidente, el \u201cestira y afloja\u201d prevaleci\u00f3 en la \u201cvieja era\u201d del Poder Judicial y tocar\u00e1 a la renovada Suprema Corte de Justicia de la Naci\u00f3n destrabar el tema asociado a la orden de aprehensi\u00f3n que pesa sobre el mexico-estadounidense, CABEZA DE VACA.<\/p>\n<p>DESDE EL BALC\u00d3N:<\/p>\n<p>I.-El ex gobernador de Tamaulipas FRANCISCO JAVIER GARC\u00cdA CABEZA DE VACA \u201colvida\u201d que en el caso del huachicol fiscal tuvo una participaci\u00f3n destacada en materia de complicidad.<\/p>\n<p>Con patrullas y agentes de la polic\u00eda estatal apostados en el Puente Internacional conocido como Los Tomates, verificaban que los autotanques con huachicol pagaran su \u201cderecho de paso\u201d, recursos que, obviamente, no pasaron por la hacienda estatal.<\/p>\n<p>Respecto a que, si es perseguido pol\u00edtico o no, eso lo determinaran las autoridades judiciales.<\/p>\n<p>Y hasta la pr\u00f3xima.<\/p>\n<p><a href=\"mailto:mariodiaz27@prodigy.net.mx\" target=\"_blank\" rel=\"noreferrer noopener\">mariodiaz27@prodigy.net.mx<\/a><\/p>\n","protected":false},"excerpt":{"rendered":"<p>-La atracci\u00f3n del m\u00e1ximo tribunal ser\u00eda indicio de revivir la orden de arresto -L\u00f3pez Obrador no pudo encarcelar al ex mandatario; \u00bflo har\u00e1 Sheinbaum? -Cabeza de Vaca \u201colvida\u201d los cobros que hac\u00eda por permitir el paso de huachicol H. Matamoros, Tamaulipas.-El simple hecho de que con votaci\u00f3n mayoritaria el pleno de la Suprema Corte de [&hellip;]<\/p>\n","protected":false},"author":1,"featured_media":212099,"comment_status":"closed","ping_status":"closed","sticky":false,"template":"","format":"standard","meta":{"footnotes":""},"categories":[16],"tags":[],"class_list":["post-213043","post","type-post","status-publish","format-standard","has-post-thumbnail","hentry","category-opinion"],"_links":{"self":[{"href":"https:\/\/www.elsinodaldetamaulipas.com.mx\/index.php?rest_route=\/wp\/v2\/posts\/213043","targetHints":{"allow":["GET"]}}],"collection":[{"href":"https:\/\/www.elsinodaldetamaulipas.com.mx\/index.php?rest_route=\/wp\/v2\/posts"}],"about":[{"href":"https:\/\/www.elsinodaldetamaulipas.com.mx\/index.php?rest_route=\/wp\/v2\/types\/post"}],"author":[{"embeddable":true,"href":"https:\/\/www.elsinodaldetamaulipas.com.mx\/index.php?rest_route=\/wp\/v2\/users\/1"}],"replies":[{"embeddable":true,"href":"https:\/\/www.elsinodaldetamaulipas.com.mx\/index.php?rest_route=%2Fwp%2Fv2%2Fcomments&post=213043"}],"version-history":[{"count":1,"href":"https:\/\/www.elsinodaldetamaulipas.com.mx\/index.php?rest_route=\/wp\/v2\/posts\/213043\/revisions"}],"predecessor-version":[{"id":213044,"href":"https:\/\/www.elsinodaldetamaulipas.com.mx\/index.php?rest_route=\/wp\/v2\/posts\/213043\/revisions\/213044"}],"wp:featuredmedia":[{"embeddable":true,"href":"https:\/\/www.elsinodaldetamaulipas.com.mx\/index.php?rest_route=\/wp\/v2\/media\/212099"}],"wp:attachment":[{"href":"https:\/\/www.elsinodaldetamaulipas.com.mx\/index.php?rest_route=%2Fwp%2Fv2%2Fmedia&parent=213043"}],"wp:term":[{"taxonomy":"category","embeddable":true,"href":"https:\/\/www.elsinodaldetamaulipas.com.mx\/index.php?rest_route=%2Fwp%2Fv2%2Fcategories&post=213043"},{"taxonomy":"post_tag","embeddable":true,"href":"https:\/\/www.elsinodaldetamaulipas.com.mx\/index.php?rest_route=%2Fwp%2Fv2%2Ftags&post=213043"}],"curies":[{"name":"wp","href":"https:\/\/api.w.org\/{rel}","templated":true}]}}